{"id":1488,"date":"2016-07-15T19:57:37","date_gmt":"2016-07-15T19:57:37","guid":{"rendered":"http:\/\/alvaralice.org\/en\/?p=1488"},"modified":"2024-11-18T22:05:30","modified_gmt":"2024-11-18T22:05:30","slug":"2010","status":"publish","type":"post","link":"https:\/\/alvaralice.org\/en\/time-line\/2010\/","title":{"rendered":"2010"},"content":{"rendered":"<p>[vc_row][vc_column][vc_column_text]The <strong>Foundation leads a private-public alliance to build Tecnocentro Cultural Somos Pac\u00edfico<\/strong> (we are the Pacific Cultural Technocenter). The national opening ceremony was held at the Palacio de Nari\u00f1o, presidential residence and office of the executive branch of government.[\/vc_column_text][\/vc_column][\/vc_row]<\/p>\n","protected":false},"excerpt":{"rendered":"<p>[vc_row][vc_column][vc_column_text]The Foundation leads a private-public alliance to build Tecnocentro Cultural Somos Pac\u00edfico (we are the Pacific Cultural Technocenter). The national opening ceremony was held at the Palacio de Nari\u00f1o, presidential residence and office of the executive branch of government.[\/vc_column_text][\/vc_column][\/vc_row]<\/p>\n","protected":false},"author":2,"featured_media":3765,"comment_status":"open","ping_status":"open","sticky":false,"template":"","format":"standard","meta":{"footnotes":""},"categories":[40],"tags":[],"class_list":["post-1488","post","type-post","status-publish","format-standard","has-post-thumbnail","hentry","category-time-line"],"acf":[],"yoast_head":"<!-- This site is optimized with the Yoast SEO Premium plugin v20.8 (Yoast SEO v20.8) - https:\/\/yoast.com\/wordpress\/plugins\/seo\/ -->\n<title>2010 - Foundation Alvaralice<\/title>\n<meta name=\"robots\" content=\"index, follow, max-snippet:-1, max-image-preview:large, max-video-preview:-1\" \/>\n<link rel=\"canonical\" href=\"https:\/\/alvaralice.org\/en\/time-line\/2010\/\" \/>\n<meta property=\"og:locale\" content=\"en_US\" \/>\n<meta property=\"og:type\" content=\"article\" \/>\n<meta property=\"og:title\" content=\"2010\" \/>\n<meta property=\"og:description\" content=\"[vc_row][vc_column][vc_column_text]The Foundation leads a private-public alliance to build Tecnocentro Cultural Somos Pac\u00edfico (we are the Pacific Cultural Technocenter). The national opening ceremony was held at the Palacio de Nari\u00f1o, presidential residence and office of the executive branch of government.[\/vc_column_text][\/vc_column][\/vc_row]\" \/>\n<meta property=\"og:url\" content=\"https:\/\/alvaralice.org\/en\/time-line\/2010\/\" \/>\n<meta property=\"og:site_name\" content=\"Foundation Alvaralice\" \/>\n<meta property=\"article:published_time\" content=\"2016-07-15T19:57:37+00:00\" \/>\n<meta property=\"article:modified_time\" content=\"2024-11-18T22:05:30+00:00\" \/>\n<meta property=\"og:image\" content=\"https:\/\/alvaralice.org\/wp-content\/uploads\/sites\/2\/2016\/07\/2010.jpg\" \/>\n\t<meta property=\"og:image:width\" content=\"1200\" \/>\n\t<meta property=\"og:image:height\" content=\"628\" \/>\n\t<meta property=\"og:image:type\" content=\"image\/jpeg\" \/>\n<meta name=\"author\" content=\"gerson valencia\" \/>\n<meta name=\"twitter:card\" content=\"summary_large_image\" \/>\n<meta name=\"twitter:label1\" content=\"Written by\" \/>\n\t<meta name=\"twitter:data1\" content=\"gerson valencia\" \/>\n<script type=\"application\/ld+json\" class=\"yoast-schema-graph\">{\"@context\":\"https:\/\/schema.org\",\"@graph\":[{\"@type\":\"WebPage\",\"@id\":\"https:\/\/alvaralice.org\/en\/time-line\/2010\/\",\"url\":\"https:\/\/alvaralice.org\/en\/time-line\/2010\/\",\"name\":\"2010 - Foundation Alvaralice\",\"isPartOf\":{\"@id\":\"https:\/\/alvaralice.org\/en\/#website\"},\"datePublished\":\"2016-07-15T19:57:37+00:00\",\"dateModified\":\"2024-11-18T22:05:30+00:00\",\"author\":{\"@id\":\"https:\/\/alvaralice.org\/en\/#\/schema\/person\/06ba0a05c28eef125e2d5b431fbdc175\"},\"breadcrumb\":{\"@id\":\"https:\/\/alvaralice.org\/en\/time-line\/2010\/#breadcrumb\"},\"inLanguage\":\"en-US\",\"potentialAction\":[{\"@type\":\"ReadAction\",\"target\":[\"https:\/\/alvaralice.org\/en\/time-line\/2010\/\"]}]},{\"@type\":\"BreadcrumbList\",\"@id\":\"https:\/\/alvaralice.org\/en\/time-line\/2010\/#breadcrumb\",\"itemListElement\":[{\"@type\":\"ListItem\",\"position\":1,\"name\":\"Home\",\"item\":\"https:\/\/alvaralice.org\/en\/\"},{\"@type\":\"ListItem\",\"position\":2,\"name\":\"2010\"}]},{\"@type\":\"WebSite\",\"@id\":\"https:\/\/alvaralice.org\/en\/#website\",\"url\":\"https:\/\/alvaralice.org\/en\/\",\"name\":\"Foundation Alvaralice\",\"description\":\"La Fundaci\u00f3n Alvaralice es una entidad de car\u00e1cter privado, sin \u00e1nimo de lucro, creada en el 2003 en Cali\",\"potentialAction\":[{\"@type\":\"SearchAction\",\"target\":{\"@type\":\"EntryPoint\",\"urlTemplate\":\"https:\/\/alvaralice.org\/en\/?s={search_term_string}\"},\"query-input\":\"required name=search_term_string\"}],\"inLanguage\":\"en-US\"},{\"@type\":\"Person\",\"@id\":\"https:\/\/alvaralice.org\/en\/#\/schema\/person\/06ba0a05c28eef125e2d5b431fbdc175\",\"name\":\"gerson valencia\",\"image\":{\"@type\":\"ImageObject\",\"inLanguage\":\"en-US\",\"@id\":\"https:\/\/alvaralice.org\/en\/#\/schema\/person\/image\/\",\"url\":\"https:\/\/secure.gravatar.com\/avatar\/79f7dca26b28be8c5537f66a49dee9f5?s=96&d=mm&r=g\",\"contentUrl\":\"https:\/\/secure.gravatar.com\/avatar\/79f7dca26b28be8c5537f66a49dee9f5?s=96&d=mm&r=g\",\"caption\":\"gerson valencia\"},\"url\":\"https:\/\/alvaralice.org\/en\/author\/gerson-mindsas\/\"}]}<\/script>\n<!-- \/ Yoast SEO Premium plugin. -->","yoast_head_json":{"title":"2010 - Foundation Alvaralice","robots":{"index":"index","follow":"follow","max-snippet":"max-snippet:-1","max-image-preview":"max-image-preview:large","max-video-preview":"max-video-preview:-1"},"canonical":"https:\/\/alvaralice.org\/en\/time-line\/2010\/","og_locale":"en_US","og_type":"article","og_title":"2010","og_description":"[vc_row][vc_column][vc_column_text]The Foundation leads a private-public alliance to build Tecnocentro Cultural Somos Pac\u00edfico (we are the Pacific Cultural Technocenter). The national opening ceremony was held at the Palacio de Nari\u00f1o, presidential residence and office of the executive branch of government.[\/vc_column_text][\/vc_column][\/vc_row]","og_url":"https:\/\/alvaralice.org\/en\/time-line\/2010\/","og_site_name":"Foundation Alvaralice","article_published_time":"2016-07-15T19:57:37+00:00","article_modified_time":"2024-11-18T22:05:30+00:00","og_image":[{"width":1200,"height":628,"url":"https:\/\/alvaralice.org\/wp-content\/uploads\/sites\/2\/2016\/07\/2010.jpg","type":"image\/jpeg"}],"author":"gerson valencia","twitter_card":"summary_large_image","twitter_misc":{"Written by":"gerson valencia"},"schema":{"@context":"https:\/\/schema.org","@graph":[{"@type":"WebPage","@id":"https:\/\/alvaralice.org\/en\/time-line\/2010\/","url":"https:\/\/alvaralice.org\/en\/time-line\/2010\/","name":"2010 - Foundation Alvaralice","isPartOf":{"@id":"https:\/\/alvaralice.org\/en\/#website"},"datePublished":"2016-07-15T19:57:37+00:00","dateModified":"2024-11-18T22:05:30+00:00","author":{"@id":"https:\/\/alvaralice.org\/en\/#\/schema\/person\/06ba0a05c28eef125e2d5b431fbdc175"},"breadcrumb":{"@id":"https:\/\/alvaralice.org\/en\/time-line\/2010\/#breadcrumb"},"inLanguage":"en-US","potentialAction":[{"@type":"ReadAction","target":["https:\/\/alvaralice.org\/en\/time-line\/2010\/"]}]},{"@type":"BreadcrumbList","@id":"https:\/\/alvaralice.org\/en\/time-line\/2010\/#breadcrumb","itemListElement":[{"@type":"ListItem","position":1,"name":"Home","item":"https:\/\/alvaralice.org\/en\/"},{"@type":"ListItem","position":2,"name":"2010"}]},{"@type":"WebSite","@id":"https:\/\/alvaralice.org\/en\/#website","url":"https:\/\/alvaralice.org\/en\/","name":"Foundation Alvaralice","description":"La Fundaci\u00f3n Alvaralice es una entidad de car\u00e1cter privado, sin \u00e1nimo de lucro, creada en el 2003 en Cali","potentialAction":[{"@type":"SearchAction","target":{"@type":"EntryPoint","urlTemplate":"https:\/\/alvaralice.org\/en\/?s={search_term_string}"},"query-input":"required name=search_term_string"}],"inLanguage":"en-US"},{"@type":"Person","@id":"https:\/\/alvaralice.org\/en\/#\/schema\/person\/06ba0a05c28eef125e2d5b431fbdc175","name":"gerson valencia","image":{"@type":"ImageObject","inLanguage":"en-US","@id":"https:\/\/alvaralice.org\/en\/#\/schema\/person\/image\/","url":"https:\/\/secure.gravatar.com\/avatar\/79f7dca26b28be8c5537f66a49dee9f5?s=96&d=mm&r=g","contentUrl":"https:\/\/secure.gravatar.com\/avatar\/79f7dca26b28be8c5537f66a49dee9f5?s=96&d=mm&r=g","caption":"gerson valencia"},"url":"https:\/\/alvaralice.org\/en\/author\/gerson-mindsas\/"}]}},"_links":{"self":[{"href":"https:\/\/alvaralice.org\/en\/wp-json\/wp\/v2\/posts\/1488","targetHints":{"allow":["GET"]}}],"collection":[{"href":"https:\/\/alvaralice.org\/en\/wp-json\/wp\/v2\/posts"}],"about":[{"href":"https:\/\/alvaralice.org\/en\/wp-json\/wp\/v2\/types\/post"}],"author":[{"embeddable":true,"href":"https:\/\/alvaralice.org\/en\/wp-json\/wp\/v2\/users\/2"}],"replies":[{"embeddable":true,"href":"https:\/\/alvaralice.org\/en\/wp-json\/wp\/v2\/comments?post=1488"}],"version-history":[{"count":3,"href":"https:\/\/alvaralice.org\/en\/wp-json\/wp\/v2\/posts\/1488\/revisions"}],"predecessor-version":[{"id":3770,"href":"https:\/\/alvaralice.org\/en\/wp-json\/wp\/v2\/posts\/1488\/revisions\/3770"}],"wp:featuredmedia":[{"embeddable":true,"href":"https:\/\/alvaralice.org\/en\/wp-json\/wp\/v2\/media\/3765"}],"wp:attachment":[{"href":"https:\/\/alvaralice.org\/en\/wp-json\/wp\/v2\/media?parent=1488"}],"wp:term":[{"taxonomy":"category","embeddable":true,"href":"https:\/\/alvaralice.org\/en\/wp-json\/wp\/v2\/categories?post=1488"},{"taxonomy":"post_tag","embeddable":true,"href":"https:\/\/alvaralice.org\/en\/wp-json\/wp\/v2\/tags?post=1488"}],"curies":[{"name":"wp","href":"https:\/\/api.w.org\/{rel}","templated":true}]}}