{"id":1826,"date":"2016-05-20T17:08:39","date_gmt":"2016-05-20T17:08:39","guid":{"rendered":"http:\/\/alvaralice.org\/en\/?p=1826"},"modified":"2016-09-26T22:31:18","modified_gmt":"2016-09-26T22:31:18","slug":"resultado-piloto-rumbo-joven","status":"publish","type":"post","link":"https:\/\/alvaralice.org\/en\/news\/resultado-piloto-rumbo-joven\/","title":{"rendered":"Resultado Piloto Rumbo Joven"},"content":{"rendered":"<p>[vc_row][vc_column][vc_video link=&#8221;https:\/\/www.youtube.com\/watch?v=10kQGL6oeuQ&#8221; align=&#8221;center&#8221;][vc_column_text]<\/p>\n<p dir=\"ltr\">Este video es una muestra de los exitosos resultados obtenidos durante el 2015 en el programa de empleabilidad Rumbo Joven, el cual ofrece formaci\u00f3n en competencias para la vida a \u00a0j\u00f3venes, todos bachilleres entre los 18 y 28 a\u00f1os de edad en situaciones de pobreza, exclusi\u00f3n, desplazamiento, desescolarizaci\u00f3n y en alto riesgo de ser vinculados por las bandas criminales urbanas; en el marco de una estrategia de inserci\u00f3n laboral orientada a ampliar las oportunidades y capacidades para el trabajo digno.<\/p>\n<p>El programa de empleabilidad fue una transferencia del modelo metodol\u00f3gico de la Fundaci\u00f3n SES de Argentina, aprobado y adaptado a la comuna 21 de Cali. El que en su momento se llevo a cabo por las alianzas de la Fundaci\u00f3n Alvaralice, el Tecnocentro Cultural Somos Pac\u00edfico, Comfandi, el BID, la fundaci\u00f3n SES \u00a0y Tinker. Actualmente funciona gracias al apoyo de la Fundaci\u00f3n Alvaralice, el Tecnocentro Cultural Somos Pac\u00edfico, Comfandi y la Fundaci\u00f3n Bolivar Davivienda quienes han hecho posible que estos j\u00f3venes inicien su proceso de formaci\u00f3n, con el fin de mejorar sus condiciones socioecon\u00f3micas y las de su entorno.[\/vc_column_text][\/vc_column][\/vc_row]<\/p>\n","protected":false},"excerpt":{"rendered":"<p>[vc_row][vc_column][vc_video link=&#8221;https:\/\/www.youtube.com\/watch?v=10kQGL6oeuQ&#8221; align=&#8221;center&#8221;][vc_column_text] Este video es una muestra de los exitosos resultados obtenidos durante el 2015 en el programa de empleabilidad Rumbo Joven, el cual ofrece formaci\u00f3n en competencias para la vida a \u00a0j\u00f3venes, todos bachilleres entre los 18 y 28 a\u00f1os de edad en situaciones de pobreza, exclusi\u00f3n, desplazamiento, desescolarizaci\u00f3n y en alto riesgo [&hellip;]<\/p>\n","protected":false},"author":1,"featured_media":1827,"comment_status":"open","ping_status":"open","sticky":false,"template":"","format":"standard","meta":{"footnotes":""},"categories":[3],"tags":[],"class_list":["post-1826","post","type-post","status-publish","format-standard","has-post-thumbnail","hentry","category-news"],"acf":[],"yoast_head":"<!-- This site is optimized with the Yoast SEO Premium plugin v20.8 (Yoast SEO v20.8) - https:\/\/yoast.com\/wordpress\/plugins\/seo\/ -->\n<title>Resultado Piloto Rumbo Joven - Foundation Alvaralice<\/title>\n<meta name=\"robots\" content=\"index, follow, max-snippet:-1, max-image-preview:large, max-video-preview:-1\" \/>\n<link rel=\"canonical\" href=\"https:\/\/alvaralice.org\/en\/news\/resultado-piloto-rumbo-joven\/\" \/>\n<meta property=\"og:locale\" content=\"en_US\" \/>\n<meta property=\"og:type\" content=\"article\" \/>\n<meta property=\"og:title\" content=\"Resultado Piloto Rumbo Joven\" \/>\n<meta property=\"og:description\" content=\"[vc_row][vc_column][vc_video link=&#8221;https:\/\/www.youtube.com\/watch?v=10kQGL6oeuQ&#8221; align=&#8221;center&#8221;][vc_column_text] Este video es una muestra de los exitosos resultados obtenidos durante el 2015 en el programa de empleabilidad Rumbo Joven, el cual ofrece formaci\u00f3n en competencias para la vida a \u00a0j\u00f3venes, todos bachilleres entre los 18 y 28 a\u00f1os de edad en situaciones de pobreza, exclusi\u00f3n, desplazamiento, desescolarizaci\u00f3n y en alto riesgo [&hellip;]\" \/>\n<meta property=\"og:url\" content=\"https:\/\/alvaralice.org\/en\/news\/resultado-piloto-rumbo-joven\/\" \/>\n<meta property=\"og:site_name\" content=\"Foundation Alvaralice\" \/>\n<meta property=\"article:published_time\" content=\"2016-05-20T17:08:39+00:00\" \/>\n<meta property=\"article:modified_time\" content=\"2016-09-26T22:31:18+00:00\" \/>\n<meta property=\"og:image\" content=\"https:\/\/alvaralice.org\/wp-content\/uploads\/sites\/2\/2016\/09\/POST-151228-100929Sin-t\u00edtulo-2.jpg\" \/>\n\t<meta property=\"og:image:width\" content=\"500\" \/>\n\t<meta property=\"og:image:height\" content=\"277\" \/>\n\t<meta property=\"og:image:type\" content=\"image\/jpeg\" \/>\n<meta name=\"author\" content=\"webmaster\" \/>\n<meta name=\"twitter:card\" content=\"summary_large_image\" \/>\n<meta name=\"twitter:label1\" content=\"Written by\" \/>\n\t<meta name=\"twitter:data1\" content=\"webmaster\" \/>\n\t<meta name=\"twitter:label2\" content=\"Est. reading time\" \/>\n\t<meta name=\"twitter:data2\" content=\"1 minute\" \/>\n<script type=\"application\/ld+json\" class=\"yoast-schema-graph\">{\"@context\":\"https:\/\/schema.org\",\"@graph\":[{\"@type\":\"WebPage\",\"@id\":\"https:\/\/alvaralice.org\/en\/news\/resultado-piloto-rumbo-joven\/\",\"url\":\"https:\/\/alvaralice.org\/en\/news\/resultado-piloto-rumbo-joven\/\",\"name\":\"Resultado Piloto Rumbo Joven - Foundation Alvaralice\",\"isPartOf\":{\"@id\":\"https:\/\/alvaralice.org\/en\/#website\"},\"datePublished\":\"2016-05-20T17:08:39+00:00\",\"dateModified\":\"2016-09-26T22:31:18+00:00\",\"author\":{\"@id\":\"https:\/\/alvaralice.org\/en\/#\/schema\/person\/5cf4244819020231d315646bab5cb909\"},\"breadcrumb\":{\"@id\":\"https:\/\/alvaralice.org\/en\/news\/resultado-piloto-rumbo-joven\/#breadcrumb\"},\"inLanguage\":\"en-US\",\"potentialAction\":[{\"@type\":\"ReadAction\",\"target\":[\"https:\/\/alvaralice.org\/en\/news\/resultado-piloto-rumbo-joven\/\"]}]},{\"@type\":\"BreadcrumbList\",\"@id\":\"https:\/\/alvaralice.org\/en\/news\/resultado-piloto-rumbo-joven\/#breadcrumb\",\"itemListElement\":[{\"@type\":\"ListItem\",\"position\":1,\"name\":\"Home\",\"item\":\"https:\/\/alvaralice.org\/en\/\"},{\"@type\":\"ListItem\",\"position\":2,\"name\":\"Resultado Piloto Rumbo Joven\"}]},{\"@type\":\"WebSite\",\"@id\":\"https:\/\/alvaralice.org\/en\/#website\",\"url\":\"https:\/\/alvaralice.org\/en\/\",\"name\":\"Foundation Alvaralice\",\"description\":\"La Fundaci\u00f3n Alvaralice es una entidad de car\u00e1cter privado, sin \u00e1nimo de lucro, creada en el 2003 en Cali\",\"potentialAction\":[{\"@type\":\"SearchAction\",\"target\":{\"@type\":\"EntryPoint\",\"urlTemplate\":\"https:\/\/alvaralice.org\/en\/?s={search_term_string}\"},\"query-input\":\"required name=search_term_string\"}],\"inLanguage\":\"en-US\"},{\"@type\":\"Person\",\"@id\":\"https:\/\/alvaralice.org\/en\/#\/schema\/person\/5cf4244819020231d315646bab5cb909\",\"name\":\"webmaster\",\"image\":{\"@type\":\"ImageObject\",\"inLanguage\":\"en-US\",\"@id\":\"https:\/\/alvaralice.org\/en\/#\/schema\/person\/image\/\",\"url\":\"https:\/\/secure.gravatar.com\/avatar\/715e4b0d466276944458f831874125d0?s=96&d=mm&r=g\",\"contentUrl\":\"https:\/\/secure.gravatar.com\/avatar\/715e4b0d466276944458f831874125d0?s=96&d=mm&r=g\",\"caption\":\"webmaster\"},\"url\":\"https:\/\/alvaralice.org\/en\/author\/webmaster\/\"}]}<\/script>\n<!-- \/ Yoast SEO Premium plugin. -->","yoast_head_json":{"title":"Resultado Piloto Rumbo Joven - Foundation Alvaralice","robots":{"index":"index","follow":"follow","max-snippet":"max-snippet:-1","max-image-preview":"max-image-preview:large","max-video-preview":"max-video-preview:-1"},"canonical":"https:\/\/alvaralice.org\/en\/news\/resultado-piloto-rumbo-joven\/","og_locale":"en_US","og_type":"article","og_title":"Resultado Piloto Rumbo Joven","og_description":"[vc_row][vc_column][vc_video link=&#8221;https:\/\/www.youtube.com\/watch?v=10kQGL6oeuQ&#8221; align=&#8221;center&#8221;][vc_column_text] Este video es una muestra de los exitosos resultados obtenidos durante el 2015 en el programa de empleabilidad Rumbo Joven, el cual ofrece formaci\u00f3n en competencias para la vida a \u00a0j\u00f3venes, todos bachilleres entre los 18 y 28 a\u00f1os de edad en situaciones de pobreza, exclusi\u00f3n, desplazamiento, desescolarizaci\u00f3n y en alto riesgo [&hellip;]","og_url":"https:\/\/alvaralice.org\/en\/news\/resultado-piloto-rumbo-joven\/","og_site_name":"Foundation Alvaralice","article_published_time":"2016-05-20T17:08:39+00:00","article_modified_time":"2016-09-26T22:31:18+00:00","og_image":[{"width":500,"height":277,"url":"https:\/\/alvaralice.org\/wp-content\/uploads\/sites\/2\/2016\/09\/POST-151228-100929Sin-t\u00edtulo-2.jpg","type":"image\/jpeg"}],"author":"webmaster","twitter_card":"summary_large_image","twitter_misc":{"Written by":"webmaster","Est. reading time":"1 minute"},"schema":{"@context":"https:\/\/schema.org","@graph":[{"@type":"WebPage","@id":"https:\/\/alvaralice.org\/en\/news\/resultado-piloto-rumbo-joven\/","url":"https:\/\/alvaralice.org\/en\/news\/resultado-piloto-rumbo-joven\/","name":"Resultado Piloto Rumbo Joven - Foundation Alvaralice","isPartOf":{"@id":"https:\/\/alvaralice.org\/en\/#website"},"datePublished":"2016-05-20T17:08:39+00:00","dateModified":"2016-09-26T22:31:18+00:00","author":{"@id":"https:\/\/alvaralice.org\/en\/#\/schema\/person\/5cf4244819020231d315646bab5cb909"},"breadcrumb":{"@id":"https:\/\/alvaralice.org\/en\/news\/resultado-piloto-rumbo-joven\/#breadcrumb"},"inLanguage":"en-US","potentialAction":[{"@type":"ReadAction","target":["https:\/\/alvaralice.org\/en\/news\/resultado-piloto-rumbo-joven\/"]}]},{"@type":"BreadcrumbList","@id":"https:\/\/alvaralice.org\/en\/news\/resultado-piloto-rumbo-joven\/#breadcrumb","itemListElement":[{"@type":"ListItem","position":1,"name":"Home","item":"https:\/\/alvaralice.org\/en\/"},{"@type":"ListItem","position":2,"name":"Resultado Piloto Rumbo Joven"}]},{"@type":"WebSite","@id":"https:\/\/alvaralice.org\/en\/#website","url":"https:\/\/alvaralice.org\/en\/","name":"Foundation Alvaralice","description":"La Fundaci\u00f3n Alvaralice es una entidad de car\u00e1cter privado, sin \u00e1nimo de lucro, creada en el 2003 en Cali","potentialAction":[{"@type":"SearchAction","target":{"@type":"EntryPoint","urlTemplate":"https:\/\/alvaralice.org\/en\/?s={search_term_string}"},"query-input":"required name=search_term_string"}],"inLanguage":"en-US"},{"@type":"Person","@id":"https:\/\/alvaralice.org\/en\/#\/schema\/person\/5cf4244819020231d315646bab5cb909","name":"webmaster","image":{"@type":"ImageObject","inLanguage":"en-US","@id":"https:\/\/alvaralice.org\/en\/#\/schema\/person\/image\/","url":"https:\/\/secure.gravatar.com\/avatar\/715e4b0d466276944458f831874125d0?s=96&d=mm&r=g","contentUrl":"https:\/\/secure.gravatar.com\/avatar\/715e4b0d466276944458f831874125d0?s=96&d=mm&r=g","caption":"webmaster"},"url":"https:\/\/alvaralice.org\/en\/author\/webmaster\/"}]}},"_links":{"self":[{"href":"https:\/\/alvaralice.org\/en\/wp-json\/wp\/v2\/posts\/1826","targetHints":{"allow":["GET"]}}],"collection":[{"href":"https:\/\/alvaralice.org\/en\/wp-json\/wp\/v2\/posts"}],"about":[{"href":"https:\/\/alvaralice.org\/en\/wp-json\/wp\/v2\/types\/post"}],"author":[{"embeddable":true,"href":"https:\/\/alvaralice.org\/en\/wp-json\/wp\/v2\/users\/1"}],"replies":[{"embeddable":true,"href":"https:\/\/alvaralice.org\/en\/wp-json\/wp\/v2\/comments?post=1826"}],"version-history":[{"count":1,"href":"https:\/\/alvaralice.org\/en\/wp-json\/wp\/v2\/posts\/1826\/revisions"}],"predecessor-version":[{"id":1854,"href":"https:\/\/alvaralice.org\/en\/wp-json\/wp\/v2\/posts\/1826\/revisions\/1854"}],"wp:featuredmedia":[{"embeddable":true,"href":"https:\/\/alvaralice.org\/en\/wp-json\/wp\/v2\/media\/1827"}],"wp:attachment":[{"href":"https:\/\/alvaralice.org\/en\/wp-json\/wp\/v2\/media?parent=1826"}],"wp:term":[{"taxonomy":"category","embeddable":true,"href":"https:\/\/alvaralice.org\/en\/wp-json\/wp\/v2\/categories?post=1826"},{"taxonomy":"post_tag","embeddable":true,"href":"https:\/\/alvaralice.org\/en\/wp-json\/wp\/v2\/tags?post=1826"}],"curies":[{"name":"wp","href":"https:\/\/api.w.org\/{rel}","templated":true}]}}