{"id":2028,"date":"2017-03-27T17:23:55","date_gmt":"2017-03-27T17:23:55","guid":{"rendered":"http:\/\/alvaralice.org\/en\/?p=2028"},"modified":"2017-09-08T14:03:27","modified_gmt":"2017-09-08T14:03:27","slug":"cali-go-socialize-citizen-perception-survery-2016","status":"publish","type":"post","link":"https:\/\/alvaralice.org\/en\/news\/cali-go-socialize-citizen-perception-survery-2016\/","title":{"rendered":"Cali, How are we doing? socialization of  the 2016 citizen perception survery"},"content":{"rendered":"<p>The Alvaralice Foundation, together with the Chamber of Commerce of Cali, Chamber of Commerce of Bogot\u00e1, El Pa\u00eds, El Tiempo, Corona Foundation, Universidad Aut\u00f3nomade Occidente and Universidad Javeriana as partners in the Cali Como Vamos program invites you to the presentation of the Citizen perception survey 2016 that will be held next Thursday, April 6 at 9:00 am in the main auditorium of the Cali Chamber of Commerce.<\/p>\n<p>To know more information <a href=\"https:\/\/l.facebook.com\/l.php?u=http%3A%2F%2Fwww.calicomovamos.org.co%2Fquienessomos&amp;h=ATOud1Fm0yQv6UZ7PalJGjaoyKizqfiTEbE1KN9GOL-spppRWOL5bfm2FSwt30c9YX27L0SLZYJeiGzsm6qhnWY6qsZq5neFkfRhiairMS-AHEb4OybP186OeTzyBjZDBgubMSZpiaY\" target=\"_blank\" rel=\"nofollow noopener\">http:\/\/www.calicomovamos.org.co\/quienessomos<\/a><\/p>\n","protected":false},"excerpt":{"rendered":"<p>The Alvaralice Foundation, together with the Chamber of Commerce of Cali, Chamber of Commerce of Bogot\u00e1, El Pa\u00eds, El Tiempo, Corona Foundation, Universidad Aut\u00f3nomade Occidente and Universidad Javeriana as partners in the Cali Como Vamos program invites you to the presentation of the Citizen perception survey 2016 that will be held next Thursday, April 6 [&hellip;]<\/p>\n","protected":false},"author":3,"featured_media":2029,"comment_status":"open","ping_status":"open","sticky":false,"template":"","format":"standard","meta":{"footnotes":""},"categories":[3],"tags":[],"class_list":["post-2028","post","type-post","status-publish","format-standard","has-post-thumbnail","hentry","category-news"],"acf":[],"yoast_head":"<!-- This site is optimized with the Yoast SEO Premium plugin v20.8 (Yoast SEO v20.8) - https:\/\/yoast.com\/wordpress\/plugins\/seo\/ -->\n<title>Cali, How are we doing? socialization of the 2016 citizen perception survery - Foundation Alvaralice<\/title>\n<meta name=\"robots\" content=\"index, follow, max-snippet:-1, max-image-preview:large, max-video-preview:-1\" \/>\n<link rel=\"canonical\" href=\"https:\/\/alvaralice.org\/en\/news\/cali-go-socialize-citizen-perception-survery-2016\/\" \/>\n<meta property=\"og:locale\" content=\"en_US\" \/>\n<meta property=\"og:type\" content=\"article\" \/>\n<meta property=\"og:title\" content=\"Cali, How are we doing? socialization of the 2016 citizen perception survery\" \/>\n<meta property=\"og:description\" content=\"The Alvaralice Foundation, together with the Chamber of Commerce of Cali, Chamber of Commerce of Bogot\u00e1, El Pa\u00eds, El Tiempo, Corona Foundation, Universidad Aut\u00f3nomade Occidente and Universidad Javeriana as partners in the Cali Como Vamos program invites you to the presentation of the Citizen perception survey 2016 that will be held next Thursday, April 6 [&hellip;]\" \/>\n<meta property=\"og:url\" content=\"https:\/\/alvaralice.org\/en\/news\/cali-go-socialize-citizen-perception-survery-2016\/\" \/>\n<meta property=\"og:site_name\" content=\"Foundation Alvaralice\" \/>\n<meta property=\"article:published_time\" content=\"2017-03-27T17:23:55+00:00\" \/>\n<meta property=\"article:modified_time\" content=\"2017-09-08T14:03:27+00:00\" \/>\n<meta property=\"og:image\" content=\"https:\/\/alvaralice.org\/wp-content\/uploads\/sites\/2\/2017\/05\/invitaci\u00f3n.jpg\" \/>\n\t<meta property=\"og:image:width\" content=\"800\" \/>\n\t<meta property=\"og:image:height\" content=\"870\" \/>\n\t<meta property=\"og:image:type\" content=\"image\/jpeg\" \/>\n<meta name=\"author\" content=\"alvaralice\" \/>\n<meta name=\"twitter:card\" content=\"summary_large_image\" \/>\n<meta name=\"twitter:label1\" content=\"Written by\" \/>\n\t<meta name=\"twitter:data1\" content=\"alvaralice\" \/>\n<script type=\"application\/ld+json\" class=\"yoast-schema-graph\">{\"@context\":\"https:\/\/schema.org\",\"@graph\":[{\"@type\":\"WebPage\",\"@id\":\"https:\/\/alvaralice.org\/en\/news\/cali-go-socialize-citizen-perception-survery-2016\/\",\"url\":\"https:\/\/alvaralice.org\/en\/news\/cali-go-socialize-citizen-perception-survery-2016\/\",\"name\":\"Cali, How are we doing? socialization of the 2016 citizen perception survery - Foundation Alvaralice\",\"isPartOf\":{\"@id\":\"https:\/\/alvaralice.org\/en\/#website\"},\"datePublished\":\"2017-03-27T17:23:55+00:00\",\"dateModified\":\"2017-09-08T14:03:27+00:00\",\"author\":{\"@id\":\"https:\/\/alvaralice.org\/en\/#\/schema\/person\/75e5ffc1c0b995deaaa8bd021dfabd2f\"},\"breadcrumb\":{\"@id\":\"https:\/\/alvaralice.org\/en\/news\/cali-go-socialize-citizen-perception-survery-2016\/#breadcrumb\"},\"inLanguage\":\"en-US\",\"potentialAction\":[{\"@type\":\"ReadAction\",\"target\":[\"https:\/\/alvaralice.org\/en\/news\/cali-go-socialize-citizen-perception-survery-2016\/\"]}]},{\"@type\":\"BreadcrumbList\",\"@id\":\"https:\/\/alvaralice.org\/en\/news\/cali-go-socialize-citizen-perception-survery-2016\/#breadcrumb\",\"itemListElement\":[{\"@type\":\"ListItem\",\"position\":1,\"name\":\"Home\",\"item\":\"https:\/\/alvaralice.org\/en\/\"},{\"@type\":\"ListItem\",\"position\":2,\"name\":\"Cali, How are we doing? socialization of the 2016 citizen perception survery\"}]},{\"@type\":\"WebSite\",\"@id\":\"https:\/\/alvaralice.org\/en\/#website\",\"url\":\"https:\/\/alvaralice.org\/en\/\",\"name\":\"Foundation Alvaralice\",\"description\":\"La Fundaci\u00f3n Alvaralice es una entidad de car\u00e1cter privado, sin \u00e1nimo de lucro, creada en el 2003 en Cali\",\"potentialAction\":[{\"@type\":\"SearchAction\",\"target\":{\"@type\":\"EntryPoint\",\"urlTemplate\":\"https:\/\/alvaralice.org\/en\/?s={search_term_string}\"},\"query-input\":\"required name=search_term_string\"}],\"inLanguage\":\"en-US\"},{\"@type\":\"Person\",\"@id\":\"https:\/\/alvaralice.org\/en\/#\/schema\/person\/75e5ffc1c0b995deaaa8bd021dfabd2f\",\"name\":\"alvaralice\",\"image\":{\"@type\":\"ImageObject\",\"inLanguage\":\"en-US\",\"@id\":\"https:\/\/alvaralice.org\/en\/#\/schema\/person\/image\/\",\"url\":\"https:\/\/secure.gravatar.com\/avatar\/7bbb218fe2ca7d93c0d52f3eadd6e2c4?s=96&d=mm&r=g\",\"contentUrl\":\"https:\/\/secure.gravatar.com\/avatar\/7bbb218fe2ca7d93c0d52f3eadd6e2c4?s=96&d=mm&r=g\",\"caption\":\"alvaralice\"},\"url\":\"https:\/\/alvaralice.org\/en\/author\/alvaralice\/\"}]}<\/script>\n<!-- \/ Yoast SEO Premium plugin. -->","yoast_head_json":{"title":"Cali, How are we doing? socialization of the 2016 citizen perception survery - Foundation Alvaralice","robots":{"index":"index","follow":"follow","max-snippet":"max-snippet:-1","max-image-preview":"max-image-preview:large","max-video-preview":"max-video-preview:-1"},"canonical":"https:\/\/alvaralice.org\/en\/news\/cali-go-socialize-citizen-perception-survery-2016\/","og_locale":"en_US","og_type":"article","og_title":"Cali, How are we doing? socialization of the 2016 citizen perception survery","og_description":"The Alvaralice Foundation, together with the Chamber of Commerce of Cali, Chamber of Commerce of Bogot\u00e1, El Pa\u00eds, El Tiempo, Corona Foundation, Universidad Aut\u00f3nomade Occidente and Universidad Javeriana as partners in the Cali Como Vamos program invites you to the presentation of the Citizen perception survey 2016 that will be held next Thursday, April 6 [&hellip;]","og_url":"https:\/\/alvaralice.org\/en\/news\/cali-go-socialize-citizen-perception-survery-2016\/","og_site_name":"Foundation Alvaralice","article_published_time":"2017-03-27T17:23:55+00:00","article_modified_time":"2017-09-08T14:03:27+00:00","og_image":[{"width":800,"height":870,"url":"https:\/\/alvaralice.org\/wp-content\/uploads\/sites\/2\/2017\/05\/invitaci\u00f3n.jpg","type":"image\/jpeg"}],"author":"alvaralice","twitter_card":"summary_large_image","twitter_misc":{"Written by":"alvaralice"},"schema":{"@context":"https:\/\/schema.org","@graph":[{"@type":"WebPage","@id":"https:\/\/alvaralice.org\/en\/news\/cali-go-socialize-citizen-perception-survery-2016\/","url":"https:\/\/alvaralice.org\/en\/news\/cali-go-socialize-citizen-perception-survery-2016\/","name":"Cali, How are we doing? socialization of the 2016 citizen perception survery - Foundation Alvaralice","isPartOf":{"@id":"https:\/\/alvaralice.org\/en\/#website"},"datePublished":"2017-03-27T17:23:55+00:00","dateModified":"2017-09-08T14:03:27+00:00","author":{"@id":"https:\/\/alvaralice.org\/en\/#\/schema\/person\/75e5ffc1c0b995deaaa8bd021dfabd2f"},"breadcrumb":{"@id":"https:\/\/alvaralice.org\/en\/news\/cali-go-socialize-citizen-perception-survery-2016\/#breadcrumb"},"inLanguage":"en-US","potentialAction":[{"@type":"ReadAction","target":["https:\/\/alvaralice.org\/en\/news\/cali-go-socialize-citizen-perception-survery-2016\/"]}]},{"@type":"BreadcrumbList","@id":"https:\/\/alvaralice.org\/en\/news\/cali-go-socialize-citizen-perception-survery-2016\/#breadcrumb","itemListElement":[{"@type":"ListItem","position":1,"name":"Home","item":"https:\/\/alvaralice.org\/en\/"},{"@type":"ListItem","position":2,"name":"Cali, How are we doing? socialization of the 2016 citizen perception survery"}]},{"@type":"WebSite","@id":"https:\/\/alvaralice.org\/en\/#website","url":"https:\/\/alvaralice.org\/en\/","name":"Foundation Alvaralice","description":"La Fundaci\u00f3n Alvaralice es una entidad de car\u00e1cter privado, sin \u00e1nimo de lucro, creada en el 2003 en Cali","potentialAction":[{"@type":"SearchAction","target":{"@type":"EntryPoint","urlTemplate":"https:\/\/alvaralice.org\/en\/?s={search_term_string}"},"query-input":"required name=search_term_string"}],"inLanguage":"en-US"},{"@type":"Person","@id":"https:\/\/alvaralice.org\/en\/#\/schema\/person\/75e5ffc1c0b995deaaa8bd021dfabd2f","name":"alvaralice","image":{"@type":"ImageObject","inLanguage":"en-US","@id":"https:\/\/alvaralice.org\/en\/#\/schema\/person\/image\/","url":"https:\/\/secure.gravatar.com\/avatar\/7bbb218fe2ca7d93c0d52f3eadd6e2c4?s=96&d=mm&r=g","contentUrl":"https:\/\/secure.gravatar.com\/avatar\/7bbb218fe2ca7d93c0d52f3eadd6e2c4?s=96&d=mm&r=g","caption":"alvaralice"},"url":"https:\/\/alvaralice.org\/en\/author\/alvaralice\/"}]}},"_links":{"self":[{"href":"https:\/\/alvaralice.org\/en\/wp-json\/wp\/v2\/posts\/2028","targetHints":{"allow":["GET"]}}],"collection":[{"href":"https:\/\/alvaralice.org\/en\/wp-json\/wp\/v2\/posts"}],"about":[{"href":"https:\/\/alvaralice.org\/en\/wp-json\/wp\/v2\/types\/post"}],"author":[{"embeddable":true,"href":"https:\/\/alvaralice.org\/en\/wp-json\/wp\/v2\/users\/3"}],"replies":[{"embeddable":true,"href":"https:\/\/alvaralice.org\/en\/wp-json\/wp\/v2\/comments?post=2028"}],"version-history":[{"count":5,"href":"https:\/\/alvaralice.org\/en\/wp-json\/wp\/v2\/posts\/2028\/revisions"}],"predecessor-version":[{"id":2192,"href":"https:\/\/alvaralice.org\/en\/wp-json\/wp\/v2\/posts\/2028\/revisions\/2192"}],"wp:featuredmedia":[{"embeddable":true,"href":"https:\/\/alvaralice.org\/en\/wp-json\/wp\/v2\/media\/2029"}],"wp:attachment":[{"href":"https:\/\/alvaralice.org\/en\/wp-json\/wp\/v2\/media?parent=2028"}],"wp:term":[{"taxonomy":"category","embeddable":true,"href":"https:\/\/alvaralice.org\/en\/wp-json\/wp\/v2\/categories?post=2028"},{"taxonomy":"post_tag","embeddable":true,"href":"https:\/\/alvaralice.org\/en\/wp-json\/wp\/v2\/tags?post=2028"}],"curies":[{"name":"wp","href":"https:\/\/api.w.org\/{rel}","templated":true}]}}