{"id":2124,"date":"2017-05-19T11:32:38","date_gmt":"2017-05-19T11:32:38","guid":{"rendered":"http:\/\/alvaralice.org\/en\/?p=2124"},"modified":"2017-05-19T11:38:46","modified_gmt":"2017-05-19T11:38:46","slug":"open-house-friends-club-somos-pacifico-2","status":"publish","type":"post","link":"https:\/\/alvaralice.org\/en\/multimedia\/open-house-friends-club-somos-pacifico-2\/","title":{"rendered":"Open House of the Friends Club of Somos Pac\u00edfico"},"content":{"rendered":"<p>[vc_row][vc_column][vc_gallery type=&#8221;image_grid&#8221; images=&#8221;2125,2127,2126,2136,2135,2132,2134,2130,2131,2133,2129,2128&#8243; img_size=&#8221;cat-thumb&#8221; onclick=&#8221;img_link_large&#8221;][\/vc_column][\/vc_row]<\/p>\n","protected":false},"excerpt":{"rendered":"<p>[vc_row][vc_column][vc_gallery type=&#8221;image_grid&#8221; images=&#8221;2125,2127,2126,2136,2135,2132,2134,2130,2131,2133,2129,2128&#8243; img_size=&#8221;cat-thumb&#8221; onclick=&#8221;img_link_large&#8221;][\/vc_column][\/vc_row]<\/p>\n","protected":false},"author":3,"featured_media":2130,"comment_status":"open","ping_status":"open","sticky":false,"template":"","format":"standard","meta":{"footnotes":""},"categories":[21,22],"tags":[],"class_list":["post-2124","post","type-post","status-publish","format-standard","has-post-thumbnail","hentry","category-multimedia","category-photo-gallery"],"acf":[],"yoast_head":"<!-- This site is optimized with the Yoast SEO Premium plugin v20.8 (Yoast SEO v20.8) - https:\/\/yoast.com\/wordpress\/plugins\/seo\/ -->\n<title>Open House of the Friends Club of Somos Pac\u00edfico - Foundation Alvaralice<\/title>\n<meta name=\"robots\" content=\"index, follow, max-snippet:-1, max-image-preview:large, max-video-preview:-1\" \/>\n<link rel=\"canonical\" href=\"https:\/\/alvaralice.org\/en\/multimedia\/open-house-friends-club-somos-pacifico-2\/\" \/>\n<meta property=\"og:locale\" content=\"en_US\" \/>\n<meta property=\"og:type\" content=\"article\" \/>\n<meta property=\"og:title\" content=\"Open House of the Friends Club of Somos Pac\u00edfico\" \/>\n<meta property=\"og:description\" content=\"[vc_row][vc_column][vc_gallery type=&#8221;image_grid&#8221; images=&#8221;2125,2127,2126,2136,2135,2132,2134,2130,2131,2133,2129,2128&#8243; img_size=&#8221;cat-thumb&#8221; onclick=&#8221;img_link_large&#8221;][\/vc_column][\/vc_row]\" \/>\n<meta property=\"og:url\" content=\"https:\/\/alvaralice.org\/en\/multimedia\/open-house-friends-club-somos-pacifico-2\/\" \/>\n<meta property=\"og:site_name\" content=\"Foundation Alvaralice\" \/>\n<meta property=\"article:published_time\" content=\"2017-05-19T11:32:38+00:00\" \/>\n<meta property=\"article:modified_time\" content=\"2017-05-19T11:38:46+00:00\" \/>\n<meta property=\"og:image\" content=\"https:\/\/alvaralice.org\/wp-content\/uploads\/sites\/2\/2017\/05\/IMG_0491.jpg\" \/>\n\t<meta property=\"og:image:width\" content=\"800\" \/>\n\t<meta property=\"og:image:height\" content=\"533\" \/>\n\t<meta property=\"og:image:type\" content=\"image\/jpeg\" \/>\n<meta name=\"author\" content=\"alvaralice\" \/>\n<meta name=\"twitter:card\" content=\"summary_large_image\" \/>\n<meta name=\"twitter:label1\" content=\"Written by\" \/>\n\t<meta name=\"twitter:data1\" content=\"alvaralice\" \/>\n<script type=\"application\/ld+json\" class=\"yoast-schema-graph\">{\"@context\":\"https:\/\/schema.org\",\"@graph\":[{\"@type\":\"WebPage\",\"@id\":\"https:\/\/alvaralice.org\/en\/multimedia\/open-house-friends-club-somos-pacifico-2\/\",\"url\":\"https:\/\/alvaralice.org\/en\/multimedia\/open-house-friends-club-somos-pacifico-2\/\",\"name\":\"Open House of the Friends Club of Somos Pac\u00edfico - Foundation Alvaralice\",\"isPartOf\":{\"@id\":\"https:\/\/alvaralice.org\/en\/#website\"},\"datePublished\":\"2017-05-19T11:32:38+00:00\",\"dateModified\":\"2017-05-19T11:38:46+00:00\",\"author\":{\"@id\":\"https:\/\/alvaralice.org\/en\/#\/schema\/person\/75e5ffc1c0b995deaaa8bd021dfabd2f\"},\"breadcrumb\":{\"@id\":\"https:\/\/alvaralice.org\/en\/multimedia\/open-house-friends-club-somos-pacifico-2\/#breadcrumb\"},\"inLanguage\":\"en-US\",\"potentialAction\":[{\"@type\":\"ReadAction\",\"target\":[\"https:\/\/alvaralice.org\/en\/multimedia\/open-house-friends-club-somos-pacifico-2\/\"]}]},{\"@type\":\"BreadcrumbList\",\"@id\":\"https:\/\/alvaralice.org\/en\/multimedia\/open-house-friends-club-somos-pacifico-2\/#breadcrumb\",\"itemListElement\":[{\"@type\":\"ListItem\",\"position\":1,\"name\":\"Home\",\"item\":\"https:\/\/alvaralice.org\/en\/\"},{\"@type\":\"ListItem\",\"position\":2,\"name\":\"Open House of the Friends Club of Somos Pac\u00edfico\"}]},{\"@type\":\"WebSite\",\"@id\":\"https:\/\/alvaralice.org\/en\/#website\",\"url\":\"https:\/\/alvaralice.org\/en\/\",\"name\":\"Foundation Alvaralice\",\"description\":\"La Fundaci\u00f3n Alvaralice es una entidad de car\u00e1cter privado, sin \u00e1nimo de lucro, creada en el 2003 en Cali\",\"potentialAction\":[{\"@type\":\"SearchAction\",\"target\":{\"@type\":\"EntryPoint\",\"urlTemplate\":\"https:\/\/alvaralice.org\/en\/?s={search_term_string}\"},\"query-input\":\"required name=search_term_string\"}],\"inLanguage\":\"en-US\"},{\"@type\":\"Person\",\"@id\":\"https:\/\/alvaralice.org\/en\/#\/schema\/person\/75e5ffc1c0b995deaaa8bd021dfabd2f\",\"name\":\"alvaralice\",\"image\":{\"@type\":\"ImageObject\",\"inLanguage\":\"en-US\",\"@id\":\"https:\/\/alvaralice.org\/en\/#\/schema\/person\/image\/\",\"url\":\"https:\/\/secure.gravatar.com\/avatar\/7bbb218fe2ca7d93c0d52f3eadd6e2c4?s=96&d=mm&r=g\",\"contentUrl\":\"https:\/\/secure.gravatar.com\/avatar\/7bbb218fe2ca7d93c0d52f3eadd6e2c4?s=96&d=mm&r=g\",\"caption\":\"alvaralice\"},\"url\":\"https:\/\/alvaralice.org\/en\/author\/alvaralice\/\"}]}<\/script>\n<!-- \/ Yoast SEO Premium plugin. -->","yoast_head_json":{"title":"Open House of the Friends Club of Somos Pac\u00edfico - Foundation Alvaralice","robots":{"index":"index","follow":"follow","max-snippet":"max-snippet:-1","max-image-preview":"max-image-preview:large","max-video-preview":"max-video-preview:-1"},"canonical":"https:\/\/alvaralice.org\/en\/multimedia\/open-house-friends-club-somos-pacifico-2\/","og_locale":"en_US","og_type":"article","og_title":"Open House of the Friends Club of Somos Pac\u00edfico","og_description":"[vc_row][vc_column][vc_gallery type=&#8221;image_grid&#8221; images=&#8221;2125,2127,2126,2136,2135,2132,2134,2130,2131,2133,2129,2128&#8243; img_size=&#8221;cat-thumb&#8221; onclick=&#8221;img_link_large&#8221;][\/vc_column][\/vc_row]","og_url":"https:\/\/alvaralice.org\/en\/multimedia\/open-house-friends-club-somos-pacifico-2\/","og_site_name":"Foundation Alvaralice","article_published_time":"2017-05-19T11:32:38+00:00","article_modified_time":"2017-05-19T11:38:46+00:00","og_image":[{"width":800,"height":533,"url":"https:\/\/alvaralice.org\/wp-content\/uploads\/sites\/2\/2017\/05\/IMG_0491.jpg","type":"image\/jpeg"}],"author":"alvaralice","twitter_card":"summary_large_image","twitter_misc":{"Written by":"alvaralice"},"schema":{"@context":"https:\/\/schema.org","@graph":[{"@type":"WebPage","@id":"https:\/\/alvaralice.org\/en\/multimedia\/open-house-friends-club-somos-pacifico-2\/","url":"https:\/\/alvaralice.org\/en\/multimedia\/open-house-friends-club-somos-pacifico-2\/","name":"Open House of the Friends Club of Somos Pac\u00edfico - Foundation Alvaralice","isPartOf":{"@id":"https:\/\/alvaralice.org\/en\/#website"},"datePublished":"2017-05-19T11:32:38+00:00","dateModified":"2017-05-19T11:38:46+00:00","author":{"@id":"https:\/\/alvaralice.org\/en\/#\/schema\/person\/75e5ffc1c0b995deaaa8bd021dfabd2f"},"breadcrumb":{"@id":"https:\/\/alvaralice.org\/en\/multimedia\/open-house-friends-club-somos-pacifico-2\/#breadcrumb"},"inLanguage":"en-US","potentialAction":[{"@type":"ReadAction","target":["https:\/\/alvaralice.org\/en\/multimedia\/open-house-friends-club-somos-pacifico-2\/"]}]},{"@type":"BreadcrumbList","@id":"https:\/\/alvaralice.org\/en\/multimedia\/open-house-friends-club-somos-pacifico-2\/#breadcrumb","itemListElement":[{"@type":"ListItem","position":1,"name":"Home","item":"https:\/\/alvaralice.org\/en\/"},{"@type":"ListItem","position":2,"name":"Open House of the Friends Club of Somos Pac\u00edfico"}]},{"@type":"WebSite","@id":"https:\/\/alvaralice.org\/en\/#website","url":"https:\/\/alvaralice.org\/en\/","name":"Foundation Alvaralice","description":"La Fundaci\u00f3n Alvaralice es una entidad de car\u00e1cter privado, sin \u00e1nimo de lucro, creada en el 2003 en Cali","potentialAction":[{"@type":"SearchAction","target":{"@type":"EntryPoint","urlTemplate":"https:\/\/alvaralice.org\/en\/?s={search_term_string}"},"query-input":"required name=search_term_string"}],"inLanguage":"en-US"},{"@type":"Person","@id":"https:\/\/alvaralice.org\/en\/#\/schema\/person\/75e5ffc1c0b995deaaa8bd021dfabd2f","name":"alvaralice","image":{"@type":"ImageObject","inLanguage":"en-US","@id":"https:\/\/alvaralice.org\/en\/#\/schema\/person\/image\/","url":"https:\/\/secure.gravatar.com\/avatar\/7bbb218fe2ca7d93c0d52f3eadd6e2c4?s=96&d=mm&r=g","contentUrl":"https:\/\/secure.gravatar.com\/avatar\/7bbb218fe2ca7d93c0d52f3eadd6e2c4?s=96&d=mm&r=g","caption":"alvaralice"},"url":"https:\/\/alvaralice.org\/en\/author\/alvaralice\/"}]}},"_links":{"self":[{"href":"https:\/\/alvaralice.org\/en\/wp-json\/wp\/v2\/posts\/2124","targetHints":{"allow":["GET"]}}],"collection":[{"href":"https:\/\/alvaralice.org\/en\/wp-json\/wp\/v2\/posts"}],"about":[{"href":"https:\/\/alvaralice.org\/en\/wp-json\/wp\/v2\/types\/post"}],"author":[{"embeddable":true,"href":"https:\/\/alvaralice.org\/en\/wp-json\/wp\/v2\/users\/3"}],"replies":[{"embeddable":true,"href":"https:\/\/alvaralice.org\/en\/wp-json\/wp\/v2\/comments?post=2124"}],"version-history":[{"count":1,"href":"https:\/\/alvaralice.org\/en\/wp-json\/wp\/v2\/posts\/2124\/revisions"}],"predecessor-version":[{"id":2137,"href":"https:\/\/alvaralice.org\/en\/wp-json\/wp\/v2\/posts\/2124\/revisions\/2137"}],"wp:featuredmedia":[{"embeddable":true,"href":"https:\/\/alvaralice.org\/en\/wp-json\/wp\/v2\/media\/2130"}],"wp:attachment":[{"href":"https:\/\/alvaralice.org\/en\/wp-json\/wp\/v2\/media?parent=2124"}],"wp:term":[{"taxonomy":"category","embeddable":true,"href":"https:\/\/alvaralice.org\/en\/wp-json\/wp\/v2\/categories?post=2124"},{"taxonomy":"post_tag","embeddable":true,"href":"https:\/\/alvaralice.org\/en\/wp-json\/wp\/v2\/tags?post=2124"}],"curies":[{"name":"wp","href":"https:\/\/api.w.org\/{rel}","templated":true}]}}