{"id":2303,"date":"2018-04-12T03:19:09","date_gmt":"2018-04-12T03:19:09","guid":{"rendered":"http:\/\/alvaralice.org\/en\/?p=2303"},"modified":"2018-04-18T03:23:32","modified_gmt":"2018-04-18T03:23:32","slug":"launch-of-the-new-seven-seven-fashion-collection-for-the-benefit-of-the-tecnocentro-cultural-somos-pacifico","status":"publish","type":"post","link":"https:\/\/alvaralice.org\/en\/news\/launch-of-the-new-seven-seven-fashion-collection-for-the-benefit-of-the-tecnocentro-cultural-somos-pacifico\/","title":{"rendered":"Launch of the new Seven &#8211; Seven fashion collection for the benefit of the Tecnocentro Cultural Somos Pac\u00edfico"},"content":{"rendered":"<p>[vc_row][vc_column][vc_column_text]The new Seven-Seven clothing line designed by Goyo, the famous vocalist of the musical group <a href=\"https:\/\/alvaralice.us12.list-manage.com\/track\/click?u=0e01f980aa20e30fe3271b24f&amp;id=4830ce53b8&amp;e=6c550fae6d\">ChocQuibTown<\/a>, has been a success. A T-shirt from her collection was designed to contribute a percentage of its sales to the<a href=\"https:\/\/alvaralice.us12.list-manage.com\/track\/click?u=0e01f980aa20e30fe3271b24f&amp;id=aead595a22&amp;e=6c550fae6d\" target=\"_blank\" rel=\"noopener\"><em>Tecnocentro Cultural Somos Pac\u00edfico<\/em><\/a>\u00a0 to help its sustainability \u00a0since it is going through a difficult financial period.<\/p>\n<p><a href=\"https:\/\/alvaralice.us12.list-manage.com\/track\/click?u=0e01f980aa20e30fe3271b24f&amp;id=36f2bfde29&amp;e=6c550fae6d\">Creo Consulting<\/a>,\u00a0rallied to help by seeking the support and generosity of <a href=\"https:\/\/alvaralice.us12.list-manage.com\/track\/click?u=0e01f980aa20e30fe3271b24f&amp;id=e569cec8b7&amp;e=6c550fae6d\">Seven Seven<\/a>, <a href=\"https:\/\/alvaralice.us12.list-manage.com\/track\/click?u=0e01f980aa20e30fe3271b24f&amp;id=446e05ea94&amp;e=6c550fae6d\">ChocQuibTown<\/a> and the department store Falabella, to launch this collection in Bogot\u00e1 and Cali to benefit this important initiative. On April 12<sup>th<\/sup>\u00a0the collection was launched in Cali at the Seven Seven store in the Jardin Plaza shopping mall.\u00a0In attendance were the <a href=\"https:\/\/alvaralice.us12.list-manage.com\/track\/click?u=0e01f980aa20e30fe3271b24f&amp;id=92d7276ff3&amp;e=6c550fae6d\">ChocQuibTown<\/a> artists, Goyo, Tostao and Slow, the Somos Pac\u00edfico\u2019s young salsa dancers, the musical group Kilele, as well numerous guests and the general public.<\/p>\n<p><a href=\"https:\/\/alvaralice.us12.list-manage.com\/track\/click?u=0e01f980aa20e30fe3271b24f&amp;id=93f011a737&amp;e=6c550fae6d\">Seven Seven<\/a> also donated to the Tecnocentro 10% of the proceeds of the sales during the event. In addition, the original artwork of the t-shirt, created by the artist <a href=\"https:\/\/alvaralice.us12.list-manage.com\/track\/click?u=0e01f980aa20e30fe3271b24f&amp;id=aeb7f3c83e&amp;e=6c550fae6d\">Minizuka<\/a>, was\u00a0 auctioned off for the benefit of Somos Pac\u00edfico.<\/p>\n<p>To see images \u00a0of the launch of the <a href=\"https:\/\/alvaralice.us12.list-manage.com\/track\/click?u=0e01f980aa20e30fe3271b24f&amp;id=28df4642b1&amp;e=6c550fae6d\">ChocQuibTown<\/a> x <a href=\"https:\/\/alvaralice.us12.list-manage.com\/track\/click?u=0e01f980aa20e30fe3271b24f&amp;id=578ae7b022&amp;e=6c550fae6d\">Seven Seven<\/a>n line: a tribute to Choc\u00f3 in the city of Bogot\u00e1 click <a href=\"https:\/\/alvaralice.us12.list-manage.com\/track\/click?u=0e01f980aa20e30fe3271b24f&amp;id=e80826f7f4&amp;e=6c550fae6d\" target=\"_blank\" rel=\"noopener\">here<\/a>.[\/vc_column_text][\/vc_column][\/vc_row][vc_row][vc_column][vc_video link=&#8221;https:\/\/www.youtube.com\/watch?v=B6YWykhPHjc&#8221;][\/vc_column][\/vc_row]<\/p>\n","protected":false},"excerpt":{"rendered":"<p>[vc_row][vc_column][vc_column_text]The new Seven-Seven clothing line designed by Goyo, the famous vocalist of the musical group ChocQuibTown, has been a success. A T-shirt from her collection was designed to contribute a percentage of its sales to theTecnocentro Cultural Somos Pac\u00edfico\u00a0 to help its sustainability \u00a0since it is going through a difficult financial period. Creo Consulting,\u00a0rallied to [&hellip;]<\/p>\n","protected":false},"author":3,"featured_media":2304,"comment_status":"open","ping_status":"open","sticky":false,"template":"","format":"standard","meta":{"footnotes":""},"categories":[3],"tags":[],"class_list":["post-2303","post","type-post","status-publish","format-standard","has-post-thumbnail","hentry","category-news"],"acf":[],"yoast_head":"<!-- This site is optimized with the Yoast SEO Premium plugin v20.8 (Yoast SEO v20.8) - https:\/\/yoast.com\/wordpress\/plugins\/seo\/ -->\n<title>Launch of the new Seven - Seven fashion collection for the benefit of the Tecnocentro Cultural Somos Pac\u00edfico - Foundation Alvaralice<\/title>\n<meta name=\"robots\" content=\"index, follow, max-snippet:-1, max-image-preview:large, max-video-preview:-1\" \/>\n<link rel=\"canonical\" href=\"https:\/\/alvaralice.org\/en\/news\/launch-of-the-new-seven-seven-fashion-collection-for-the-benefit-of-the-tecnocentro-cultural-somos-pacifico\/\" \/>\n<meta property=\"og:locale\" content=\"en_US\" \/>\n<meta property=\"og:type\" content=\"article\" \/>\n<meta property=\"og:title\" content=\"Launch of the new Seven - Seven fashion collection for the benefit of the Tecnocentro Cultural Somos Pac\u00edfico\" \/>\n<meta property=\"og:description\" content=\"[vc_row][vc_column][vc_column_text]The new Seven-Seven clothing line designed by Goyo, the famous vocalist of the musical group ChocQuibTown, has been a success. A T-shirt from her collection was designed to contribute a percentage of its sales to theTecnocentro Cultural Somos Pac\u00edfico\u00a0 to help its sustainability \u00a0since it is going through a difficult financial period. Creo Consulting,\u00a0rallied to [&hellip;]\" \/>\n<meta property=\"og:url\" content=\"https:\/\/alvaralice.org\/en\/news\/launch-of-the-new-seven-seven-fashion-collection-for-the-benefit-of-the-tecnocentro-cultural-somos-pacifico\/\" \/>\n<meta property=\"og:site_name\" content=\"Foundation Alvaralice\" \/>\n<meta property=\"article:published_time\" content=\"2018-04-12T03:19:09+00:00\" \/>\n<meta property=\"article:modified_time\" content=\"2018-04-18T03:23:32+00:00\" \/>\n<meta property=\"og:image\" content=\"https:\/\/alvaralice.org\/wp-content\/uploads\/sites\/2\/2018\/04\/CQT.jpeg\" \/>\n\t<meta property=\"og:image:width\" content=\"1280\" \/>\n\t<meta property=\"og:image:height\" content=\"853\" \/>\n\t<meta property=\"og:image:type\" content=\"image\/jpeg\" \/>\n<meta name=\"author\" content=\"alvaralice\" \/>\n<meta name=\"twitter:card\" content=\"summary_large_image\" \/>\n<meta name=\"twitter:label1\" content=\"Written by\" \/>\n\t<meta name=\"twitter:data1\" content=\"alvaralice\" \/>\n\t<meta name=\"twitter:label2\" content=\"Est. reading time\" \/>\n\t<meta name=\"twitter:data2\" content=\"1 minute\" \/>\n<script type=\"application\/ld+json\" class=\"yoast-schema-graph\">{\"@context\":\"https:\/\/schema.org\",\"@graph\":[{\"@type\":\"WebPage\",\"@id\":\"https:\/\/alvaralice.org\/en\/news\/launch-of-the-new-seven-seven-fashion-collection-for-the-benefit-of-the-tecnocentro-cultural-somos-pacifico\/\",\"url\":\"https:\/\/alvaralice.org\/en\/news\/launch-of-the-new-seven-seven-fashion-collection-for-the-benefit-of-the-tecnocentro-cultural-somos-pacifico\/\",\"name\":\"Launch of the new Seven - Seven fashion collection for the benefit of the Tecnocentro Cultural Somos Pac\u00edfico - Foundation Alvaralice\",\"isPartOf\":{\"@id\":\"https:\/\/alvaralice.org\/en\/#website\"},\"datePublished\":\"2018-04-12T03:19:09+00:00\",\"dateModified\":\"2018-04-18T03:23:32+00:00\",\"author\":{\"@id\":\"https:\/\/alvaralice.org\/en\/#\/schema\/person\/75e5ffc1c0b995deaaa8bd021dfabd2f\"},\"breadcrumb\":{\"@id\":\"https:\/\/alvaralice.org\/en\/news\/launch-of-the-new-seven-seven-fashion-collection-for-the-benefit-of-the-tecnocentro-cultural-somos-pacifico\/#breadcrumb\"},\"inLanguage\":\"en-US\",\"potentialAction\":[{\"@type\":\"ReadAction\",\"target\":[\"https:\/\/alvaralice.org\/en\/news\/launch-of-the-new-seven-seven-fashion-collection-for-the-benefit-of-the-tecnocentro-cultural-somos-pacifico\/\"]}]},{\"@type\":\"BreadcrumbList\",\"@id\":\"https:\/\/alvaralice.org\/en\/news\/launch-of-the-new-seven-seven-fashion-collection-for-the-benefit-of-the-tecnocentro-cultural-somos-pacifico\/#breadcrumb\",\"itemListElement\":[{\"@type\":\"ListItem\",\"position\":1,\"name\":\"Home\",\"item\":\"https:\/\/alvaralice.org\/en\/\"},{\"@type\":\"ListItem\",\"position\":2,\"name\":\"Launch of the new Seven &#8211; Seven fashion collection for the benefit of the Tecnocentro Cultural Somos Pac\u00edfico\"}]},{\"@type\":\"WebSite\",\"@id\":\"https:\/\/alvaralice.org\/en\/#website\",\"url\":\"https:\/\/alvaralice.org\/en\/\",\"name\":\"Foundation Alvaralice\",\"description\":\"La Fundaci\u00f3n Alvaralice es una entidad de car\u00e1cter privado, sin \u00e1nimo de lucro, creada en el 2003 en Cali\",\"potentialAction\":[{\"@type\":\"SearchAction\",\"target\":{\"@type\":\"EntryPoint\",\"urlTemplate\":\"https:\/\/alvaralice.org\/en\/?s={search_term_string}\"},\"query-input\":\"required name=search_term_string\"}],\"inLanguage\":\"en-US\"},{\"@type\":\"Person\",\"@id\":\"https:\/\/alvaralice.org\/en\/#\/schema\/person\/75e5ffc1c0b995deaaa8bd021dfabd2f\",\"name\":\"alvaralice\",\"image\":{\"@type\":\"ImageObject\",\"inLanguage\":\"en-US\",\"@id\":\"https:\/\/alvaralice.org\/en\/#\/schema\/person\/image\/\",\"url\":\"https:\/\/secure.gravatar.com\/avatar\/7bbb218fe2ca7d93c0d52f3eadd6e2c4?s=96&d=mm&r=g\",\"contentUrl\":\"https:\/\/secure.gravatar.com\/avatar\/7bbb218fe2ca7d93c0d52f3eadd6e2c4?s=96&d=mm&r=g\",\"caption\":\"alvaralice\"},\"url\":\"https:\/\/alvaralice.org\/en\/author\/alvaralice\/\"}]}<\/script>\n<!-- \/ Yoast SEO Premium plugin. -->","yoast_head_json":{"title":"Launch of the new Seven - Seven fashion collection for the benefit of the Tecnocentro Cultural Somos Pac\u00edfico - Foundation Alvaralice","robots":{"index":"index","follow":"follow","max-snippet":"max-snippet:-1","max-image-preview":"max-image-preview:large","max-video-preview":"max-video-preview:-1"},"canonical":"https:\/\/alvaralice.org\/en\/news\/launch-of-the-new-seven-seven-fashion-collection-for-the-benefit-of-the-tecnocentro-cultural-somos-pacifico\/","og_locale":"en_US","og_type":"article","og_title":"Launch of the new Seven - Seven fashion collection for the benefit of the Tecnocentro Cultural Somos Pac\u00edfico","og_description":"[vc_row][vc_column][vc_column_text]The new Seven-Seven clothing line designed by Goyo, the famous vocalist of the musical group ChocQuibTown, has been a success. A T-shirt from her collection was designed to contribute a percentage of its sales to theTecnocentro Cultural Somos Pac\u00edfico\u00a0 to help its sustainability \u00a0since it is going through a difficult financial period. Creo Consulting,\u00a0rallied to [&hellip;]","og_url":"https:\/\/alvaralice.org\/en\/news\/launch-of-the-new-seven-seven-fashion-collection-for-the-benefit-of-the-tecnocentro-cultural-somos-pacifico\/","og_site_name":"Foundation Alvaralice","article_published_time":"2018-04-12T03:19:09+00:00","article_modified_time":"2018-04-18T03:23:32+00:00","og_image":[{"width":1280,"height":853,"url":"https:\/\/alvaralice.org\/wp-content\/uploads\/sites\/2\/2018\/04\/CQT.jpeg","type":"image\/jpeg"}],"author":"alvaralice","twitter_card":"summary_large_image","twitter_misc":{"Written by":"alvaralice","Est. reading time":"1 minute"},"schema":{"@context":"https:\/\/schema.org","@graph":[{"@type":"WebPage","@id":"https:\/\/alvaralice.org\/en\/news\/launch-of-the-new-seven-seven-fashion-collection-for-the-benefit-of-the-tecnocentro-cultural-somos-pacifico\/","url":"https:\/\/alvaralice.org\/en\/news\/launch-of-the-new-seven-seven-fashion-collection-for-the-benefit-of-the-tecnocentro-cultural-somos-pacifico\/","name":"Launch of the new Seven - Seven fashion collection for the benefit of the Tecnocentro Cultural Somos Pac\u00edfico - Foundation Alvaralice","isPartOf":{"@id":"https:\/\/alvaralice.org\/en\/#website"},"datePublished":"2018-04-12T03:19:09+00:00","dateModified":"2018-04-18T03:23:32+00:00","author":{"@id":"https:\/\/alvaralice.org\/en\/#\/schema\/person\/75e5ffc1c0b995deaaa8bd021dfabd2f"},"breadcrumb":{"@id":"https:\/\/alvaralice.org\/en\/news\/launch-of-the-new-seven-seven-fashion-collection-for-the-benefit-of-the-tecnocentro-cultural-somos-pacifico\/#breadcrumb"},"inLanguage":"en-US","potentialAction":[{"@type":"ReadAction","target":["https:\/\/alvaralice.org\/en\/news\/launch-of-the-new-seven-seven-fashion-collection-for-the-benefit-of-the-tecnocentro-cultural-somos-pacifico\/"]}]},{"@type":"BreadcrumbList","@id":"https:\/\/alvaralice.org\/en\/news\/launch-of-the-new-seven-seven-fashion-collection-for-the-benefit-of-the-tecnocentro-cultural-somos-pacifico\/#breadcrumb","itemListElement":[{"@type":"ListItem","position":1,"name":"Home","item":"https:\/\/alvaralice.org\/en\/"},{"@type":"ListItem","position":2,"name":"Launch of the new Seven &#8211; Seven fashion collection for the benefit of the Tecnocentro Cultural Somos Pac\u00edfico"}]},{"@type":"WebSite","@id":"https:\/\/alvaralice.org\/en\/#website","url":"https:\/\/alvaralice.org\/en\/","name":"Foundation Alvaralice","description":"La Fundaci\u00f3n Alvaralice es una entidad de car\u00e1cter privado, sin \u00e1nimo de lucro, creada en el 2003 en Cali","potentialAction":[{"@type":"SearchAction","target":{"@type":"EntryPoint","urlTemplate":"https:\/\/alvaralice.org\/en\/?s={search_term_string}"},"query-input":"required name=search_term_string"}],"inLanguage":"en-US"},{"@type":"Person","@id":"https:\/\/alvaralice.org\/en\/#\/schema\/person\/75e5ffc1c0b995deaaa8bd021dfabd2f","name":"alvaralice","image":{"@type":"ImageObject","inLanguage":"en-US","@id":"https:\/\/alvaralice.org\/en\/#\/schema\/person\/image\/","url":"https:\/\/secure.gravatar.com\/avatar\/7bbb218fe2ca7d93c0d52f3eadd6e2c4?s=96&d=mm&r=g","contentUrl":"https:\/\/secure.gravatar.com\/avatar\/7bbb218fe2ca7d93c0d52f3eadd6e2c4?s=96&d=mm&r=g","caption":"alvaralice"},"url":"https:\/\/alvaralice.org\/en\/author\/alvaralice\/"}]}},"_links":{"self":[{"href":"https:\/\/alvaralice.org\/en\/wp-json\/wp\/v2\/posts\/2303","targetHints":{"allow":["GET"]}}],"collection":[{"href":"https:\/\/alvaralice.org\/en\/wp-json\/wp\/v2\/posts"}],"about":[{"href":"https:\/\/alvaralice.org\/en\/wp-json\/wp\/v2\/types\/post"}],"author":[{"embeddable":true,"href":"https:\/\/alvaralice.org\/en\/wp-json\/wp\/v2\/users\/3"}],"replies":[{"embeddable":true,"href":"https:\/\/alvaralice.org\/en\/wp-json\/wp\/v2\/comments?post=2303"}],"version-history":[{"count":1,"href":"https:\/\/alvaralice.org\/en\/wp-json\/wp\/v2\/posts\/2303\/revisions"}],"predecessor-version":[{"id":2305,"href":"https:\/\/alvaralice.org\/en\/wp-json\/wp\/v2\/posts\/2303\/revisions\/2305"}],"wp:featuredmedia":[{"embeddable":true,"href":"https:\/\/alvaralice.org\/en\/wp-json\/wp\/v2\/media\/2304"}],"wp:attachment":[{"href":"https:\/\/alvaralice.org\/en\/wp-json\/wp\/v2\/media?parent=2303"}],"wp:term":[{"taxonomy":"category","embeddable":true,"href":"https:\/\/alvaralice.org\/en\/wp-json\/wp\/v2\/categories?post=2303"},{"taxonomy":"post_tag","embeddable":true,"href":"https:\/\/alvaralice.org\/en\/wp-json\/wp\/v2\/tags?post=2303"}],"curies":[{"name":"wp","href":"https:\/\/api.w.org\/{rel}","templated":true}]}}