{"id":2524,"date":"2018-11-16T15:33:37","date_gmt":"2018-11-16T15:33:37","guid":{"rendered":"https:\/\/alvaralice.org\/en\/?p=2524"},"modified":"2019-01-02T15:36:56","modified_gmt":"2019-01-02T15:36:56","slug":"one-hundreds-twenty-three-youths-graduate-from-the-rumbo-joven-employability-program","status":"publish","type":"post","link":"https:\/\/alvaralice.org\/en\/news\/one-hundreds-twenty-three-youths-graduate-from-the-rumbo-joven-employability-program\/","title":{"rendered":"One Hundreds &#038; Twenty Three youths graduate from the &#8220;Rumbo Joven&#8221; Employability Program"},"content":{"rendered":"<p>[vc_row][vc_column][vc_column_text]<\/p>\n<p><iframe title=\"Noviembre 19 2018 J\u00f3venes del proyecto Rumbo Joven de la Fundaci\u00f3n Alvaralice se graduaron\" width=\"500\" height=\"281\" src=\"https:\/\/www.youtube.com\/embed\/HtNKYbhBptw?feature=oembed\" frameborder=\"0\" allow=\"accelerometer; autoplay; clipboard-write; encrypted-media; gyroscope; picture-in-picture; web-share\" referrerpolicy=\"strict-origin-when-cross-origin\" allowfullscreen><\/iframe><\/p>\n<div class=\"page\" title=\"Page 1\">\n<div class=\"layoutArea\">\n<div class=\"column\">\n<p>On November 16th one hundred and twenty-three youths, residents of the Potrero Grande, Siloe\u0301 and Altos de Menga low income neighborhoods, graduated from the employability program \u201cRumbo Joven\u201d and are in the process of joining the work force.<\/p>\n<p>We expect that more than 70% of them will find a permanent job with the help of the program\u2019s business network. We trust that the skills they developed during their training with \u201cRumbo Joven\u201d will allow them to find jobs on their own merits, thus contributing to the peacebuilding efforts of their city.<\/p>\n<p>We would like to point out that from March of 2014 to date, 679 young men and women between the ages of 18 and 30 years have graduated from this program.<\/p>\n<p>The organizations that are underwriting this project are: USAID, ACDI\/VOCA, Tinker Foundation, Limmat Stiftung, EMpower, the Office of the Mayor of Cali through the Secretariat of Economic Development, the Cali Mayor\u2019s office of the program called \u201cTerritories of Inclusion &amp; Opportunities\u201d (TIO\u2019s), the Corona Foundation and the Alvaralice Foundation. The implementation of this program has been possible through partnerships with the Technocenter Somos Paci\u0301fico, the Center for Community Development San Francisco de Asi\u0301s of the San Buenaventura University in Cali, Comfandi and the CreeSer, SIDOC and Colombia Women\u2019s World Bank (WWB) Foundations.<\/p>\n<\/div>\n<\/div>\n<\/div>\n<p>[\/vc_column_text][\/vc_column][\/vc_row]<\/p>\n","protected":false},"excerpt":{"rendered":"<p>[vc_row][vc_column][vc_column_text] On November 16th one hundred and twenty-three youths, residents of the Potrero Grande, Siloe\u0301 and Altos de Menga low income neighborhoods, graduated from the employability program \u201cRumbo Joven\u201d and are in the process of joining the work force. We expect that more than 70% of them will find a permanent job with the help [&hellip;]<\/p>\n","protected":false},"author":3,"featured_media":2526,"comment_status":"open","ping_status":"open","sticky":false,"template":"","format":"standard","meta":{"footnotes":""},"categories":[3],"tags":[44,46],"class_list":["post-2524","post","type-post","status-publish","format-standard","has-post-thumbnail","hentry","category-news","tag-income-generation","tag-rumbo-joven"],"acf":[],"yoast_head":"<!-- This site is optimized with the Yoast SEO Premium plugin v20.8 (Yoast SEO v20.8) - https:\/\/yoast.com\/wordpress\/plugins\/seo\/ -->\n<title>One Hundreds &amp; Twenty Three youths graduate from the &quot;Rumbo Joven&quot; Employability Program - Foundation Alvaralice<\/title>\n<meta name=\"robots\" content=\"index, follow, max-snippet:-1, max-image-preview:large, max-video-preview:-1\" \/>\n<link rel=\"canonical\" href=\"https:\/\/alvaralice.org\/en\/news\/one-hundreds-twenty-three-youths-graduate-from-the-rumbo-joven-employability-program\/\" \/>\n<meta property=\"og:locale\" content=\"en_US\" \/>\n<meta property=\"og:type\" content=\"article\" \/>\n<meta property=\"og:title\" content=\"One Hundreds &amp; Twenty Three youths graduate from the &quot;Rumbo Joven&quot; Employability Program\" \/>\n<meta property=\"og:description\" content=\"[vc_row][vc_column][vc_column_text] On November 16th one hundred and twenty-three youths, residents of the Potrero Grande, Siloe\u0301 and Altos de Menga low income neighborhoods, graduated from the employability program \u201cRumbo Joven\u201d and are in the process of joining the work force. We expect that more than 70% of them will find a permanent job with the help [&hellip;]\" \/>\n<meta property=\"og:url\" content=\"https:\/\/alvaralice.org\/en\/news\/one-hundreds-twenty-three-youths-graduate-from-the-rumbo-joven-employability-program\/\" \/>\n<meta property=\"og:site_name\" content=\"Foundation Alvaralice\" \/>\n<meta property=\"article:published_time\" content=\"2018-11-16T15:33:37+00:00\" \/>\n<meta property=\"article:modified_time\" content=\"2019-01-02T15:36:56+00:00\" \/>\n<meta property=\"og:image\" content=\"https:\/\/alvaralice.org\/wp-content\/uploads\/sites\/2\/2019\/01\/Rumbo-Joven-20182-388x260.jpg\" \/>\n\t<meta property=\"og:image:width\" content=\"388\" \/>\n\t<meta property=\"og:image:height\" content=\"260\" \/>\n\t<meta property=\"og:image:type\" content=\"image\/jpeg\" \/>\n<meta name=\"author\" content=\"alvaralice\" \/>\n<meta name=\"twitter:card\" content=\"summary_large_image\" \/>\n<meta name=\"twitter:label1\" content=\"Written by\" \/>\n\t<meta name=\"twitter:data1\" content=\"alvaralice\" \/>\n\t<meta name=\"twitter:label2\" content=\"Est. reading time\" \/>\n\t<meta name=\"twitter:data2\" content=\"1 minute\" \/>\n<script type=\"application\/ld+json\" class=\"yoast-schema-graph\">{\"@context\":\"https:\/\/schema.org\",\"@graph\":[{\"@type\":\"WebPage\",\"@id\":\"https:\/\/alvaralice.org\/en\/news\/one-hundreds-twenty-three-youths-graduate-from-the-rumbo-joven-employability-program\/\",\"url\":\"https:\/\/alvaralice.org\/en\/news\/one-hundreds-twenty-three-youths-graduate-from-the-rumbo-joven-employability-program\/\",\"name\":\"One Hundreds & Twenty Three youths graduate from the \\\"Rumbo Joven\\\" Employability Program - Foundation Alvaralice\",\"isPartOf\":{\"@id\":\"https:\/\/alvaralice.org\/en\/#website\"},\"datePublished\":\"2018-11-16T15:33:37+00:00\",\"dateModified\":\"2019-01-02T15:36:56+00:00\",\"author\":{\"@id\":\"https:\/\/alvaralice.org\/en\/#\/schema\/person\/75e5ffc1c0b995deaaa8bd021dfabd2f\"},\"breadcrumb\":{\"@id\":\"https:\/\/alvaralice.org\/en\/news\/one-hundreds-twenty-three-youths-graduate-from-the-rumbo-joven-employability-program\/#breadcrumb\"},\"inLanguage\":\"en-US\",\"potentialAction\":[{\"@type\":\"ReadAction\",\"target\":[\"https:\/\/alvaralice.org\/en\/news\/one-hundreds-twenty-three-youths-graduate-from-the-rumbo-joven-employability-program\/\"]}]},{\"@type\":\"BreadcrumbList\",\"@id\":\"https:\/\/alvaralice.org\/en\/news\/one-hundreds-twenty-three-youths-graduate-from-the-rumbo-joven-employability-program\/#breadcrumb\",\"itemListElement\":[{\"@type\":\"ListItem\",\"position\":1,\"name\":\"Home\",\"item\":\"https:\/\/alvaralice.org\/en\/\"},{\"@type\":\"ListItem\",\"position\":2,\"name\":\"One Hundreds &#038; Twenty Three youths graduate from the &#8220;Rumbo Joven&#8221; Employability Program\"}]},{\"@type\":\"WebSite\",\"@id\":\"https:\/\/alvaralice.org\/en\/#website\",\"url\":\"https:\/\/alvaralice.org\/en\/\",\"name\":\"Foundation Alvaralice\",\"description\":\"La Fundaci\u00f3n Alvaralice es una entidad de car\u00e1cter privado, sin \u00e1nimo de lucro, creada en el 2003 en Cali\",\"potentialAction\":[{\"@type\":\"SearchAction\",\"target\":{\"@type\":\"EntryPoint\",\"urlTemplate\":\"https:\/\/alvaralice.org\/en\/?s={search_term_string}\"},\"query-input\":\"required name=search_term_string\"}],\"inLanguage\":\"en-US\"},{\"@type\":\"Person\",\"@id\":\"https:\/\/alvaralice.org\/en\/#\/schema\/person\/75e5ffc1c0b995deaaa8bd021dfabd2f\",\"name\":\"alvaralice\",\"image\":{\"@type\":\"ImageObject\",\"inLanguage\":\"en-US\",\"@id\":\"https:\/\/alvaralice.org\/en\/#\/schema\/person\/image\/\",\"url\":\"https:\/\/secure.gravatar.com\/avatar\/7bbb218fe2ca7d93c0d52f3eadd6e2c4?s=96&d=mm&r=g\",\"contentUrl\":\"https:\/\/secure.gravatar.com\/avatar\/7bbb218fe2ca7d93c0d52f3eadd6e2c4?s=96&d=mm&r=g\",\"caption\":\"alvaralice\"},\"url\":\"https:\/\/alvaralice.org\/en\/author\/alvaralice\/\"}]}<\/script>\n<!-- \/ Yoast SEO Premium plugin. -->","yoast_head_json":{"title":"One Hundreds & Twenty Three youths graduate from the \"Rumbo Joven\" Employability Program - Foundation Alvaralice","robots":{"index":"index","follow":"follow","max-snippet":"max-snippet:-1","max-image-preview":"max-image-preview:large","max-video-preview":"max-video-preview:-1"},"canonical":"https:\/\/alvaralice.org\/en\/news\/one-hundreds-twenty-three-youths-graduate-from-the-rumbo-joven-employability-program\/","og_locale":"en_US","og_type":"article","og_title":"One Hundreds & Twenty Three youths graduate from the \"Rumbo Joven\" Employability Program","og_description":"[vc_row][vc_column][vc_column_text] On November 16th one hundred and twenty-three youths, residents of the Potrero Grande, Siloe\u0301 and Altos de Menga low income neighborhoods, graduated from the employability program \u201cRumbo Joven\u201d and are in the process of joining the work force. We expect that more than 70% of them will find a permanent job with the help [&hellip;]","og_url":"https:\/\/alvaralice.org\/en\/news\/one-hundreds-twenty-three-youths-graduate-from-the-rumbo-joven-employability-program\/","og_site_name":"Foundation Alvaralice","article_published_time":"2018-11-16T15:33:37+00:00","article_modified_time":"2019-01-02T15:36:56+00:00","og_image":[{"width":388,"height":260,"url":"https:\/\/alvaralice.org\/wp-content\/uploads\/sites\/2\/2019\/01\/Rumbo-Joven-20182-388x260.jpg","type":"image\/jpeg"}],"author":"alvaralice","twitter_card":"summary_large_image","twitter_misc":{"Written by":"alvaralice","Est. reading time":"1 minute"},"schema":{"@context":"https:\/\/schema.org","@graph":[{"@type":"WebPage","@id":"https:\/\/alvaralice.org\/en\/news\/one-hundreds-twenty-three-youths-graduate-from-the-rumbo-joven-employability-program\/","url":"https:\/\/alvaralice.org\/en\/news\/one-hundreds-twenty-three-youths-graduate-from-the-rumbo-joven-employability-program\/","name":"One Hundreds & Twenty Three youths graduate from the \"Rumbo Joven\" Employability Program - Foundation Alvaralice","isPartOf":{"@id":"https:\/\/alvaralice.org\/en\/#website"},"datePublished":"2018-11-16T15:33:37+00:00","dateModified":"2019-01-02T15:36:56+00:00","author":{"@id":"https:\/\/alvaralice.org\/en\/#\/schema\/person\/75e5ffc1c0b995deaaa8bd021dfabd2f"},"breadcrumb":{"@id":"https:\/\/alvaralice.org\/en\/news\/one-hundreds-twenty-three-youths-graduate-from-the-rumbo-joven-employability-program\/#breadcrumb"},"inLanguage":"en-US","potentialAction":[{"@type":"ReadAction","target":["https:\/\/alvaralice.org\/en\/news\/one-hundreds-twenty-three-youths-graduate-from-the-rumbo-joven-employability-program\/"]}]},{"@type":"BreadcrumbList","@id":"https:\/\/alvaralice.org\/en\/news\/one-hundreds-twenty-three-youths-graduate-from-the-rumbo-joven-employability-program\/#breadcrumb","itemListElement":[{"@type":"ListItem","position":1,"name":"Home","item":"https:\/\/alvaralice.org\/en\/"},{"@type":"ListItem","position":2,"name":"One Hundreds &#038; Twenty Three youths graduate from the &#8220;Rumbo Joven&#8221; Employability Program"}]},{"@type":"WebSite","@id":"https:\/\/alvaralice.org\/en\/#website","url":"https:\/\/alvaralice.org\/en\/","name":"Foundation Alvaralice","description":"La Fundaci\u00f3n Alvaralice es una entidad de car\u00e1cter privado, sin \u00e1nimo de lucro, creada en el 2003 en Cali","potentialAction":[{"@type":"SearchAction","target":{"@type":"EntryPoint","urlTemplate":"https:\/\/alvaralice.org\/en\/?s={search_term_string}"},"query-input":"required name=search_term_string"}],"inLanguage":"en-US"},{"@type":"Person","@id":"https:\/\/alvaralice.org\/en\/#\/schema\/person\/75e5ffc1c0b995deaaa8bd021dfabd2f","name":"alvaralice","image":{"@type":"ImageObject","inLanguage":"en-US","@id":"https:\/\/alvaralice.org\/en\/#\/schema\/person\/image\/","url":"https:\/\/secure.gravatar.com\/avatar\/7bbb218fe2ca7d93c0d52f3eadd6e2c4?s=96&d=mm&r=g","contentUrl":"https:\/\/secure.gravatar.com\/avatar\/7bbb218fe2ca7d93c0d52f3eadd6e2c4?s=96&d=mm&r=g","caption":"alvaralice"},"url":"https:\/\/alvaralice.org\/en\/author\/alvaralice\/"}]}},"_links":{"self":[{"href":"https:\/\/alvaralice.org\/en\/wp-json\/wp\/v2\/posts\/2524","targetHints":{"allow":["GET"]}}],"collection":[{"href":"https:\/\/alvaralice.org\/en\/wp-json\/wp\/v2\/posts"}],"about":[{"href":"https:\/\/alvaralice.org\/en\/wp-json\/wp\/v2\/types\/post"}],"author":[{"embeddable":true,"href":"https:\/\/alvaralice.org\/en\/wp-json\/wp\/v2\/users\/3"}],"replies":[{"embeddable":true,"href":"https:\/\/alvaralice.org\/en\/wp-json\/wp\/v2\/comments?post=2524"}],"version-history":[{"count":1,"href":"https:\/\/alvaralice.org\/en\/wp-json\/wp\/v2\/posts\/2524\/revisions"}],"predecessor-version":[{"id":2527,"href":"https:\/\/alvaralice.org\/en\/wp-json\/wp\/v2\/posts\/2524\/revisions\/2527"}],"wp:featuredmedia":[{"embeddable":true,"href":"https:\/\/alvaralice.org\/en\/wp-json\/wp\/v2\/media\/2526"}],"wp:attachment":[{"href":"https:\/\/alvaralice.org\/en\/wp-json\/wp\/v2\/media?parent=2524"}],"wp:term":[{"taxonomy":"category","embeddable":true,"href":"https:\/\/alvaralice.org\/en\/wp-json\/wp\/v2\/categories?post=2524"},{"taxonomy":"post_tag","embeddable":true,"href":"https:\/\/alvaralice.org\/en\/wp-json\/wp\/v2\/tags?post=2524"}],"curies":[{"name":"wp","href":"https:\/\/api.w.org\/{rel}","templated":true}]}}