{"id":2619,"date":"2019-04-01T02:05:47","date_gmt":"2019-04-01T02:05:47","guid":{"rendered":"https:\/\/alvaralice.org\/en\/?p=2619"},"modified":"2019-04-09T22:15:16","modified_gmt":"2019-04-09T22:15:16","slug":"ingrid-vallecilla-a-life-transformed-by-somos-pacifico","status":"publish","type":"post","link":"https:\/\/alvaralice.org\/en\/news\/ingrid-vallecilla-a-life-transformed-by-somos-pacifico\/","title":{"rendered":"Ingrid Vallecilla, a life transformed by Somos Pac\u00edfico"},"content":{"rendered":"<p>[vc_row][vc_column][vc_column_text]In 2013 Ingrid Vallecilla joined the <a href=\"http:\/\/www.somospacifico.org\/\"><em>Technocenter Somos Pacifico\u2019s<\/em><\/a> <a href=\"https:\/\/theclubhousenetwork.org\/\">Computer Clubhouse<\/a> program which has benefited since its inception more than 900 children and youths from the <em>Potrero Grande <\/em>neighborhood and its surroundings through the use of technology and by enabling them to develop advanced computer skills, inspiring them to pursue higher education<em>. <\/em>Ingrid showed from the start a talent for drawing and design and focused on learning the skills and tools to create graphic designs.<\/p>\n<p>Thanks to her proactive participation in the program in 2016 she was chosen to attend the <a href=\"https:\/\/theclubhousenetwork.org\/programs\/teen-summit\/\">Teen Summit<\/a> event in Boston, Massachusets. The<a href=\"https:\/\/theclubhousenetwork.org\/programs\/teen-summit\/\"> Teen Summit<\/a> is a biennial, week-long youth leadership event that brings worldwide together young participants from the 100 international Clubhouses.<\/p>\n<p>This experience allowed Ingrid to meet and share lessons learned with young people from around the globe. During the event, the participants explored issues relevant to their VARIOUS interests and had the opportunity to propose solutions through the creative use of innovative, high-end communication and information technologies.<\/p>\n<p>In 2017, Ingrid graduated from high school and is currently attending the <a href=\"http:\/\/www.icesi.edu.co\/\">ICESI University<\/a> in Cali where she is pursuing her undergraduate degree in Interactive Media Design.[\/vc_column_text][\/vc_column][\/vc_row]<\/p>\n","protected":false},"excerpt":{"rendered":"<p>[vc_row][vc_column][vc_column_text]In 2013 Ingrid Vallecilla joined the Technocenter Somos Pacifico\u2019s Computer Clubhouse program which has benefited since its inception more than 900 children and youths from the Potrero Grande neighborhood and its surroundings through the use of technology and by enabling them to develop advanced computer skills, inspiring them to pursue higher education. Ingrid showed from [&hellip;]<\/p>\n","protected":false},"author":3,"featured_media":2620,"comment_status":"open","ping_status":"open","sticky":false,"template":"","format":"standard","meta":{"footnotes":""},"categories":[3],"tags":[453,454],"class_list":["post-2619","post","type-post","status-publish","format-standard","has-post-thumbnail","hentry","category-news","tag-clubhouse","tag-transforms-lives"],"acf":[],"yoast_head":"<!-- This site is optimized with the Yoast SEO Premium plugin v20.8 (Yoast SEO v20.8) - https:\/\/yoast.com\/wordpress\/plugins\/seo\/ -->\n<title>Ingrid Vallecilla, a life transformed by Somos Pac\u00edfico - Foundation Alvaralice<\/title>\n<meta name=\"robots\" content=\"index, follow, max-snippet:-1, max-image-preview:large, max-video-preview:-1\" \/>\n<link rel=\"canonical\" href=\"https:\/\/alvaralice.org\/en\/news\/ingrid-vallecilla-a-life-transformed-by-somos-pacifico\/\" \/>\n<meta property=\"og:locale\" content=\"en_US\" \/>\n<meta property=\"og:type\" content=\"article\" \/>\n<meta property=\"og:title\" content=\"Ingrid Vallecilla, a life transformed by Somos Pac\u00edfico\" \/>\n<meta property=\"og:description\" content=\"[vc_row][vc_column][vc_column_text]In 2013 Ingrid Vallecilla joined the Technocenter Somos Pacifico\u2019s Computer Clubhouse program which has benefited since its inception more than 900 children and youths from the Potrero Grande neighborhood and its surroundings through the use of technology and by enabling them to develop advanced computer skills, inspiring them to pursue higher education. Ingrid showed from [&hellip;]\" \/>\n<meta property=\"og:url\" content=\"https:\/\/alvaralice.org\/en\/news\/ingrid-vallecilla-a-life-transformed-by-somos-pacifico\/\" \/>\n<meta property=\"og:site_name\" content=\"Foundation Alvaralice\" \/>\n<meta property=\"article:published_time\" content=\"2019-04-01T02:05:47+00:00\" \/>\n<meta property=\"article:modified_time\" content=\"2019-04-09T22:15:16+00:00\" \/>\n<meta property=\"og:image\" content=\"https:\/\/alvaralice.org\/wp-content\/uploads\/sites\/2\/2019\/04\/Ingrid-Vallecilla-Carlos-Rueda.jpg\" \/>\n\t<meta property=\"og:image:width\" content=\"1824\" \/>\n\t<meta property=\"og:image:height\" content=\"1216\" \/>\n\t<meta property=\"og:image:type\" content=\"image\/jpeg\" \/>\n<meta name=\"author\" content=\"alvaralice\" \/>\n<meta name=\"twitter:card\" content=\"summary_large_image\" \/>\n<meta name=\"twitter:label1\" content=\"Written by\" \/>\n\t<meta name=\"twitter:data1\" content=\"alvaralice\" \/>\n\t<meta name=\"twitter:label2\" content=\"Est. reading time\" \/>\n\t<meta name=\"twitter:data2\" content=\"1 minute\" \/>\n<script type=\"application\/ld+json\" class=\"yoast-schema-graph\">{\"@context\":\"https:\/\/schema.org\",\"@graph\":[{\"@type\":\"WebPage\",\"@id\":\"https:\/\/alvaralice.org\/en\/news\/ingrid-vallecilla-a-life-transformed-by-somos-pacifico\/\",\"url\":\"https:\/\/alvaralice.org\/en\/news\/ingrid-vallecilla-a-life-transformed-by-somos-pacifico\/\",\"name\":\"Ingrid Vallecilla, a life transformed by Somos Pac\u00edfico - Foundation Alvaralice\",\"isPartOf\":{\"@id\":\"https:\/\/alvaralice.org\/en\/#website\"},\"datePublished\":\"2019-04-01T02:05:47+00:00\",\"dateModified\":\"2019-04-09T22:15:16+00:00\",\"author\":{\"@id\":\"https:\/\/alvaralice.org\/en\/#\/schema\/person\/75e5ffc1c0b995deaaa8bd021dfabd2f\"},\"breadcrumb\":{\"@id\":\"https:\/\/alvaralice.org\/en\/news\/ingrid-vallecilla-a-life-transformed-by-somos-pacifico\/#breadcrumb\"},\"inLanguage\":\"en-US\",\"potentialAction\":[{\"@type\":\"ReadAction\",\"target\":[\"https:\/\/alvaralice.org\/en\/news\/ingrid-vallecilla-a-life-transformed-by-somos-pacifico\/\"]}]},{\"@type\":\"BreadcrumbList\",\"@id\":\"https:\/\/alvaralice.org\/en\/news\/ingrid-vallecilla-a-life-transformed-by-somos-pacifico\/#breadcrumb\",\"itemListElement\":[{\"@type\":\"ListItem\",\"position\":1,\"name\":\"Home\",\"item\":\"https:\/\/alvaralice.org\/en\/\"},{\"@type\":\"ListItem\",\"position\":2,\"name\":\"Ingrid Vallecilla, a life transformed by Somos Pac\u00edfico\"}]},{\"@type\":\"WebSite\",\"@id\":\"https:\/\/alvaralice.org\/en\/#website\",\"url\":\"https:\/\/alvaralice.org\/en\/\",\"name\":\"Foundation Alvaralice\",\"description\":\"La Fundaci\u00f3n Alvaralice es una entidad de car\u00e1cter privado, sin \u00e1nimo de lucro, creada en el 2003 en Cali\",\"potentialAction\":[{\"@type\":\"SearchAction\",\"target\":{\"@type\":\"EntryPoint\",\"urlTemplate\":\"https:\/\/alvaralice.org\/en\/?s={search_term_string}\"},\"query-input\":\"required name=search_term_string\"}],\"inLanguage\":\"en-US\"},{\"@type\":\"Person\",\"@id\":\"https:\/\/alvaralice.org\/en\/#\/schema\/person\/75e5ffc1c0b995deaaa8bd021dfabd2f\",\"name\":\"alvaralice\",\"image\":{\"@type\":\"ImageObject\",\"inLanguage\":\"en-US\",\"@id\":\"https:\/\/alvaralice.org\/en\/#\/schema\/person\/image\/\",\"url\":\"https:\/\/secure.gravatar.com\/avatar\/7bbb218fe2ca7d93c0d52f3eadd6e2c4?s=96&d=mm&r=g\",\"contentUrl\":\"https:\/\/secure.gravatar.com\/avatar\/7bbb218fe2ca7d93c0d52f3eadd6e2c4?s=96&d=mm&r=g\",\"caption\":\"alvaralice\"},\"url\":\"https:\/\/alvaralice.org\/en\/author\/alvaralice\/\"}]}<\/script>\n<!-- \/ Yoast SEO Premium plugin. -->","yoast_head_json":{"title":"Ingrid Vallecilla, a life transformed by Somos Pac\u00edfico - Foundation Alvaralice","robots":{"index":"index","follow":"follow","max-snippet":"max-snippet:-1","max-image-preview":"max-image-preview:large","max-video-preview":"max-video-preview:-1"},"canonical":"https:\/\/alvaralice.org\/en\/news\/ingrid-vallecilla-a-life-transformed-by-somos-pacifico\/","og_locale":"en_US","og_type":"article","og_title":"Ingrid Vallecilla, a life transformed by Somos Pac\u00edfico","og_description":"[vc_row][vc_column][vc_column_text]In 2013 Ingrid Vallecilla joined the Technocenter Somos Pacifico\u2019s Computer Clubhouse program which has benefited since its inception more than 900 children and youths from the Potrero Grande neighborhood and its surroundings through the use of technology and by enabling them to develop advanced computer skills, inspiring them to pursue higher education. Ingrid showed from [&hellip;]","og_url":"https:\/\/alvaralice.org\/en\/news\/ingrid-vallecilla-a-life-transformed-by-somos-pacifico\/","og_site_name":"Foundation Alvaralice","article_published_time":"2019-04-01T02:05:47+00:00","article_modified_time":"2019-04-09T22:15:16+00:00","og_image":[{"width":1824,"height":1216,"url":"https:\/\/alvaralice.org\/wp-content\/uploads\/sites\/2\/2019\/04\/Ingrid-Vallecilla-Carlos-Rueda.jpg","type":"image\/jpeg"}],"author":"alvaralice","twitter_card":"summary_large_image","twitter_misc":{"Written by":"alvaralice","Est. reading time":"1 minute"},"schema":{"@context":"https:\/\/schema.org","@graph":[{"@type":"WebPage","@id":"https:\/\/alvaralice.org\/en\/news\/ingrid-vallecilla-a-life-transformed-by-somos-pacifico\/","url":"https:\/\/alvaralice.org\/en\/news\/ingrid-vallecilla-a-life-transformed-by-somos-pacifico\/","name":"Ingrid Vallecilla, a life transformed by Somos Pac\u00edfico - Foundation Alvaralice","isPartOf":{"@id":"https:\/\/alvaralice.org\/en\/#website"},"datePublished":"2019-04-01T02:05:47+00:00","dateModified":"2019-04-09T22:15:16+00:00","author":{"@id":"https:\/\/alvaralice.org\/en\/#\/schema\/person\/75e5ffc1c0b995deaaa8bd021dfabd2f"},"breadcrumb":{"@id":"https:\/\/alvaralice.org\/en\/news\/ingrid-vallecilla-a-life-transformed-by-somos-pacifico\/#breadcrumb"},"inLanguage":"en-US","potentialAction":[{"@type":"ReadAction","target":["https:\/\/alvaralice.org\/en\/news\/ingrid-vallecilla-a-life-transformed-by-somos-pacifico\/"]}]},{"@type":"BreadcrumbList","@id":"https:\/\/alvaralice.org\/en\/news\/ingrid-vallecilla-a-life-transformed-by-somos-pacifico\/#breadcrumb","itemListElement":[{"@type":"ListItem","position":1,"name":"Home","item":"https:\/\/alvaralice.org\/en\/"},{"@type":"ListItem","position":2,"name":"Ingrid Vallecilla, a life transformed by Somos Pac\u00edfico"}]},{"@type":"WebSite","@id":"https:\/\/alvaralice.org\/en\/#website","url":"https:\/\/alvaralice.org\/en\/","name":"Foundation Alvaralice","description":"La Fundaci\u00f3n Alvaralice es una entidad de car\u00e1cter privado, sin \u00e1nimo de lucro, creada en el 2003 en Cali","potentialAction":[{"@type":"SearchAction","target":{"@type":"EntryPoint","urlTemplate":"https:\/\/alvaralice.org\/en\/?s={search_term_string}"},"query-input":"required name=search_term_string"}],"inLanguage":"en-US"},{"@type":"Person","@id":"https:\/\/alvaralice.org\/en\/#\/schema\/person\/75e5ffc1c0b995deaaa8bd021dfabd2f","name":"alvaralice","image":{"@type":"ImageObject","inLanguage":"en-US","@id":"https:\/\/alvaralice.org\/en\/#\/schema\/person\/image\/","url":"https:\/\/secure.gravatar.com\/avatar\/7bbb218fe2ca7d93c0d52f3eadd6e2c4?s=96&d=mm&r=g","contentUrl":"https:\/\/secure.gravatar.com\/avatar\/7bbb218fe2ca7d93c0d52f3eadd6e2c4?s=96&d=mm&r=g","caption":"alvaralice"},"url":"https:\/\/alvaralice.org\/en\/author\/alvaralice\/"}]}},"_links":{"self":[{"href":"https:\/\/alvaralice.org\/en\/wp-json\/wp\/v2\/posts\/2619","targetHints":{"allow":["GET"]}}],"collection":[{"href":"https:\/\/alvaralice.org\/en\/wp-json\/wp\/v2\/posts"}],"about":[{"href":"https:\/\/alvaralice.org\/en\/wp-json\/wp\/v2\/types\/post"}],"author":[{"embeddable":true,"href":"https:\/\/alvaralice.org\/en\/wp-json\/wp\/v2\/users\/3"}],"replies":[{"embeddable":true,"href":"https:\/\/alvaralice.org\/en\/wp-json\/wp\/v2\/comments?post=2619"}],"version-history":[{"count":3,"href":"https:\/\/alvaralice.org\/en\/wp-json\/wp\/v2\/posts\/2619\/revisions"}],"predecessor-version":[{"id":2645,"href":"https:\/\/alvaralice.org\/en\/wp-json\/wp\/v2\/posts\/2619\/revisions\/2645"}],"wp:featuredmedia":[{"embeddable":true,"href":"https:\/\/alvaralice.org\/en\/wp-json\/wp\/v2\/media\/2620"}],"wp:attachment":[{"href":"https:\/\/alvaralice.org\/en\/wp-json\/wp\/v2\/media?parent=2619"}],"wp:term":[{"taxonomy":"category","embeddable":true,"href":"https:\/\/alvaralice.org\/en\/wp-json\/wp\/v2\/categories?post=2619"},{"taxonomy":"post_tag","embeddable":true,"href":"https:\/\/alvaralice.org\/en\/wp-json\/wp\/v2\/tags?post=2619"}],"curies":[{"name":"wp","href":"https:\/\/api.w.org\/{rel}","templated":true}]}}