{"id":2664,"date":"2019-06-05T15:47:42","date_gmt":"2019-06-05T15:47:42","guid":{"rendered":"https:\/\/alvaralice.org\/en\/?p=2664"},"modified":"2019-06-26T12:24:39","modified_gmt":"2019-06-26T12:24:39","slug":"the-minister-of-culture-carmen-ines-vasquez-visits-the-tecnocentro-somos-pacifico","status":"publish","type":"post","link":"https:\/\/alvaralice.org\/en\/news\/the-minister-of-culture-carmen-ines-vasquez-visits-the-tecnocentro-somos-pacifico\/","title":{"rendered":"The Minister of Culture, Carmen In\u00e9s V\u00e1squez, visits the \u2018Tecnocentro Somos Pac\u00edfico\u2019"},"content":{"rendered":"<p>[vc_row][vc_column][vc_column_text]On Wednesday, June 5th, the Colombian Minister of Culture, Carmen In\u00e9s V\u00e1squez, and the Regional Promotion and Heritage Vice-minister, David Melo, visited the facilities of the \u2018Tecnocentro Somos Pac\u00edfico\u2019 to have a first hand experience of the important work and impact of this initiative in the marginalized east side of Cali.<\/p>\n<p>The Minister expressed her enthusiasm about how the activities she witnessed at the Tecnocentro can be considered useful tools for social transformation, and she praised the work of all those who have made this project possible. In addition, she committed to support this kind of initiatives which evidence how art and culture are essential elements in the country\u2019s regional transformation.<\/p>\n<p>The Minister and her staff showed great interest in the various programs and methodologies of \u2018Somos Pac\u00edfico\u2019. During their visit, they had the opportunity to admire the arts and crafts created by the fine arts students and to listen to a repertoire of music from the Colombian Pacific coast performed by the girls\u2019 choir and the Tecnocentro \u2018s symphonic youth orchestra in honor of the Minister\u2019s birthplace, Buenaventura. The dance and music groups of the Somos Pacifico Talent Agency also shared with the Minister their impressive skills . The area of income generation also had the opportunity to present to her the \u2018Rumbo Joven\u2019 employment program. The afternoon concluded with a pleasant discussion with Alvaralice Foundation representatives and the <a href=\"http:\/\/www.somospacifico.org\">Somos Pacifico\u2019s<\/a> staff.[\/vc_column_text][\/vc_column][\/vc_row]<\/p>\n","protected":false},"excerpt":{"rendered":"<p>[vc_row][vc_column][vc_column_text]On Wednesday, June 5th, the Colombian Minister of Culture, Carmen In\u00e9s V\u00e1squez, and the Regional Promotion and Heritage Vice-minister, David Melo, visited the facilities of the \u2018Tecnocentro Somos Pac\u00edfico\u2019 to have a first hand experience of the important work and impact of this initiative in the marginalized east side of Cali. The Minister expressed her [&hellip;]<\/p>\n","protected":false},"author":3,"featured_media":2665,"comment_status":"open","ping_status":"open","sticky":false,"template":"","format":"standard","meta":{"footnotes":""},"categories":[3],"tags":[],"class_list":["post-2664","post","type-post","status-publish","format-standard","has-post-thumbnail","hentry","category-news"],"acf":[],"yoast_head":"<!-- This site is optimized with the Yoast SEO Premium plugin v20.8 (Yoast SEO v20.8) - https:\/\/yoast.com\/wordpress\/plugins\/seo\/ -->\n<title>The Minister of Culture, Carmen In\u00e9s V\u00e1squez, visits the \u2018Tecnocentro Somos Pac\u00edfico\u2019 - Foundation Alvaralice<\/title>\n<meta name=\"robots\" content=\"index, follow, max-snippet:-1, max-image-preview:large, max-video-preview:-1\" \/>\n<link rel=\"canonical\" href=\"https:\/\/alvaralice.org\/en\/news\/the-minister-of-culture-carmen-ines-vasquez-visits-the-tecnocentro-somos-pacifico\/\" \/>\n<meta property=\"og:locale\" content=\"en_US\" \/>\n<meta property=\"og:type\" content=\"article\" \/>\n<meta property=\"og:title\" content=\"The Minister of Culture, Carmen In\u00e9s V\u00e1squez, visits the \u2018Tecnocentro Somos Pac\u00edfico\u2019\" \/>\n<meta property=\"og:description\" content=\"[vc_row][vc_column][vc_column_text]On Wednesday, June 5th, the Colombian Minister of Culture, Carmen In\u00e9s V\u00e1squez, and the Regional Promotion and Heritage Vice-minister, David Melo, visited the facilities of the \u2018Tecnocentro Somos Pac\u00edfico\u2019 to have a first hand experience of the important work and impact of this initiative in the marginalized east side of Cali. The Minister expressed her [&hellip;]\" \/>\n<meta property=\"og:url\" content=\"https:\/\/alvaralice.org\/en\/news\/the-minister-of-culture-carmen-ines-vasquez-visits-the-tecnocentro-somos-pacifico\/\" \/>\n<meta property=\"og:site_name\" content=\"Foundation Alvaralice\" \/>\n<meta property=\"article:published_time\" content=\"2019-06-05T15:47:42+00:00\" \/>\n<meta property=\"article:modified_time\" content=\"2019-06-26T12:24:39+00:00\" \/>\n<meta property=\"og:image\" content=\"https:\/\/alvaralice.org\/wp-content\/uploads\/sites\/2\/2019\/06\/Visita-Ministra.jpeg\" \/>\n\t<meta property=\"og:image:width\" content=\"1280\" \/>\n\t<meta property=\"og:image:height\" content=\"960\" \/>\n\t<meta property=\"og:image:type\" content=\"image\/jpeg\" \/>\n<meta name=\"author\" content=\"alvaralice\" \/>\n<meta name=\"twitter:card\" content=\"summary_large_image\" \/>\n<meta name=\"twitter:label1\" content=\"Written by\" \/>\n\t<meta name=\"twitter:data1\" content=\"alvaralice\" \/>\n\t<meta name=\"twitter:label2\" content=\"Est. reading time\" \/>\n\t<meta name=\"twitter:data2\" content=\"1 minute\" \/>\n<script type=\"application\/ld+json\" class=\"yoast-schema-graph\">{\"@context\":\"https:\/\/schema.org\",\"@graph\":[{\"@type\":\"WebPage\",\"@id\":\"https:\/\/alvaralice.org\/en\/news\/the-minister-of-culture-carmen-ines-vasquez-visits-the-tecnocentro-somos-pacifico\/\",\"url\":\"https:\/\/alvaralice.org\/en\/news\/the-minister-of-culture-carmen-ines-vasquez-visits-the-tecnocentro-somos-pacifico\/\",\"name\":\"The Minister of Culture, Carmen In\u00e9s V\u00e1squez, visits the \u2018Tecnocentro Somos Pac\u00edfico\u2019 - Foundation Alvaralice\",\"isPartOf\":{\"@id\":\"https:\/\/alvaralice.org\/en\/#website\"},\"datePublished\":\"2019-06-05T15:47:42+00:00\",\"dateModified\":\"2019-06-26T12:24:39+00:00\",\"author\":{\"@id\":\"https:\/\/alvaralice.org\/en\/#\/schema\/person\/75e5ffc1c0b995deaaa8bd021dfabd2f\"},\"breadcrumb\":{\"@id\":\"https:\/\/alvaralice.org\/en\/news\/the-minister-of-culture-carmen-ines-vasquez-visits-the-tecnocentro-somos-pacifico\/#breadcrumb\"},\"inLanguage\":\"en-US\",\"potentialAction\":[{\"@type\":\"ReadAction\",\"target\":[\"https:\/\/alvaralice.org\/en\/news\/the-minister-of-culture-carmen-ines-vasquez-visits-the-tecnocentro-somos-pacifico\/\"]}]},{\"@type\":\"BreadcrumbList\",\"@id\":\"https:\/\/alvaralice.org\/en\/news\/the-minister-of-culture-carmen-ines-vasquez-visits-the-tecnocentro-somos-pacifico\/#breadcrumb\",\"itemListElement\":[{\"@type\":\"ListItem\",\"position\":1,\"name\":\"Home\",\"item\":\"https:\/\/alvaralice.org\/en\/\"},{\"@type\":\"ListItem\",\"position\":2,\"name\":\"The Minister of Culture, Carmen In\u00e9s V\u00e1squez, visits the \u2018Tecnocentro Somos Pac\u00edfico\u2019\"}]},{\"@type\":\"WebSite\",\"@id\":\"https:\/\/alvaralice.org\/en\/#website\",\"url\":\"https:\/\/alvaralice.org\/en\/\",\"name\":\"Foundation Alvaralice\",\"description\":\"La Fundaci\u00f3n Alvaralice es una entidad de car\u00e1cter privado, sin \u00e1nimo de lucro, creada en el 2003 en Cali\",\"potentialAction\":[{\"@type\":\"SearchAction\",\"target\":{\"@type\":\"EntryPoint\",\"urlTemplate\":\"https:\/\/alvaralice.org\/en\/?s={search_term_string}\"},\"query-input\":\"required name=search_term_string\"}],\"inLanguage\":\"en-US\"},{\"@type\":\"Person\",\"@id\":\"https:\/\/alvaralice.org\/en\/#\/schema\/person\/75e5ffc1c0b995deaaa8bd021dfabd2f\",\"name\":\"alvaralice\",\"image\":{\"@type\":\"ImageObject\",\"inLanguage\":\"en-US\",\"@id\":\"https:\/\/alvaralice.org\/en\/#\/schema\/person\/image\/\",\"url\":\"https:\/\/secure.gravatar.com\/avatar\/7bbb218fe2ca7d93c0d52f3eadd6e2c4?s=96&d=mm&r=g\",\"contentUrl\":\"https:\/\/secure.gravatar.com\/avatar\/7bbb218fe2ca7d93c0d52f3eadd6e2c4?s=96&d=mm&r=g\",\"caption\":\"alvaralice\"},\"url\":\"https:\/\/alvaralice.org\/en\/author\/alvaralice\/\"}]}<\/script>\n<!-- \/ Yoast SEO Premium plugin. -->","yoast_head_json":{"title":"The Minister of Culture, Carmen In\u00e9s V\u00e1squez, visits the \u2018Tecnocentro Somos Pac\u00edfico\u2019 - Foundation Alvaralice","robots":{"index":"index","follow":"follow","max-snippet":"max-snippet:-1","max-image-preview":"max-image-preview:large","max-video-preview":"max-video-preview:-1"},"canonical":"https:\/\/alvaralice.org\/en\/news\/the-minister-of-culture-carmen-ines-vasquez-visits-the-tecnocentro-somos-pacifico\/","og_locale":"en_US","og_type":"article","og_title":"The Minister of Culture, Carmen In\u00e9s V\u00e1squez, visits the \u2018Tecnocentro Somos Pac\u00edfico\u2019","og_description":"[vc_row][vc_column][vc_column_text]On Wednesday, June 5th, the Colombian Minister of Culture, Carmen In\u00e9s V\u00e1squez, and the Regional Promotion and Heritage Vice-minister, David Melo, visited the facilities of the \u2018Tecnocentro Somos Pac\u00edfico\u2019 to have a first hand experience of the important work and impact of this initiative in the marginalized east side of Cali. The Minister expressed her [&hellip;]","og_url":"https:\/\/alvaralice.org\/en\/news\/the-minister-of-culture-carmen-ines-vasquez-visits-the-tecnocentro-somos-pacifico\/","og_site_name":"Foundation Alvaralice","article_published_time":"2019-06-05T15:47:42+00:00","article_modified_time":"2019-06-26T12:24:39+00:00","og_image":[{"width":1280,"height":960,"url":"https:\/\/alvaralice.org\/wp-content\/uploads\/sites\/2\/2019\/06\/Visita-Ministra.jpeg","type":"image\/jpeg"}],"author":"alvaralice","twitter_card":"summary_large_image","twitter_misc":{"Written by":"alvaralice","Est. reading time":"1 minute"},"schema":{"@context":"https:\/\/schema.org","@graph":[{"@type":"WebPage","@id":"https:\/\/alvaralice.org\/en\/news\/the-minister-of-culture-carmen-ines-vasquez-visits-the-tecnocentro-somos-pacifico\/","url":"https:\/\/alvaralice.org\/en\/news\/the-minister-of-culture-carmen-ines-vasquez-visits-the-tecnocentro-somos-pacifico\/","name":"The Minister of Culture, Carmen In\u00e9s V\u00e1squez, visits the \u2018Tecnocentro Somos Pac\u00edfico\u2019 - Foundation Alvaralice","isPartOf":{"@id":"https:\/\/alvaralice.org\/en\/#website"},"datePublished":"2019-06-05T15:47:42+00:00","dateModified":"2019-06-26T12:24:39+00:00","author":{"@id":"https:\/\/alvaralice.org\/en\/#\/schema\/person\/75e5ffc1c0b995deaaa8bd021dfabd2f"},"breadcrumb":{"@id":"https:\/\/alvaralice.org\/en\/news\/the-minister-of-culture-carmen-ines-vasquez-visits-the-tecnocentro-somos-pacifico\/#breadcrumb"},"inLanguage":"en-US","potentialAction":[{"@type":"ReadAction","target":["https:\/\/alvaralice.org\/en\/news\/the-minister-of-culture-carmen-ines-vasquez-visits-the-tecnocentro-somos-pacifico\/"]}]},{"@type":"BreadcrumbList","@id":"https:\/\/alvaralice.org\/en\/news\/the-minister-of-culture-carmen-ines-vasquez-visits-the-tecnocentro-somos-pacifico\/#breadcrumb","itemListElement":[{"@type":"ListItem","position":1,"name":"Home","item":"https:\/\/alvaralice.org\/en\/"},{"@type":"ListItem","position":2,"name":"The Minister of Culture, Carmen In\u00e9s V\u00e1squez, visits the \u2018Tecnocentro Somos Pac\u00edfico\u2019"}]},{"@type":"WebSite","@id":"https:\/\/alvaralice.org\/en\/#website","url":"https:\/\/alvaralice.org\/en\/","name":"Foundation Alvaralice","description":"La Fundaci\u00f3n Alvaralice es una entidad de car\u00e1cter privado, sin \u00e1nimo de lucro, creada en el 2003 en Cali","potentialAction":[{"@type":"SearchAction","target":{"@type":"EntryPoint","urlTemplate":"https:\/\/alvaralice.org\/en\/?s={search_term_string}"},"query-input":"required name=search_term_string"}],"inLanguage":"en-US"},{"@type":"Person","@id":"https:\/\/alvaralice.org\/en\/#\/schema\/person\/75e5ffc1c0b995deaaa8bd021dfabd2f","name":"alvaralice","image":{"@type":"ImageObject","inLanguage":"en-US","@id":"https:\/\/alvaralice.org\/en\/#\/schema\/person\/image\/","url":"https:\/\/secure.gravatar.com\/avatar\/7bbb218fe2ca7d93c0d52f3eadd6e2c4?s=96&d=mm&r=g","contentUrl":"https:\/\/secure.gravatar.com\/avatar\/7bbb218fe2ca7d93c0d52f3eadd6e2c4?s=96&d=mm&r=g","caption":"alvaralice"},"url":"https:\/\/alvaralice.org\/en\/author\/alvaralice\/"}]}},"_links":{"self":[{"href":"https:\/\/alvaralice.org\/en\/wp-json\/wp\/v2\/posts\/2664","targetHints":{"allow":["GET"]}}],"collection":[{"href":"https:\/\/alvaralice.org\/en\/wp-json\/wp\/v2\/posts"}],"about":[{"href":"https:\/\/alvaralice.org\/en\/wp-json\/wp\/v2\/types\/post"}],"author":[{"embeddable":true,"href":"https:\/\/alvaralice.org\/en\/wp-json\/wp\/v2\/users\/3"}],"replies":[{"embeddable":true,"href":"https:\/\/alvaralice.org\/en\/wp-json\/wp\/v2\/comments?post=2664"}],"version-history":[{"count":4,"href":"https:\/\/alvaralice.org\/en\/wp-json\/wp\/v2\/posts\/2664\/revisions"}],"predecessor-version":[{"id":2697,"href":"https:\/\/alvaralice.org\/en\/wp-json\/wp\/v2\/posts\/2664\/revisions\/2697"}],"wp:featuredmedia":[{"embeddable":true,"href":"https:\/\/alvaralice.org\/en\/wp-json\/wp\/v2\/media\/2665"}],"wp:attachment":[{"href":"https:\/\/alvaralice.org\/en\/wp-json\/wp\/v2\/media?parent=2664"}],"wp:term":[{"taxonomy":"category","embeddable":true,"href":"https:\/\/alvaralice.org\/en\/wp-json\/wp\/v2\/categories?post=2664"},{"taxonomy":"post_tag","embeddable":true,"href":"https:\/\/alvaralice.org\/en\/wp-json\/wp\/v2\/tags?post=2664"}],"curies":[{"name":"wp","href":"https:\/\/api.w.org\/{rel}","templated":true}]}}