{"id":2678,"date":"2019-05-03T16:13:51","date_gmt":"2019-05-03T16:13:51","guid":{"rendered":"https:\/\/alvaralice.org\/en\/?p=2678"},"modified":"2019-06-26T11:35:58","modified_gmt":"2019-06-26T11:35:58","slug":"elena-garces-echavarria-launched-her-book-colombian-women-the-struggle-out-of-silence","status":"publish","type":"post","link":"https:\/\/alvaralice.org\/en\/news\/elena-garces-echavarria-launched-her-book-colombian-women-the-struggle-out-of-silence\/","title":{"rendered":"Elena Garc\u00e9s Echavarr\u00eda launched her book \u201cColombian Women, the struggle out of silence\u201d"},"content":{"rendered":"<p>[vc_row][vc_column][vc_column_text]On Friday May 3<sup>rd<\/sup>, Elena Garc\u00e9s Echavarr\u00eda, co-founder of the Alvaralice Foundation, launched her book, \u2018Colombian Women, the struggle out of silence\u2019, at the Manuel Olivella Hall during the 32<sup>nd <\/sup>International Book Fair in Bogota. The book was presented during a panel discussion led by journalist Claudia Palacios.<\/p>\n<p>In her book, the author analyzes the culture, history, economics, laws and religion in Colombia, while promoting ideas that question the restrictions imposed to women by Colombian society.<\/p>\n<p>By documenting 18 stories of Colombian women from different walks of life, including the author herself, the book explores the experiences and challenges that these women have faced and their difficult relationships with the Colombian social institutions.<\/p>\n<p>The book was first printed in English in 2008. The Spanish translation was made by Elena Garc\u00e9s and Milagros Ter\u00e1n to share the findings gathered in the book with Spanish-speaking readers.<\/p>\n<p>This book inspired the creation of \u2018Colomb!anas: A Collective Bio\u2019 (<a href=\"http:\/\/www.colombianas.org)\">www.colombianas.org)<\/a> an interactive digital platform that compiles interviews of Colombian women of different ages, ethnicities and origins, giving a collective account of the experience of being a woman in Colombia. Thanks to Elena&#8217;s the example and encouragement\u00a0 \u2013who was the first to sit in front of the cameras to tell her story\u2013 the production of the first stage of this project was possible.<\/p>\n<p>Today the project consists of a virtual platform that allows Colombian women to share their stories and document their life experiences.<\/p>\n<p>About the author:<\/p>\n<p>Elena Garc\u00e9s Echavarr\u00eda was born in Cali, Colombia. She is a feminist, researcher and writer in Colombia and in the United States.<\/p>\n<p>She holds a PhD in Human Sciences from George Washington University (2002) \u2013her dissertation is titled \u2018The Construction of Radical Feminist Knowledge: Women in Colombia as an Example\u2019. She also holds a MA degree in Public Policy and Women\u2019s Studies from the same university (1991) and a BA in Anthropology and Women\u2019s Studies from American University in Washington D.C. (1998), where she graduated with the highest honors (<em>cum laude<\/em>) and was awarded the Scholastic All American title.<\/p>\n<p>She is the co-founder of Colectivo Mujeres Paz\u00edficas, a feminist group in Colombia working for peace, and a feminist magazine, \u2018<em>La C\u00e1bala<\/em>\u2019, serving also as its editor during the 1980\u2019s.[\/vc_column_text][\/vc_column][\/vc_row]<\/p>\n","protected":false},"excerpt":{"rendered":"<p>[vc_row][vc_column][vc_column_text]On Friday May 3rd, Elena Garc\u00e9s Echavarr\u00eda, co-founder of the Alvaralice Foundation, launched her book, \u2018Colombian Women, the struggle out of silence\u2019, at the Manuel Olivella Hall during the 32nd International Book Fair in Bogota. The book was presented during a panel discussion led by journalist Claudia Palacios. In her book, the author analyzes the [&hellip;]<\/p>\n","protected":false},"author":3,"featured_media":2679,"comment_status":"open","ping_status":"open","sticky":false,"template":"","format":"standard","meta":{"footnotes":""},"categories":[3],"tags":[],"class_list":["post-2678","post","type-post","status-publish","format-standard","has-post-thumbnail","hentry","category-news"],"acf":[],"yoast_head":"<!-- This site is optimized with the Yoast SEO Premium plugin v20.8 (Yoast SEO v20.8) - https:\/\/yoast.com\/wordpress\/plugins\/seo\/ -->\n<title>Elena Garc\u00e9s Echavarr\u00eda launched her book \u201cColombian Women, the struggle out of silence\u201d - Foundation Alvaralice<\/title>\n<meta name=\"robots\" content=\"index, follow, max-snippet:-1, max-image-preview:large, max-video-preview:-1\" \/>\n<link rel=\"canonical\" href=\"https:\/\/alvaralice.org\/en\/news\/elena-garces-echavarria-launched-her-book-colombian-women-the-struggle-out-of-silence\/\" \/>\n<meta property=\"og:locale\" content=\"en_US\" \/>\n<meta property=\"og:type\" content=\"article\" \/>\n<meta property=\"og:title\" content=\"Elena Garc\u00e9s Echavarr\u00eda launched her book \u201cColombian Women, the struggle out of silence\u201d\" \/>\n<meta property=\"og:description\" content=\"[vc_row][vc_column][vc_column_text]On Friday May 3rd, Elena Garc\u00e9s Echavarr\u00eda, co-founder of the Alvaralice Foundation, launched her book, \u2018Colombian Women, the struggle out of silence\u2019, at the Manuel Olivella Hall during the 32nd International Book Fair in Bogota. The book was presented during a panel discussion led by journalist Claudia Palacios. In her book, the author analyzes the [&hellip;]\" \/>\n<meta property=\"og:url\" content=\"https:\/\/alvaralice.org\/en\/news\/elena-garces-echavarria-launched-her-book-colombian-women-the-struggle-out-of-silence\/\" \/>\n<meta property=\"og:site_name\" content=\"Foundation Alvaralice\" \/>\n<meta property=\"article:published_time\" content=\"2019-05-03T16:13:51+00:00\" \/>\n<meta property=\"article:modified_time\" content=\"2019-06-26T11:35:58+00:00\" \/>\n<meta property=\"og:image\" content=\"https:\/\/alvaralice.org\/wp-content\/uploads\/sites\/2\/2019\/06\/elena.jpg\" \/>\n\t<meta property=\"og:image:width\" content=\"800\" \/>\n\t<meta property=\"og:image:height\" content=\"450\" \/>\n\t<meta property=\"og:image:type\" content=\"image\/jpeg\" \/>\n<meta name=\"author\" content=\"alvaralice\" \/>\n<meta name=\"twitter:card\" content=\"summary_large_image\" \/>\n<meta name=\"twitter:label1\" content=\"Written by\" \/>\n\t<meta name=\"twitter:data1\" content=\"alvaralice\" \/>\n\t<meta name=\"twitter:label2\" content=\"Est. reading time\" \/>\n\t<meta name=\"twitter:data2\" content=\"2 minutes\" \/>\n<script type=\"application\/ld+json\" class=\"yoast-schema-graph\">{\"@context\":\"https:\/\/schema.org\",\"@graph\":[{\"@type\":\"WebPage\",\"@id\":\"https:\/\/alvaralice.org\/en\/news\/elena-garces-echavarria-launched-her-book-colombian-women-the-struggle-out-of-silence\/\",\"url\":\"https:\/\/alvaralice.org\/en\/news\/elena-garces-echavarria-launched-her-book-colombian-women-the-struggle-out-of-silence\/\",\"name\":\"Elena Garc\u00e9s Echavarr\u00eda launched her book \u201cColombian Women, the struggle out of silence\u201d - Foundation Alvaralice\",\"isPartOf\":{\"@id\":\"https:\/\/alvaralice.org\/en\/#website\"},\"datePublished\":\"2019-05-03T16:13:51+00:00\",\"dateModified\":\"2019-06-26T11:35:58+00:00\",\"author\":{\"@id\":\"https:\/\/alvaralice.org\/en\/#\/schema\/person\/75e5ffc1c0b995deaaa8bd021dfabd2f\"},\"breadcrumb\":{\"@id\":\"https:\/\/alvaralice.org\/en\/news\/elena-garces-echavarria-launched-her-book-colombian-women-the-struggle-out-of-silence\/#breadcrumb\"},\"inLanguage\":\"en-US\",\"potentialAction\":[{\"@type\":\"ReadAction\",\"target\":[\"https:\/\/alvaralice.org\/en\/news\/elena-garces-echavarria-launched-her-book-colombian-women-the-struggle-out-of-silence\/\"]}]},{\"@type\":\"BreadcrumbList\",\"@id\":\"https:\/\/alvaralice.org\/en\/news\/elena-garces-echavarria-launched-her-book-colombian-women-the-struggle-out-of-silence\/#breadcrumb\",\"itemListElement\":[{\"@type\":\"ListItem\",\"position\":1,\"name\":\"Home\",\"item\":\"https:\/\/alvaralice.org\/en\/\"},{\"@type\":\"ListItem\",\"position\":2,\"name\":\"Elena Garc\u00e9s Echavarr\u00eda launched her book \u201cColombian Women, the struggle out of silence\u201d\"}]},{\"@type\":\"WebSite\",\"@id\":\"https:\/\/alvaralice.org\/en\/#website\",\"url\":\"https:\/\/alvaralice.org\/en\/\",\"name\":\"Foundation Alvaralice\",\"description\":\"La Fundaci\u00f3n Alvaralice es una entidad de car\u00e1cter privado, sin \u00e1nimo de lucro, creada en el 2003 en Cali\",\"potentialAction\":[{\"@type\":\"SearchAction\",\"target\":{\"@type\":\"EntryPoint\",\"urlTemplate\":\"https:\/\/alvaralice.org\/en\/?s={search_term_string}\"},\"query-input\":\"required name=search_term_string\"}],\"inLanguage\":\"en-US\"},{\"@type\":\"Person\",\"@id\":\"https:\/\/alvaralice.org\/en\/#\/schema\/person\/75e5ffc1c0b995deaaa8bd021dfabd2f\",\"name\":\"alvaralice\",\"image\":{\"@type\":\"ImageObject\",\"inLanguage\":\"en-US\",\"@id\":\"https:\/\/alvaralice.org\/en\/#\/schema\/person\/image\/\",\"url\":\"https:\/\/secure.gravatar.com\/avatar\/7bbb218fe2ca7d93c0d52f3eadd6e2c4?s=96&d=mm&r=g\",\"contentUrl\":\"https:\/\/secure.gravatar.com\/avatar\/7bbb218fe2ca7d93c0d52f3eadd6e2c4?s=96&d=mm&r=g\",\"caption\":\"alvaralice\"},\"url\":\"https:\/\/alvaralice.org\/en\/author\/alvaralice\/\"}]}<\/script>\n<!-- \/ Yoast SEO Premium plugin. -->","yoast_head_json":{"title":"Elena Garc\u00e9s Echavarr\u00eda launched her book \u201cColombian Women, the struggle out of silence\u201d - Foundation Alvaralice","robots":{"index":"index","follow":"follow","max-snippet":"max-snippet:-1","max-image-preview":"max-image-preview:large","max-video-preview":"max-video-preview:-1"},"canonical":"https:\/\/alvaralice.org\/en\/news\/elena-garces-echavarria-launched-her-book-colombian-women-the-struggle-out-of-silence\/","og_locale":"en_US","og_type":"article","og_title":"Elena Garc\u00e9s Echavarr\u00eda launched her book \u201cColombian Women, the struggle out of silence\u201d","og_description":"[vc_row][vc_column][vc_column_text]On Friday May 3rd, Elena Garc\u00e9s Echavarr\u00eda, co-founder of the Alvaralice Foundation, launched her book, \u2018Colombian Women, the struggle out of silence\u2019, at the Manuel Olivella Hall during the 32nd International Book Fair in Bogota. The book was presented during a panel discussion led by journalist Claudia Palacios. In her book, the author analyzes the [&hellip;]","og_url":"https:\/\/alvaralice.org\/en\/news\/elena-garces-echavarria-launched-her-book-colombian-women-the-struggle-out-of-silence\/","og_site_name":"Foundation Alvaralice","article_published_time":"2019-05-03T16:13:51+00:00","article_modified_time":"2019-06-26T11:35:58+00:00","og_image":[{"width":800,"height":450,"url":"https:\/\/alvaralice.org\/wp-content\/uploads\/sites\/2\/2019\/06\/elena.jpg","type":"image\/jpeg"}],"author":"alvaralice","twitter_card":"summary_large_image","twitter_misc":{"Written by":"alvaralice","Est. reading time":"2 minutes"},"schema":{"@context":"https:\/\/schema.org","@graph":[{"@type":"WebPage","@id":"https:\/\/alvaralice.org\/en\/news\/elena-garces-echavarria-launched-her-book-colombian-women-the-struggle-out-of-silence\/","url":"https:\/\/alvaralice.org\/en\/news\/elena-garces-echavarria-launched-her-book-colombian-women-the-struggle-out-of-silence\/","name":"Elena Garc\u00e9s Echavarr\u00eda launched her book \u201cColombian Women, the struggle out of silence\u201d - Foundation Alvaralice","isPartOf":{"@id":"https:\/\/alvaralice.org\/en\/#website"},"datePublished":"2019-05-03T16:13:51+00:00","dateModified":"2019-06-26T11:35:58+00:00","author":{"@id":"https:\/\/alvaralice.org\/en\/#\/schema\/person\/75e5ffc1c0b995deaaa8bd021dfabd2f"},"breadcrumb":{"@id":"https:\/\/alvaralice.org\/en\/news\/elena-garces-echavarria-launched-her-book-colombian-women-the-struggle-out-of-silence\/#breadcrumb"},"inLanguage":"en-US","potentialAction":[{"@type":"ReadAction","target":["https:\/\/alvaralice.org\/en\/news\/elena-garces-echavarria-launched-her-book-colombian-women-the-struggle-out-of-silence\/"]}]},{"@type":"BreadcrumbList","@id":"https:\/\/alvaralice.org\/en\/news\/elena-garces-echavarria-launched-her-book-colombian-women-the-struggle-out-of-silence\/#breadcrumb","itemListElement":[{"@type":"ListItem","position":1,"name":"Home","item":"https:\/\/alvaralice.org\/en\/"},{"@type":"ListItem","position":2,"name":"Elena Garc\u00e9s Echavarr\u00eda launched her book \u201cColombian Women, the struggle out of silence\u201d"}]},{"@type":"WebSite","@id":"https:\/\/alvaralice.org\/en\/#website","url":"https:\/\/alvaralice.org\/en\/","name":"Foundation Alvaralice","description":"La Fundaci\u00f3n Alvaralice es una entidad de car\u00e1cter privado, sin \u00e1nimo de lucro, creada en el 2003 en Cali","potentialAction":[{"@type":"SearchAction","target":{"@type":"EntryPoint","urlTemplate":"https:\/\/alvaralice.org\/en\/?s={search_term_string}"},"query-input":"required name=search_term_string"}],"inLanguage":"en-US"},{"@type":"Person","@id":"https:\/\/alvaralice.org\/en\/#\/schema\/person\/75e5ffc1c0b995deaaa8bd021dfabd2f","name":"alvaralice","image":{"@type":"ImageObject","inLanguage":"en-US","@id":"https:\/\/alvaralice.org\/en\/#\/schema\/person\/image\/","url":"https:\/\/secure.gravatar.com\/avatar\/7bbb218fe2ca7d93c0d52f3eadd6e2c4?s=96&d=mm&r=g","contentUrl":"https:\/\/secure.gravatar.com\/avatar\/7bbb218fe2ca7d93c0d52f3eadd6e2c4?s=96&d=mm&r=g","caption":"alvaralice"},"url":"https:\/\/alvaralice.org\/en\/author\/alvaralice\/"}]}},"_links":{"self":[{"href":"https:\/\/alvaralice.org\/en\/wp-json\/wp\/v2\/posts\/2678","targetHints":{"allow":["GET"]}}],"collection":[{"href":"https:\/\/alvaralice.org\/en\/wp-json\/wp\/v2\/posts"}],"about":[{"href":"https:\/\/alvaralice.org\/en\/wp-json\/wp\/v2\/types\/post"}],"author":[{"embeddable":true,"href":"https:\/\/alvaralice.org\/en\/wp-json\/wp\/v2\/users\/3"}],"replies":[{"embeddable":true,"href":"https:\/\/alvaralice.org\/en\/wp-json\/wp\/v2\/comments?post=2678"}],"version-history":[{"count":3,"href":"https:\/\/alvaralice.org\/en\/wp-json\/wp\/v2\/posts\/2678\/revisions"}],"predecessor-version":[{"id":2692,"href":"https:\/\/alvaralice.org\/en\/wp-json\/wp\/v2\/posts\/2678\/revisions\/2692"}],"wp:featuredmedia":[{"embeddable":true,"href":"https:\/\/alvaralice.org\/en\/wp-json\/wp\/v2\/media\/2679"}],"wp:attachment":[{"href":"https:\/\/alvaralice.org\/en\/wp-json\/wp\/v2\/media?parent=2678"}],"wp:term":[{"taxonomy":"category","embeddable":true,"href":"https:\/\/alvaralice.org\/en\/wp-json\/wp\/v2\/categories?post=2678"},{"taxonomy":"post_tag","embeddable":true,"href":"https:\/\/alvaralice.org\/en\/wp-json\/wp\/v2\/tags?post=2678"}],"curies":[{"name":"wp","href":"https:\/\/api.w.org\/{rel}","templated":true}]}}