{"id":3004,"date":"2020-04-13T21:48:24","date_gmt":"2020-04-13T21:48:24","guid":{"rendered":"https:\/\/alvaralice.org\/en\/?p=3004"},"modified":"2020-04-30T22:07:40","modified_gmt":"2020-04-30T22:07:40","slug":"somos-pacifico-continues-its-training-from-a-distance","status":"publish","type":"post","link":"https:\/\/alvaralice.org\/en\/news\/somos-pacifico-continues-its-training-from-a-distance\/","title":{"rendered":"Somos Pac\u00edfico continues its training from a distance"},"content":{"rendered":"<p>[vc_row][vc_column][vc_column_text]Due to the public health related to COVID-19, the Somos Pac\u00edfico Technological and Cultural Center closed its doors to the public. However, their training programs continue remotely.<\/p>\n<p>The team is using several digital platforms to develop their activities, offering participants art, music, dance and computer technology programs through virtual sessions. Throughout these classes, routines, exercises, and games, the team takes advantage of the extra time children have at home, to educate students and maintain a positive attitude during the quarantine period.<\/p>\n<p>By using various technologies, Somos Pac\u00edfico continues to promote its mission which, thanks to the support of all our allies and donors, continues to demonstrate that Somos Pac\u00edfico fosters talent and innovation.<\/p>\n<p><a href=\"https:\/\/www.facebook.com\/tcsomospacifico\/videos\/698122777397058\/?v=698122777397058\" target=\"_blank\" rel=\"noopener noreferrer\"><img fetchpriority=\"high\" decoding=\"async\" class=\"alignnone wp-image-3007 size-large\" src=\"https:\/\/alvaralice.org\/wp-content\/uploads\/sites\/2\/2020\/04\/video-somos-pacifico-alv-1024x770.jpg\" alt=\"\" width=\"1024\" height=\"770\" srcset=\"https:\/\/alvaralice.org\/wp-content\/uploads\/sites\/2\/2020\/04\/video-somos-pacifico-alv-1024x770.jpg 1024w, https:\/\/alvaralice.org\/wp-content\/uploads\/sites\/2\/2020\/04\/video-somos-pacifico-alv-300x226.jpg 300w, https:\/\/alvaralice.org\/wp-content\/uploads\/sites\/2\/2020\/04\/video-somos-pacifico-alv-768x577.jpg 768w, https:\/\/alvaralice.org\/wp-content\/uploads\/sites\/2\/2020\/04\/video-somos-pacifico-alv.jpg 1419w\" sizes=\"(max-width: 1024px) 100vw, 1024px\" \/><\/a>[\/vc_column_text][\/vc_column][\/vc_row]<\/p>\n","protected":false},"excerpt":{"rendered":"<p>[vc_row][vc_column][vc_column_text]Due to the public health related to COVID-19, the Somos Pac\u00edfico Technological and Cultural Center closed its doors to the public. However, their training programs continue remotely. The team is using several digital platforms to develop their activities, offering participants art, music, dance and computer technology programs through virtual sessions. Throughout these classes, routines, exercises, [&hellip;]<\/p>\n","protected":false},"author":1,"featured_media":3005,"comment_status":"open","ping_status":"open","sticky":false,"template":"","format":"standard","meta":{"footnotes":""},"categories":[3],"tags":[],"class_list":["post-3004","post","type-post","status-publish","format-standard","has-post-thumbnail","hentry","category-news"],"acf":[],"yoast_head":"<!-- This site is optimized with the Yoast SEO Premium plugin v20.8 (Yoast SEO v20.8) - https:\/\/yoast.com\/wordpress\/plugins\/seo\/ -->\n<title>Somos Pac\u00edfico continues its training from a distance - Foundation Alvaralice<\/title>\n<meta name=\"robots\" content=\"index, follow, max-snippet:-1, max-image-preview:large, max-video-preview:-1\" \/>\n<link rel=\"canonical\" href=\"https:\/\/alvaralice.org\/en\/news\/somos-pacifico-continues-its-training-from-a-distance\/\" \/>\n<meta property=\"og:locale\" content=\"en_US\" \/>\n<meta property=\"og:type\" content=\"article\" \/>\n<meta property=\"og:title\" content=\"Somos Pac\u00edfico continues its training from a distance\" \/>\n<meta property=\"og:description\" content=\"[vc_row][vc_column][vc_column_text]Due to the public health related to COVID-19, the Somos Pac\u00edfico Technological and Cultural Center closed its doors to the public. However, their training programs continue remotely. The team is using several digital platforms to develop their activities, offering participants art, music, dance and computer technology programs through virtual sessions. Throughout these classes, routines, exercises, [&hellip;]\" \/>\n<meta property=\"og:url\" content=\"https:\/\/alvaralice.org\/en\/news\/somos-pacifico-continues-its-training-from-a-distance\/\" \/>\n<meta property=\"og:site_name\" content=\"Foundation Alvaralice\" \/>\n<meta property=\"article:published_time\" content=\"2020-04-13T21:48:24+00:00\" \/>\n<meta property=\"article:modified_time\" content=\"2020-04-30T22:07:40+00:00\" \/>\n<meta property=\"og:image\" content=\"https:\/\/alvaralice.org\/wp-content\/uploads\/sites\/2\/2020\/04\/Clubhouse-e1587419541984.jpg\" \/>\n\t<meta property=\"og:image:width\" content=\"1012\" \/>\n\t<meta property=\"og:image:height\" content=\"631\" \/>\n\t<meta property=\"og:image:type\" content=\"image\/jpeg\" \/>\n<meta name=\"author\" content=\"webmaster\" \/>\n<meta name=\"twitter:card\" content=\"summary_large_image\" \/>\n<meta name=\"twitter:label1\" content=\"Written by\" \/>\n\t<meta name=\"twitter:data1\" content=\"webmaster\" \/>\n\t<meta name=\"twitter:label2\" content=\"Est. reading time\" \/>\n\t<meta name=\"twitter:data2\" content=\"1 minute\" \/>\n<script type=\"application\/ld+json\" class=\"yoast-schema-graph\">{\"@context\":\"https:\/\/schema.org\",\"@graph\":[{\"@type\":\"WebPage\",\"@id\":\"https:\/\/alvaralice.org\/en\/news\/somos-pacifico-continues-its-training-from-a-distance\/\",\"url\":\"https:\/\/alvaralice.org\/en\/news\/somos-pacifico-continues-its-training-from-a-distance\/\",\"name\":\"Somos Pac\u00edfico continues its training from a distance - Foundation Alvaralice\",\"isPartOf\":{\"@id\":\"https:\/\/alvaralice.org\/en\/#website\"},\"datePublished\":\"2020-04-13T21:48:24+00:00\",\"dateModified\":\"2020-04-30T22:07:40+00:00\",\"author\":{\"@id\":\"https:\/\/alvaralice.org\/en\/#\/schema\/person\/5cf4244819020231d315646bab5cb909\"},\"breadcrumb\":{\"@id\":\"https:\/\/alvaralice.org\/en\/news\/somos-pacifico-continues-its-training-from-a-distance\/#breadcrumb\"},\"inLanguage\":\"en-US\",\"potentialAction\":[{\"@type\":\"ReadAction\",\"target\":[\"https:\/\/alvaralice.org\/en\/news\/somos-pacifico-continues-its-training-from-a-distance\/\"]}]},{\"@type\":\"BreadcrumbList\",\"@id\":\"https:\/\/alvaralice.org\/en\/news\/somos-pacifico-continues-its-training-from-a-distance\/#breadcrumb\",\"itemListElement\":[{\"@type\":\"ListItem\",\"position\":1,\"name\":\"Home\",\"item\":\"https:\/\/alvaralice.org\/en\/\"},{\"@type\":\"ListItem\",\"position\":2,\"name\":\"Somos Pac\u00edfico continues its training from a distance\"}]},{\"@type\":\"WebSite\",\"@id\":\"https:\/\/alvaralice.org\/en\/#website\",\"url\":\"https:\/\/alvaralice.org\/en\/\",\"name\":\"Foundation Alvaralice\",\"description\":\"La Fundaci\u00f3n Alvaralice es una entidad de car\u00e1cter privado, sin \u00e1nimo de lucro, creada en el 2003 en Cali\",\"potentialAction\":[{\"@type\":\"SearchAction\",\"target\":{\"@type\":\"EntryPoint\",\"urlTemplate\":\"https:\/\/alvaralice.org\/en\/?s={search_term_string}\"},\"query-input\":\"required name=search_term_string\"}],\"inLanguage\":\"en-US\"},{\"@type\":\"Person\",\"@id\":\"https:\/\/alvaralice.org\/en\/#\/schema\/person\/5cf4244819020231d315646bab5cb909\",\"name\":\"webmaster\",\"image\":{\"@type\":\"ImageObject\",\"inLanguage\":\"en-US\",\"@id\":\"https:\/\/alvaralice.org\/en\/#\/schema\/person\/image\/\",\"url\":\"https:\/\/secure.gravatar.com\/avatar\/715e4b0d466276944458f831874125d0?s=96&d=mm&r=g\",\"contentUrl\":\"https:\/\/secure.gravatar.com\/avatar\/715e4b0d466276944458f831874125d0?s=96&d=mm&r=g\",\"caption\":\"webmaster\"},\"url\":\"https:\/\/alvaralice.org\/en\/author\/webmaster\/\"}]}<\/script>\n<!-- \/ Yoast SEO Premium plugin. -->","yoast_head_json":{"title":"Somos Pac\u00edfico continues its training from a distance - Foundation Alvaralice","robots":{"index":"index","follow":"follow","max-snippet":"max-snippet:-1","max-image-preview":"max-image-preview:large","max-video-preview":"max-video-preview:-1"},"canonical":"https:\/\/alvaralice.org\/en\/news\/somos-pacifico-continues-its-training-from-a-distance\/","og_locale":"en_US","og_type":"article","og_title":"Somos Pac\u00edfico continues its training from a distance","og_description":"[vc_row][vc_column][vc_column_text]Due to the public health related to COVID-19, the Somos Pac\u00edfico Technological and Cultural Center closed its doors to the public. However, their training programs continue remotely. The team is using several digital platforms to develop their activities, offering participants art, music, dance and computer technology programs through virtual sessions. Throughout these classes, routines, exercises, [&hellip;]","og_url":"https:\/\/alvaralice.org\/en\/news\/somos-pacifico-continues-its-training-from-a-distance\/","og_site_name":"Foundation Alvaralice","article_published_time":"2020-04-13T21:48:24+00:00","article_modified_time":"2020-04-30T22:07:40+00:00","og_image":[{"width":1012,"height":631,"url":"https:\/\/alvaralice.org\/wp-content\/uploads\/sites\/2\/2020\/04\/Clubhouse-e1587419541984.jpg","type":"image\/jpeg"}],"author":"webmaster","twitter_card":"summary_large_image","twitter_misc":{"Written by":"webmaster","Est. reading time":"1 minute"},"schema":{"@context":"https:\/\/schema.org","@graph":[{"@type":"WebPage","@id":"https:\/\/alvaralice.org\/en\/news\/somos-pacifico-continues-its-training-from-a-distance\/","url":"https:\/\/alvaralice.org\/en\/news\/somos-pacifico-continues-its-training-from-a-distance\/","name":"Somos Pac\u00edfico continues its training from a distance - Foundation Alvaralice","isPartOf":{"@id":"https:\/\/alvaralice.org\/en\/#website"},"datePublished":"2020-04-13T21:48:24+00:00","dateModified":"2020-04-30T22:07:40+00:00","author":{"@id":"https:\/\/alvaralice.org\/en\/#\/schema\/person\/5cf4244819020231d315646bab5cb909"},"breadcrumb":{"@id":"https:\/\/alvaralice.org\/en\/news\/somos-pacifico-continues-its-training-from-a-distance\/#breadcrumb"},"inLanguage":"en-US","potentialAction":[{"@type":"ReadAction","target":["https:\/\/alvaralice.org\/en\/news\/somos-pacifico-continues-its-training-from-a-distance\/"]}]},{"@type":"BreadcrumbList","@id":"https:\/\/alvaralice.org\/en\/news\/somos-pacifico-continues-its-training-from-a-distance\/#breadcrumb","itemListElement":[{"@type":"ListItem","position":1,"name":"Home","item":"https:\/\/alvaralice.org\/en\/"},{"@type":"ListItem","position":2,"name":"Somos Pac\u00edfico continues its training from a distance"}]},{"@type":"WebSite","@id":"https:\/\/alvaralice.org\/en\/#website","url":"https:\/\/alvaralice.org\/en\/","name":"Foundation Alvaralice","description":"La Fundaci\u00f3n Alvaralice es una entidad de car\u00e1cter privado, sin \u00e1nimo de lucro, creada en el 2003 en Cali","potentialAction":[{"@type":"SearchAction","target":{"@type":"EntryPoint","urlTemplate":"https:\/\/alvaralice.org\/en\/?s={search_term_string}"},"query-input":"required name=search_term_string"}],"inLanguage":"en-US"},{"@type":"Person","@id":"https:\/\/alvaralice.org\/en\/#\/schema\/person\/5cf4244819020231d315646bab5cb909","name":"webmaster","image":{"@type":"ImageObject","inLanguage":"en-US","@id":"https:\/\/alvaralice.org\/en\/#\/schema\/person\/image\/","url":"https:\/\/secure.gravatar.com\/avatar\/715e4b0d466276944458f831874125d0?s=96&d=mm&r=g","contentUrl":"https:\/\/secure.gravatar.com\/avatar\/715e4b0d466276944458f831874125d0?s=96&d=mm&r=g","caption":"webmaster"},"url":"https:\/\/alvaralice.org\/en\/author\/webmaster\/"}]}},"_links":{"self":[{"href":"https:\/\/alvaralice.org\/en\/wp-json\/wp\/v2\/posts\/3004","targetHints":{"allow":["GET"]}}],"collection":[{"href":"https:\/\/alvaralice.org\/en\/wp-json\/wp\/v2\/posts"}],"about":[{"href":"https:\/\/alvaralice.org\/en\/wp-json\/wp\/v2\/types\/post"}],"author":[{"embeddable":true,"href":"https:\/\/alvaralice.org\/en\/wp-json\/wp\/v2\/users\/1"}],"replies":[{"embeddable":true,"href":"https:\/\/alvaralice.org\/en\/wp-json\/wp\/v2\/comments?post=3004"}],"version-history":[{"count":3,"href":"https:\/\/alvaralice.org\/en\/wp-json\/wp\/v2\/posts\/3004\/revisions"}],"predecessor-version":[{"id":3009,"href":"https:\/\/alvaralice.org\/en\/wp-json\/wp\/v2\/posts\/3004\/revisions\/3009"}],"wp:featuredmedia":[{"embeddable":true,"href":"https:\/\/alvaralice.org\/en\/wp-json\/wp\/v2\/media\/3005"}],"wp:attachment":[{"href":"https:\/\/alvaralice.org\/en\/wp-json\/wp\/v2\/media?parent=3004"}],"wp:term":[{"taxonomy":"category","embeddable":true,"href":"https:\/\/alvaralice.org\/en\/wp-json\/wp\/v2\/categories?post=3004"},{"taxonomy":"post_tag","embeddable":true,"href":"https:\/\/alvaralice.org\/en\/wp-json\/wp\/v2\/tags?post=3004"}],"curies":[{"name":"wp","href":"https:\/\/api.w.org\/{rel}","templated":true}]}}