{"id":3014,"date":"2020-04-11T21:52:52","date_gmt":"2020-04-11T21:52:52","guid":{"rendered":"https:\/\/alvaralice.org\/en\/?p=3014"},"modified":"2020-04-30T21:53:58","modified_gmt":"2020-04-30T21:53:58","slug":"cure-violence-plants-hope-in-the-neighborhoods-of-comuneros-i-and-charco-azul","status":"publish","type":"post","link":"https:\/\/alvaralice.org\/en\/news\/cure-violence-plants-hope-in-the-neighborhoods-of-comuneros-i-and-charco-azul\/","title":{"rendered":"Cure Violence plants hope in the neighborhoods of Comuneros I and Charco Azul"},"content":{"rendered":"<p>[vc_row][vc_column][vc_column_text]Since the beginning of 2020, the Cure Violence team \u2014supervisors, outreach workers and \u201cinterrupters\u201d\u2014have received training in conflict resolution and emotions management, acquiring new tools to help them co-create and carry out workshops and activities with participants and people in the community who are interested in these issues.<\/p>\n<p>The team has identified key individuals among its participants who have shown potential as leaders in their territories. These participants also help with the workshops\u2019 design, as well as in mediating conflicts with their friends and family. In this way the project is empowering leaders who will be agents of change in their communities. The program helps them identify and resolve conflicts peacefully and efficiently, so they can be part of an effective social transformation.<\/p>\n<p>With the arrival of COVID-19, the Cure Violence team and the participants reoriented their work to raise awareness and develop support campaigns for the community, focusing on the prevention of the virus, social isolation, and use of free time in quarantine. This work is especially important in neighborhoods such as Charco Azul and Comuneros I, where families live in very tight quarters, many of them surviving on informal work and where people are used to spending time with neighbors on the streets.<\/p>\n<p>The teams have also helped with the delivery of humanitarian aid, including food, to the neighborhoods where the project is implemented. The Cure Violence team has reaffirmed its role as leaders in the neighborhoods, helping reduce violent incidents as well as mediating difficult situations.[\/vc_column_text][\/vc_column][\/vc_row]<\/p>\n","protected":false},"excerpt":{"rendered":"<p>[vc_row][vc_column][vc_column_text]Since the beginning of 2020, the Cure Violence team \u2014supervisors, outreach workers and \u201cinterrupters\u201d\u2014have received training in conflict resolution and emotions management, acquiring new tools to help them co-create and carry out workshops and activities with participants and people in the community who are interested in these issues. The team has identified key individuals among [&hellip;]<\/p>\n","protected":false},"author":1,"featured_media":3015,"comment_status":"open","ping_status":"open","sticky":false,"template":"","format":"standard","meta":{"footnotes":""},"categories":[3],"tags":[],"class_list":["post-3014","post","type-post","status-publish","format-standard","has-post-thumbnail","hentry","category-news"],"acf":[],"yoast_head":"<!-- This site is optimized with the Yoast SEO Premium plugin v20.8 (Yoast SEO v20.8) - https:\/\/yoast.com\/wordpress\/plugins\/seo\/ -->\n<title>Cure Violence plants hope in the neighborhoods of Comuneros I and Charco Azul - Foundation Alvaralice<\/title>\n<meta name=\"robots\" content=\"index, follow, max-snippet:-1, max-image-preview:large, max-video-preview:-1\" \/>\n<link rel=\"canonical\" href=\"https:\/\/alvaralice.org\/en\/news\/cure-violence-plants-hope-in-the-neighborhoods-of-comuneros-i-and-charco-azul\/\" \/>\n<meta property=\"og:locale\" content=\"en_US\" \/>\n<meta property=\"og:type\" content=\"article\" \/>\n<meta property=\"og:title\" content=\"Cure Violence plants hope in the neighborhoods of Comuneros I and Charco Azul\" \/>\n<meta property=\"og:description\" content=\"[vc_row][vc_column][vc_column_text]Since the beginning of 2020, the Cure Violence team \u2014supervisors, outreach workers and \u201cinterrupters\u201d\u2014have received training in conflict resolution and emotions management, acquiring new tools to help them co-create and carry out workshops and activities with participants and people in the community who are interested in these issues. The team has identified key individuals among [&hellip;]\" \/>\n<meta property=\"og:url\" content=\"https:\/\/alvaralice.org\/en\/news\/cure-violence-plants-hope-in-the-neighborhoods-of-comuneros-i-and-charco-azul\/\" \/>\n<meta property=\"og:site_name\" content=\"Foundation Alvaralice\" \/>\n<meta property=\"article:published_time\" content=\"2020-04-11T21:52:52+00:00\" \/>\n<meta property=\"article:modified_time\" content=\"2020-04-30T21:53:58+00:00\" \/>\n<meta property=\"og:image\" content=\"https:\/\/alvaralice.org\/wp-content\/uploads\/sites\/2\/2020\/04\/CV-e1587412461417.jpeg\" \/>\n\t<meta property=\"og:image:width\" content=\"608\" \/>\n\t<meta property=\"og:image:height\" content=\"413\" \/>\n\t<meta property=\"og:image:type\" content=\"image\/jpeg\" \/>\n<meta name=\"author\" content=\"webmaster\" \/>\n<meta name=\"twitter:card\" content=\"summary_large_image\" \/>\n<meta name=\"twitter:label1\" content=\"Written by\" \/>\n\t<meta name=\"twitter:data1\" content=\"webmaster\" \/>\n\t<meta name=\"twitter:label2\" content=\"Est. reading time\" \/>\n\t<meta name=\"twitter:data2\" content=\"1 minute\" \/>\n<script type=\"application\/ld+json\" class=\"yoast-schema-graph\">{\"@context\":\"https:\/\/schema.org\",\"@graph\":[{\"@type\":\"WebPage\",\"@id\":\"https:\/\/alvaralice.org\/en\/news\/cure-violence-plants-hope-in-the-neighborhoods-of-comuneros-i-and-charco-azul\/\",\"url\":\"https:\/\/alvaralice.org\/en\/news\/cure-violence-plants-hope-in-the-neighborhoods-of-comuneros-i-and-charco-azul\/\",\"name\":\"Cure Violence plants hope in the neighborhoods of Comuneros I and Charco Azul - Foundation Alvaralice\",\"isPartOf\":{\"@id\":\"https:\/\/alvaralice.org\/en\/#website\"},\"datePublished\":\"2020-04-11T21:52:52+00:00\",\"dateModified\":\"2020-04-30T21:53:58+00:00\",\"author\":{\"@id\":\"https:\/\/alvaralice.org\/en\/#\/schema\/person\/5cf4244819020231d315646bab5cb909\"},\"breadcrumb\":{\"@id\":\"https:\/\/alvaralice.org\/en\/news\/cure-violence-plants-hope-in-the-neighborhoods-of-comuneros-i-and-charco-azul\/#breadcrumb\"},\"inLanguage\":\"en-US\",\"potentialAction\":[{\"@type\":\"ReadAction\",\"target\":[\"https:\/\/alvaralice.org\/en\/news\/cure-violence-plants-hope-in-the-neighborhoods-of-comuneros-i-and-charco-azul\/\"]}]},{\"@type\":\"BreadcrumbList\",\"@id\":\"https:\/\/alvaralice.org\/en\/news\/cure-violence-plants-hope-in-the-neighborhoods-of-comuneros-i-and-charco-azul\/#breadcrumb\",\"itemListElement\":[{\"@type\":\"ListItem\",\"position\":1,\"name\":\"Home\",\"item\":\"https:\/\/alvaralice.org\/en\/\"},{\"@type\":\"ListItem\",\"position\":2,\"name\":\"Cure Violence plants hope in the neighborhoods of Comuneros I and Charco Azul\"}]},{\"@type\":\"WebSite\",\"@id\":\"https:\/\/alvaralice.org\/en\/#website\",\"url\":\"https:\/\/alvaralice.org\/en\/\",\"name\":\"Foundation Alvaralice\",\"description\":\"La Fundaci\u00f3n Alvaralice es una entidad de car\u00e1cter privado, sin \u00e1nimo de lucro, creada en el 2003 en Cali\",\"potentialAction\":[{\"@type\":\"SearchAction\",\"target\":{\"@type\":\"EntryPoint\",\"urlTemplate\":\"https:\/\/alvaralice.org\/en\/?s={search_term_string}\"},\"query-input\":\"required name=search_term_string\"}],\"inLanguage\":\"en-US\"},{\"@type\":\"Person\",\"@id\":\"https:\/\/alvaralice.org\/en\/#\/schema\/person\/5cf4244819020231d315646bab5cb909\",\"name\":\"webmaster\",\"image\":{\"@type\":\"ImageObject\",\"inLanguage\":\"en-US\",\"@id\":\"https:\/\/alvaralice.org\/en\/#\/schema\/person\/image\/\",\"url\":\"https:\/\/secure.gravatar.com\/avatar\/715e4b0d466276944458f831874125d0?s=96&d=mm&r=g\",\"contentUrl\":\"https:\/\/secure.gravatar.com\/avatar\/715e4b0d466276944458f831874125d0?s=96&d=mm&r=g\",\"caption\":\"webmaster\"},\"url\":\"https:\/\/alvaralice.org\/en\/author\/webmaster\/\"}]}<\/script>\n<!-- \/ Yoast SEO Premium plugin. -->","yoast_head_json":{"title":"Cure Violence plants hope in the neighborhoods of Comuneros I and Charco Azul - Foundation Alvaralice","robots":{"index":"index","follow":"follow","max-snippet":"max-snippet:-1","max-image-preview":"max-image-preview:large","max-video-preview":"max-video-preview:-1"},"canonical":"https:\/\/alvaralice.org\/en\/news\/cure-violence-plants-hope-in-the-neighborhoods-of-comuneros-i-and-charco-azul\/","og_locale":"en_US","og_type":"article","og_title":"Cure Violence plants hope in the neighborhoods of Comuneros I and Charco Azul","og_description":"[vc_row][vc_column][vc_column_text]Since the beginning of 2020, the Cure Violence team \u2014supervisors, outreach workers and \u201cinterrupters\u201d\u2014have received training in conflict resolution and emotions management, acquiring new tools to help them co-create and carry out workshops and activities with participants and people in the community who are interested in these issues. The team has identified key individuals among [&hellip;]","og_url":"https:\/\/alvaralice.org\/en\/news\/cure-violence-plants-hope-in-the-neighborhoods-of-comuneros-i-and-charco-azul\/","og_site_name":"Foundation Alvaralice","article_published_time":"2020-04-11T21:52:52+00:00","article_modified_time":"2020-04-30T21:53:58+00:00","og_image":[{"width":608,"height":413,"url":"https:\/\/alvaralice.org\/wp-content\/uploads\/sites\/2\/2020\/04\/CV-e1587412461417.jpeg","type":"image\/jpeg"}],"author":"webmaster","twitter_card":"summary_large_image","twitter_misc":{"Written by":"webmaster","Est. reading time":"1 minute"},"schema":{"@context":"https:\/\/schema.org","@graph":[{"@type":"WebPage","@id":"https:\/\/alvaralice.org\/en\/news\/cure-violence-plants-hope-in-the-neighborhoods-of-comuneros-i-and-charco-azul\/","url":"https:\/\/alvaralice.org\/en\/news\/cure-violence-plants-hope-in-the-neighborhoods-of-comuneros-i-and-charco-azul\/","name":"Cure Violence plants hope in the neighborhoods of Comuneros I and Charco Azul - Foundation Alvaralice","isPartOf":{"@id":"https:\/\/alvaralice.org\/en\/#website"},"datePublished":"2020-04-11T21:52:52+00:00","dateModified":"2020-04-30T21:53:58+00:00","author":{"@id":"https:\/\/alvaralice.org\/en\/#\/schema\/person\/5cf4244819020231d315646bab5cb909"},"breadcrumb":{"@id":"https:\/\/alvaralice.org\/en\/news\/cure-violence-plants-hope-in-the-neighborhoods-of-comuneros-i-and-charco-azul\/#breadcrumb"},"inLanguage":"en-US","potentialAction":[{"@type":"ReadAction","target":["https:\/\/alvaralice.org\/en\/news\/cure-violence-plants-hope-in-the-neighborhoods-of-comuneros-i-and-charco-azul\/"]}]},{"@type":"BreadcrumbList","@id":"https:\/\/alvaralice.org\/en\/news\/cure-violence-plants-hope-in-the-neighborhoods-of-comuneros-i-and-charco-azul\/#breadcrumb","itemListElement":[{"@type":"ListItem","position":1,"name":"Home","item":"https:\/\/alvaralice.org\/en\/"},{"@type":"ListItem","position":2,"name":"Cure Violence plants hope in the neighborhoods of Comuneros I and Charco Azul"}]},{"@type":"WebSite","@id":"https:\/\/alvaralice.org\/en\/#website","url":"https:\/\/alvaralice.org\/en\/","name":"Foundation Alvaralice","description":"La Fundaci\u00f3n Alvaralice es una entidad de car\u00e1cter privado, sin \u00e1nimo de lucro, creada en el 2003 en Cali","potentialAction":[{"@type":"SearchAction","target":{"@type":"EntryPoint","urlTemplate":"https:\/\/alvaralice.org\/en\/?s={search_term_string}"},"query-input":"required name=search_term_string"}],"inLanguage":"en-US"},{"@type":"Person","@id":"https:\/\/alvaralice.org\/en\/#\/schema\/person\/5cf4244819020231d315646bab5cb909","name":"webmaster","image":{"@type":"ImageObject","inLanguage":"en-US","@id":"https:\/\/alvaralice.org\/en\/#\/schema\/person\/image\/","url":"https:\/\/secure.gravatar.com\/avatar\/715e4b0d466276944458f831874125d0?s=96&d=mm&r=g","contentUrl":"https:\/\/secure.gravatar.com\/avatar\/715e4b0d466276944458f831874125d0?s=96&d=mm&r=g","caption":"webmaster"},"url":"https:\/\/alvaralice.org\/en\/author\/webmaster\/"}]}},"_links":{"self":[{"href":"https:\/\/alvaralice.org\/en\/wp-json\/wp\/v2\/posts\/3014","targetHints":{"allow":["GET"]}}],"collection":[{"href":"https:\/\/alvaralice.org\/en\/wp-json\/wp\/v2\/posts"}],"about":[{"href":"https:\/\/alvaralice.org\/en\/wp-json\/wp\/v2\/types\/post"}],"author":[{"embeddable":true,"href":"https:\/\/alvaralice.org\/en\/wp-json\/wp\/v2\/users\/1"}],"replies":[{"embeddable":true,"href":"https:\/\/alvaralice.org\/en\/wp-json\/wp\/v2\/comments?post=3014"}],"version-history":[{"count":1,"href":"https:\/\/alvaralice.org\/en\/wp-json\/wp\/v2\/posts\/3014\/revisions"}],"predecessor-version":[{"id":3016,"href":"https:\/\/alvaralice.org\/en\/wp-json\/wp\/v2\/posts\/3014\/revisions\/3016"}],"wp:featuredmedia":[{"embeddable":true,"href":"https:\/\/alvaralice.org\/en\/wp-json\/wp\/v2\/media\/3015"}],"wp:attachment":[{"href":"https:\/\/alvaralice.org\/en\/wp-json\/wp\/v2\/media?parent=3014"}],"wp:term":[{"taxonomy":"category","embeddable":true,"href":"https:\/\/alvaralice.org\/en\/wp-json\/wp\/v2\/categories?post=3014"},{"taxonomy":"post_tag","embeddable":true,"href":"https:\/\/alvaralice.org\/en\/wp-json\/wp\/v2\/tags?post=3014"}],"curies":[{"name":"wp","href":"https:\/\/api.w.org\/{rel}","templated":true}]}}