{"id":3054,"date":"2020-07-30T15:43:14","date_gmt":"2020-07-30T15:43:14","guid":{"rendered":"https:\/\/alvaralice.org\/en\/?p=3054"},"modified":"2020-08-21T21:22:33","modified_gmt":"2020-08-21T21:22:33","slug":"learn-about-the-initiative-that-won-third-place-in-the-civic-award-por-una-mejor-ciudad","status":"publish","type":"post","link":"https:\/\/alvaralice.org\/en\/news\/learn-about-the-initiative-that-won-third-place-in-the-civic-award-por-una-mejor-ciudad\/","title":{"rendered":"Learn about the initiative that won third place in the civic award \u201cPor una Ciudad Mejor\u201d"},"content":{"rendered":"<p>[vc_row][vc_column][vc_video link=&#8221;https:\/\/www.youtube.com\/watch?v=lImy-7Wiem0&#8243;][vc_column_text]The initiative &#8220;<em>Me Integro como Mujer<\/em>\u201d of the Progresar Foundation won the third place award of the 10th civic award \u201c<em>Por una Mejor Ciudad<\/em>\u201d. In recognition of this award, it will receive an investment in seed capital of 5 million pesos (US$1,450) to continue working with female heads of households, emphasizing the caregiver role and ensuring the protection of those with cognitive or intellectual disabilities.[\/vc_column_text][\/vc_column][\/vc_row]<\/p>\n","protected":false},"excerpt":{"rendered":"<p>[vc_row][vc_column][vc_video link=&#8221;https:\/\/www.youtube.com\/watch?v=lImy-7Wiem0&#8243;][vc_column_text]The initiative &#8220;Me Integro como Mujer\u201d of the Progresar Foundation won the third place award of the 10th civic award \u201cPor una Mejor Ciudad\u201d. In recognition of this award, it will receive an investment in seed capital of 5 million pesos (US$1,450) to continue working with female heads of households, emphasizing the caregiver role [&hellip;]<\/p>\n","protected":false},"author":1,"featured_media":3055,"comment_status":"open","ping_status":"open","sticky":false,"template":"","format":"standard","meta":{"footnotes":""},"categories":[3],"tags":[],"class_list":["post-3054","post","type-post","status-publish","format-standard","has-post-thumbnail","hentry","category-news"],"acf":[],"yoast_head":"<!-- This site is optimized with the Yoast SEO Premium plugin v20.8 (Yoast SEO v20.8) - https:\/\/yoast.com\/wordpress\/plugins\/seo\/ -->\n<title>Learn about the initiative that won third place in the civic award \u201cPor una Ciudad Mejor\u201d - Foundation Alvaralice<\/title>\n<meta name=\"robots\" content=\"index, follow, max-snippet:-1, max-image-preview:large, max-video-preview:-1\" \/>\n<link rel=\"canonical\" href=\"https:\/\/alvaralice.org\/en\/news\/learn-about-the-initiative-that-won-third-place-in-the-civic-award-por-una-mejor-ciudad\/\" \/>\n<meta property=\"og:locale\" content=\"en_US\" \/>\n<meta property=\"og:type\" content=\"article\" \/>\n<meta property=\"og:title\" content=\"Learn about the initiative that won third place in the civic award \u201cPor una Ciudad Mejor\u201d\" \/>\n<meta property=\"og:description\" content=\"[vc_row][vc_column][vc_video link=&#8221;https:\/\/www.youtube.com\/watch?v=lImy-7Wiem0&#8243;][vc_column_text]The initiative &#8220;Me Integro como Mujer\u201d of the Progresar Foundation won the third place award of the 10th civic award \u201cPor una Mejor Ciudad\u201d. In recognition of this award, it will receive an investment in seed capital of 5 million pesos (US$1,450) to continue working with female heads of households, emphasizing the caregiver role [&hellip;]\" \/>\n<meta property=\"og:url\" content=\"https:\/\/alvaralice.org\/en\/news\/learn-about-the-initiative-that-won-third-place-in-the-civic-award-por-una-mejor-ciudad\/\" \/>\n<meta property=\"og:site_name\" content=\"Foundation Alvaralice\" \/>\n<meta property=\"article:published_time\" content=\"2020-07-30T15:43:14+00:00\" \/>\n<meta property=\"article:modified_time\" content=\"2020-08-21T21:22:33+00:00\" \/>\n<meta property=\"og:image\" content=\"https:\/\/alvaralice.org\/wp-content\/uploads\/sites\/2\/2020\/07\/PC.jpg\" \/>\n\t<meta property=\"og:image:width\" content=\"2500\" \/>\n\t<meta property=\"og:image:height\" content=\"2334\" \/>\n\t<meta property=\"og:image:type\" content=\"image\/jpeg\" \/>\n<meta name=\"author\" content=\"webmaster\" \/>\n<meta name=\"twitter:card\" content=\"summary_large_image\" \/>\n<meta name=\"twitter:label1\" content=\"Written by\" \/>\n\t<meta name=\"twitter:data1\" content=\"webmaster\" \/>\n<script type=\"application\/ld+json\" class=\"yoast-schema-graph\">{\"@context\":\"https:\/\/schema.org\",\"@graph\":[{\"@type\":\"WebPage\",\"@id\":\"https:\/\/alvaralice.org\/en\/news\/learn-about-the-initiative-that-won-third-place-in-the-civic-award-por-una-mejor-ciudad\/\",\"url\":\"https:\/\/alvaralice.org\/en\/news\/learn-about-the-initiative-that-won-third-place-in-the-civic-award-por-una-mejor-ciudad\/\",\"name\":\"Learn about the initiative that won third place in the civic award \u201cPor una Ciudad Mejor\u201d - Foundation Alvaralice\",\"isPartOf\":{\"@id\":\"https:\/\/alvaralice.org\/en\/#website\"},\"datePublished\":\"2020-07-30T15:43:14+00:00\",\"dateModified\":\"2020-08-21T21:22:33+00:00\",\"author\":{\"@id\":\"https:\/\/alvaralice.org\/en\/#\/schema\/person\/5cf4244819020231d315646bab5cb909\"},\"breadcrumb\":{\"@id\":\"https:\/\/alvaralice.org\/en\/news\/learn-about-the-initiative-that-won-third-place-in-the-civic-award-por-una-mejor-ciudad\/#breadcrumb\"},\"inLanguage\":\"en-US\",\"potentialAction\":[{\"@type\":\"ReadAction\",\"target\":[\"https:\/\/alvaralice.org\/en\/news\/learn-about-the-initiative-that-won-third-place-in-the-civic-award-por-una-mejor-ciudad\/\"]}]},{\"@type\":\"BreadcrumbList\",\"@id\":\"https:\/\/alvaralice.org\/en\/news\/learn-about-the-initiative-that-won-third-place-in-the-civic-award-por-una-mejor-ciudad\/#breadcrumb\",\"itemListElement\":[{\"@type\":\"ListItem\",\"position\":1,\"name\":\"Home\",\"item\":\"https:\/\/alvaralice.org\/en\/\"},{\"@type\":\"ListItem\",\"position\":2,\"name\":\"Learn about the initiative that won third place in the civic award \u201cPor una Ciudad Mejor\u201d\"}]},{\"@type\":\"WebSite\",\"@id\":\"https:\/\/alvaralice.org\/en\/#website\",\"url\":\"https:\/\/alvaralice.org\/en\/\",\"name\":\"Foundation Alvaralice\",\"description\":\"La Fundaci\u00f3n Alvaralice es una entidad de car\u00e1cter privado, sin \u00e1nimo de lucro, creada en el 2003 en Cali\",\"potentialAction\":[{\"@type\":\"SearchAction\",\"target\":{\"@type\":\"EntryPoint\",\"urlTemplate\":\"https:\/\/alvaralice.org\/en\/?s={search_term_string}\"},\"query-input\":\"required name=search_term_string\"}],\"inLanguage\":\"en-US\"},{\"@type\":\"Person\",\"@id\":\"https:\/\/alvaralice.org\/en\/#\/schema\/person\/5cf4244819020231d315646bab5cb909\",\"name\":\"webmaster\",\"image\":{\"@type\":\"ImageObject\",\"inLanguage\":\"en-US\",\"@id\":\"https:\/\/alvaralice.org\/en\/#\/schema\/person\/image\/\",\"url\":\"https:\/\/secure.gravatar.com\/avatar\/715e4b0d466276944458f831874125d0?s=96&d=mm&r=g\",\"contentUrl\":\"https:\/\/secure.gravatar.com\/avatar\/715e4b0d466276944458f831874125d0?s=96&d=mm&r=g\",\"caption\":\"webmaster\"},\"url\":\"https:\/\/alvaralice.org\/en\/author\/webmaster\/\"}]}<\/script>\n<!-- \/ Yoast SEO Premium plugin. -->","yoast_head_json":{"title":"Learn about the initiative that won third place in the civic award \u201cPor una Ciudad Mejor\u201d - Foundation Alvaralice","robots":{"index":"index","follow":"follow","max-snippet":"max-snippet:-1","max-image-preview":"max-image-preview:large","max-video-preview":"max-video-preview:-1"},"canonical":"https:\/\/alvaralice.org\/en\/news\/learn-about-the-initiative-that-won-third-place-in-the-civic-award-por-una-mejor-ciudad\/","og_locale":"en_US","og_type":"article","og_title":"Learn about the initiative that won third place in the civic award \u201cPor una Ciudad Mejor\u201d","og_description":"[vc_row][vc_column][vc_video link=&#8221;https:\/\/www.youtube.com\/watch?v=lImy-7Wiem0&#8243;][vc_column_text]The initiative &#8220;Me Integro como Mujer\u201d of the Progresar Foundation won the third place award of the 10th civic award \u201cPor una Mejor Ciudad\u201d. In recognition of this award, it will receive an investment in seed capital of 5 million pesos (US$1,450) to continue working with female heads of households, emphasizing the caregiver role [&hellip;]","og_url":"https:\/\/alvaralice.org\/en\/news\/learn-about-the-initiative-that-won-third-place-in-the-civic-award-por-una-mejor-ciudad\/","og_site_name":"Foundation Alvaralice","article_published_time":"2020-07-30T15:43:14+00:00","article_modified_time":"2020-08-21T21:22:33+00:00","og_image":[{"width":2500,"height":2334,"url":"https:\/\/alvaralice.org\/wp-content\/uploads\/sites\/2\/2020\/07\/PC.jpg","type":"image\/jpeg"}],"author":"webmaster","twitter_card":"summary_large_image","twitter_misc":{"Written by":"webmaster"},"schema":{"@context":"https:\/\/schema.org","@graph":[{"@type":"WebPage","@id":"https:\/\/alvaralice.org\/en\/news\/learn-about-the-initiative-that-won-third-place-in-the-civic-award-por-una-mejor-ciudad\/","url":"https:\/\/alvaralice.org\/en\/news\/learn-about-the-initiative-that-won-third-place-in-the-civic-award-por-una-mejor-ciudad\/","name":"Learn about the initiative that won third place in the civic award \u201cPor una Ciudad Mejor\u201d - Foundation Alvaralice","isPartOf":{"@id":"https:\/\/alvaralice.org\/en\/#website"},"datePublished":"2020-07-30T15:43:14+00:00","dateModified":"2020-08-21T21:22:33+00:00","author":{"@id":"https:\/\/alvaralice.org\/en\/#\/schema\/person\/5cf4244819020231d315646bab5cb909"},"breadcrumb":{"@id":"https:\/\/alvaralice.org\/en\/news\/learn-about-the-initiative-that-won-third-place-in-the-civic-award-por-una-mejor-ciudad\/#breadcrumb"},"inLanguage":"en-US","potentialAction":[{"@type":"ReadAction","target":["https:\/\/alvaralice.org\/en\/news\/learn-about-the-initiative-that-won-third-place-in-the-civic-award-por-una-mejor-ciudad\/"]}]},{"@type":"BreadcrumbList","@id":"https:\/\/alvaralice.org\/en\/news\/learn-about-the-initiative-that-won-third-place-in-the-civic-award-por-una-mejor-ciudad\/#breadcrumb","itemListElement":[{"@type":"ListItem","position":1,"name":"Home","item":"https:\/\/alvaralice.org\/en\/"},{"@type":"ListItem","position":2,"name":"Learn about the initiative that won third place in the civic award \u201cPor una Ciudad Mejor\u201d"}]},{"@type":"WebSite","@id":"https:\/\/alvaralice.org\/en\/#website","url":"https:\/\/alvaralice.org\/en\/","name":"Foundation Alvaralice","description":"La Fundaci\u00f3n Alvaralice es una entidad de car\u00e1cter privado, sin \u00e1nimo de lucro, creada en el 2003 en Cali","potentialAction":[{"@type":"SearchAction","target":{"@type":"EntryPoint","urlTemplate":"https:\/\/alvaralice.org\/en\/?s={search_term_string}"},"query-input":"required name=search_term_string"}],"inLanguage":"en-US"},{"@type":"Person","@id":"https:\/\/alvaralice.org\/en\/#\/schema\/person\/5cf4244819020231d315646bab5cb909","name":"webmaster","image":{"@type":"ImageObject","inLanguage":"en-US","@id":"https:\/\/alvaralice.org\/en\/#\/schema\/person\/image\/","url":"https:\/\/secure.gravatar.com\/avatar\/715e4b0d466276944458f831874125d0?s=96&d=mm&r=g","contentUrl":"https:\/\/secure.gravatar.com\/avatar\/715e4b0d466276944458f831874125d0?s=96&d=mm&r=g","caption":"webmaster"},"url":"https:\/\/alvaralice.org\/en\/author\/webmaster\/"}]}},"_links":{"self":[{"href":"https:\/\/alvaralice.org\/en\/wp-json\/wp\/v2\/posts\/3054","targetHints":{"allow":["GET"]}}],"collection":[{"href":"https:\/\/alvaralice.org\/en\/wp-json\/wp\/v2\/posts"}],"about":[{"href":"https:\/\/alvaralice.org\/en\/wp-json\/wp\/v2\/types\/post"}],"author":[{"embeddable":true,"href":"https:\/\/alvaralice.org\/en\/wp-json\/wp\/v2\/users\/1"}],"replies":[{"embeddable":true,"href":"https:\/\/alvaralice.org\/en\/wp-json\/wp\/v2\/comments?post=3054"}],"version-history":[{"count":4,"href":"https:\/\/alvaralice.org\/en\/wp-json\/wp\/v2\/posts\/3054\/revisions"}],"predecessor-version":[{"id":3076,"href":"https:\/\/alvaralice.org\/en\/wp-json\/wp\/v2\/posts\/3054\/revisions\/3076"}],"wp:featuredmedia":[{"embeddable":true,"href":"https:\/\/alvaralice.org\/en\/wp-json\/wp\/v2\/media\/3055"}],"wp:attachment":[{"href":"https:\/\/alvaralice.org\/en\/wp-json\/wp\/v2\/media?parent=3054"}],"wp:term":[{"taxonomy":"category","embeddable":true,"href":"https:\/\/alvaralice.org\/en\/wp-json\/wp\/v2\/categories?post=3054"},{"taxonomy":"post_tag","embeddable":true,"href":"https:\/\/alvaralice.org\/en\/wp-json\/wp\/v2\/tags?post=3054"}],"curies":[{"name":"wp","href":"https:\/\/api.w.org\/{rel}","templated":true}]}}