{"id":3156,"date":"2021-01-04T16:08:20","date_gmt":"2021-01-04T16:08:20","guid":{"rendered":"https:\/\/alvaralice.org\/en\/?p=3156"},"modified":"2021-01-04T16:08:20","modified_gmt":"2021-01-04T16:08:20","slug":"three-years-of-building-this-collective-biography","status":"publish","type":"post","link":"https:\/\/alvaralice.org\/en\/news\/three-years-of-building-this-collective-biography\/","title":{"rendered":"Three Years of Building this Collective Biography"},"content":{"rendered":"<p>[vc_row][vc_column][vc_column_text]<\/p>\n<p><iframe title=\"Colombianas, una biograf\u00eda colectiva - Trailer 2019\" width=\"500\" height=\"281\" src=\"https:\/\/www.youtube.com\/embed\/GrjuaWcflPk?feature=oembed\" frameborder=\"0\" allow=\"accelerometer; autoplay; clipboard-write; encrypted-media; gyroscope; picture-in-picture; web-share\" referrerpolicy=\"strict-origin-when-cross-origin\" allowfullscreen><\/iframe><\/p>\n<p>In November 2018, the project \u201c<a href=\"http:\/\/www.colombianas.org\">Colomb!anas: a Collective Biography<\/a>\u201d began and over the past three years, 42 women have joined their voices to share their life stories. The source of inspiration for this transmedia platform is the Cale\u00f1a writer and feminist, Elena Garc\u00e9s, through her book <em>Colombian Women: Their Struggle to Break the Silence.<\/em><\/p>\n<p>This project seeks to raise awareness about the importance of gender equality and the role of women in Colombia through different stories and content for social media and digital platforms.<\/p>\n<p>When you listen to a story, do you recognize yourself? When you tell it, do you break free? Listen, share. Join your voice to our history. #ManifiestoColombianas[\/vc_column_text][\/vc_column][\/vc_row]<\/p>\n","protected":false},"excerpt":{"rendered":"<p>[vc_row][vc_column][vc_column_text] In November 2018, the project \u201cColomb!anas: a Collective Biography\u201d began and over the past three years, 42 women have joined their voices to share their life stories. The source of inspiration for this transmedia platform is the Cale\u00f1a writer and feminist, Elena Garc\u00e9s, through her book Colombian Women: Their Struggle to Break the Silence. [&hellip;]<\/p>\n","protected":false},"author":3,"featured_media":3158,"comment_status":"open","ping_status":"open","sticky":false,"template":"","format":"standard","meta":{"footnotes":""},"categories":[3,41],"tags":[435],"class_list":["post-3156","post","type-post","status-publish","format-standard","has-post-thumbnail","hentry","category-news","category-noticias","tag-transforming-lives"],"acf":[],"yoast_head":"<!-- This site is optimized with the Yoast SEO Premium plugin v20.8 (Yoast SEO v20.8) - https:\/\/yoast.com\/wordpress\/plugins\/seo\/ -->\n<title>Three Years of Building this Collective Biography - Foundation Alvaralice<\/title>\n<meta name=\"description\" content=\"This project seeks to raise awareness about the importance of gender equality and the role of women in Colombia through different stories and content for social media and digital platforms.\" \/>\n<meta name=\"robots\" content=\"index, follow, max-snippet:-1, max-image-preview:large, max-video-preview:-1\" \/>\n<link rel=\"canonical\" href=\"https:\/\/alvaralice.org\/en\/news\/three-years-of-building-this-collective-biography\/\" \/>\n<meta property=\"og:locale\" content=\"en_US\" \/>\n<meta property=\"og:type\" content=\"article\" \/>\n<meta property=\"og:title\" content=\"Three Years of Building this Collective Biography\" \/>\n<meta property=\"og:description\" content=\"This project seeks to raise awareness about the importance of gender equality and the role of women in Colombia through different stories and content for social media and digital platforms.\" \/>\n<meta property=\"og:url\" content=\"https:\/\/alvaralice.org\/en\/news\/three-years-of-building-this-collective-biography\/\" \/>\n<meta property=\"og:site_name\" content=\"Foundation Alvaralice\" \/>\n<meta property=\"article:published_time\" content=\"2021-01-04T16:08:20+00:00\" \/>\n<meta property=\"og:image\" content=\"https:\/\/alvaralice.org\/wp-content\/uploads\/sites\/2\/2021\/01\/colombianas-dic.jpg\" \/>\n\t<meta property=\"og:image:width\" content=\"846\" \/>\n\t<meta property=\"og:image:height\" content=\"662\" \/>\n\t<meta property=\"og:image:type\" content=\"image\/jpeg\" \/>\n<meta name=\"author\" content=\"alvaralice\" \/>\n<meta name=\"twitter:card\" content=\"summary_large_image\" \/>\n<meta name=\"twitter:label1\" content=\"Written by\" \/>\n\t<meta name=\"twitter:data1\" content=\"alvaralice\" \/>\n\t<meta name=\"twitter:label2\" content=\"Est. reading time\" \/>\n\t<meta name=\"twitter:data2\" content=\"1 minute\" \/>\n<script type=\"application\/ld+json\" class=\"yoast-schema-graph\">{\"@context\":\"https:\/\/schema.org\",\"@graph\":[{\"@type\":\"WebPage\",\"@id\":\"https:\/\/alvaralice.org\/en\/news\/three-years-of-building-this-collective-biography\/\",\"url\":\"https:\/\/alvaralice.org\/en\/news\/three-years-of-building-this-collective-biography\/\",\"name\":\"Three Years of Building this Collective Biography - Foundation Alvaralice\",\"isPartOf\":{\"@id\":\"https:\/\/alvaralice.org\/en\/#website\"},\"datePublished\":\"2021-01-04T16:08:20+00:00\",\"dateModified\":\"2021-01-04T16:08:20+00:00\",\"author\":{\"@id\":\"https:\/\/alvaralice.org\/en\/#\/schema\/person\/75e5ffc1c0b995deaaa8bd021dfabd2f\"},\"description\":\"This project seeks to raise awareness about the importance of gender equality and the role of women in Colombia through different stories and content for social media and digital platforms.\",\"breadcrumb\":{\"@id\":\"https:\/\/alvaralice.org\/en\/news\/three-years-of-building-this-collective-biography\/#breadcrumb\"},\"inLanguage\":\"en-US\",\"potentialAction\":[{\"@type\":\"ReadAction\",\"target\":[\"https:\/\/alvaralice.org\/en\/news\/three-years-of-building-this-collective-biography\/\"]}]},{\"@type\":\"BreadcrumbList\",\"@id\":\"https:\/\/alvaralice.org\/en\/news\/three-years-of-building-this-collective-biography\/#breadcrumb\",\"itemListElement\":[{\"@type\":\"ListItem\",\"position\":1,\"name\":\"Home\",\"item\":\"https:\/\/alvaralice.org\/en\/\"},{\"@type\":\"ListItem\",\"position\":2,\"name\":\"Three Years of Building this Collective Biography\"}]},{\"@type\":\"WebSite\",\"@id\":\"https:\/\/alvaralice.org\/en\/#website\",\"url\":\"https:\/\/alvaralice.org\/en\/\",\"name\":\"Foundation Alvaralice\",\"description\":\"La Fundaci\u00f3n Alvaralice es una entidad de car\u00e1cter privado, sin \u00e1nimo de lucro, creada en el 2003 en Cali\",\"potentialAction\":[{\"@type\":\"SearchAction\",\"target\":{\"@type\":\"EntryPoint\",\"urlTemplate\":\"https:\/\/alvaralice.org\/en\/?s={search_term_string}\"},\"query-input\":\"required name=search_term_string\"}],\"inLanguage\":\"en-US\"},{\"@type\":\"Person\",\"@id\":\"https:\/\/alvaralice.org\/en\/#\/schema\/person\/75e5ffc1c0b995deaaa8bd021dfabd2f\",\"name\":\"alvaralice\",\"image\":{\"@type\":\"ImageObject\",\"inLanguage\":\"en-US\",\"@id\":\"https:\/\/alvaralice.org\/en\/#\/schema\/person\/image\/\",\"url\":\"https:\/\/secure.gravatar.com\/avatar\/7bbb218fe2ca7d93c0d52f3eadd6e2c4?s=96&d=mm&r=g\",\"contentUrl\":\"https:\/\/secure.gravatar.com\/avatar\/7bbb218fe2ca7d93c0d52f3eadd6e2c4?s=96&d=mm&r=g\",\"caption\":\"alvaralice\"},\"url\":\"https:\/\/alvaralice.org\/en\/author\/alvaralice\/\"}]}<\/script>\n<!-- \/ Yoast SEO Premium plugin. -->","yoast_head_json":{"title":"Three Years of Building this Collective Biography - Foundation Alvaralice","description":"This project seeks to raise awareness about the importance of gender equality and the role of women in Colombia through different stories and content for social media and digital platforms.","robots":{"index":"index","follow":"follow","max-snippet":"max-snippet:-1","max-image-preview":"max-image-preview:large","max-video-preview":"max-video-preview:-1"},"canonical":"https:\/\/alvaralice.org\/en\/news\/three-years-of-building-this-collective-biography\/","og_locale":"en_US","og_type":"article","og_title":"Three Years of Building this Collective Biography","og_description":"This project seeks to raise awareness about the importance of gender equality and the role of women in Colombia through different stories and content for social media and digital platforms.","og_url":"https:\/\/alvaralice.org\/en\/news\/three-years-of-building-this-collective-biography\/","og_site_name":"Foundation Alvaralice","article_published_time":"2021-01-04T16:08:20+00:00","og_image":[{"width":846,"height":662,"url":"https:\/\/alvaralice.org\/wp-content\/uploads\/sites\/2\/2021\/01\/colombianas-dic.jpg","type":"image\/jpeg"}],"author":"alvaralice","twitter_card":"summary_large_image","twitter_misc":{"Written by":"alvaralice","Est. reading time":"1 minute"},"schema":{"@context":"https:\/\/schema.org","@graph":[{"@type":"WebPage","@id":"https:\/\/alvaralice.org\/en\/news\/three-years-of-building-this-collective-biography\/","url":"https:\/\/alvaralice.org\/en\/news\/three-years-of-building-this-collective-biography\/","name":"Three Years of Building this Collective Biography - Foundation Alvaralice","isPartOf":{"@id":"https:\/\/alvaralice.org\/en\/#website"},"datePublished":"2021-01-04T16:08:20+00:00","dateModified":"2021-01-04T16:08:20+00:00","author":{"@id":"https:\/\/alvaralice.org\/en\/#\/schema\/person\/75e5ffc1c0b995deaaa8bd021dfabd2f"},"description":"This project seeks to raise awareness about the importance of gender equality and the role of women in Colombia through different stories and content for social media and digital platforms.","breadcrumb":{"@id":"https:\/\/alvaralice.org\/en\/news\/three-years-of-building-this-collective-biography\/#breadcrumb"},"inLanguage":"en-US","potentialAction":[{"@type":"ReadAction","target":["https:\/\/alvaralice.org\/en\/news\/three-years-of-building-this-collective-biography\/"]}]},{"@type":"BreadcrumbList","@id":"https:\/\/alvaralice.org\/en\/news\/three-years-of-building-this-collective-biography\/#breadcrumb","itemListElement":[{"@type":"ListItem","position":1,"name":"Home","item":"https:\/\/alvaralice.org\/en\/"},{"@type":"ListItem","position":2,"name":"Three Years of Building this Collective Biography"}]},{"@type":"WebSite","@id":"https:\/\/alvaralice.org\/en\/#website","url":"https:\/\/alvaralice.org\/en\/","name":"Foundation Alvaralice","description":"La Fundaci\u00f3n Alvaralice es una entidad de car\u00e1cter privado, sin \u00e1nimo de lucro, creada en el 2003 en Cali","potentialAction":[{"@type":"SearchAction","target":{"@type":"EntryPoint","urlTemplate":"https:\/\/alvaralice.org\/en\/?s={search_term_string}"},"query-input":"required name=search_term_string"}],"inLanguage":"en-US"},{"@type":"Person","@id":"https:\/\/alvaralice.org\/en\/#\/schema\/person\/75e5ffc1c0b995deaaa8bd021dfabd2f","name":"alvaralice","image":{"@type":"ImageObject","inLanguage":"en-US","@id":"https:\/\/alvaralice.org\/en\/#\/schema\/person\/image\/","url":"https:\/\/secure.gravatar.com\/avatar\/7bbb218fe2ca7d93c0d52f3eadd6e2c4?s=96&d=mm&r=g","contentUrl":"https:\/\/secure.gravatar.com\/avatar\/7bbb218fe2ca7d93c0d52f3eadd6e2c4?s=96&d=mm&r=g","caption":"alvaralice"},"url":"https:\/\/alvaralice.org\/en\/author\/alvaralice\/"}]}},"_links":{"self":[{"href":"https:\/\/alvaralice.org\/en\/wp-json\/wp\/v2\/posts\/3156","targetHints":{"allow":["GET"]}}],"collection":[{"href":"https:\/\/alvaralice.org\/en\/wp-json\/wp\/v2\/posts"}],"about":[{"href":"https:\/\/alvaralice.org\/en\/wp-json\/wp\/v2\/types\/post"}],"author":[{"embeddable":true,"href":"https:\/\/alvaralice.org\/en\/wp-json\/wp\/v2\/users\/3"}],"replies":[{"embeddable":true,"href":"https:\/\/alvaralice.org\/en\/wp-json\/wp\/v2\/comments?post=3156"}],"version-history":[{"count":1,"href":"https:\/\/alvaralice.org\/en\/wp-json\/wp\/v2\/posts\/3156\/revisions"}],"predecessor-version":[{"id":3159,"href":"https:\/\/alvaralice.org\/en\/wp-json\/wp\/v2\/posts\/3156\/revisions\/3159"}],"wp:featuredmedia":[{"embeddable":true,"href":"https:\/\/alvaralice.org\/en\/wp-json\/wp\/v2\/media\/3158"}],"wp:attachment":[{"href":"https:\/\/alvaralice.org\/en\/wp-json\/wp\/v2\/media?parent=3156"}],"wp:term":[{"taxonomy":"category","embeddable":true,"href":"https:\/\/alvaralice.org\/en\/wp-json\/wp\/v2\/categories?post=3156"},{"taxonomy":"post_tag","embeddable":true,"href":"https:\/\/alvaralice.org\/en\/wp-json\/wp\/v2\/tags?post=3156"}],"curies":[{"name":"wp","href":"https:\/\/api.w.org\/{rel}","templated":true}]}}