{"id":3160,"date":"2021-01-04T16:12:05","date_gmt":"2021-01-04T16:12:05","guid":{"rendered":"https:\/\/alvaralice.org\/en\/?p=3160"},"modified":"2021-01-04T17:46:37","modified_gmt":"2021-01-04T17:46:37","slug":"i-didnt-think-it-was-going-to-happen-to-me","status":"publish","type":"post","link":"https:\/\/alvaralice.org\/en\/news\/i-didnt-think-it-was-going-to-happen-to-me\/","title":{"rendered":"&#8220;I didn&#8217;t think it was going to happen to me&#8221;"},"content":{"rendered":"<p>[vc_row][vc_column][vc_column_text]Dora Land\u00e1zuri was born in Tumaco-Nari\u00f1o. She is a social activist and a multifaceted woman. While telling us her story, she poured her heart into every word of her testimony, opening the doors of her life and revealing things she had never told anyone before: how she became a survivor after the violence she suffered.<\/p>\n<p>The challenges that Dora has faced created the strength and leadership that today define her as a resilient woman and role model.<\/p>\n<p>Learn more about her and her inspiring story at <a href=\"http:\/\/www.colombianas.org\">www.colombianas.org<\/a>[\/vc_column_text][\/vc_column][\/vc_row]<\/p>\n","protected":false},"excerpt":{"rendered":"<p>[vc_row][vc_column][vc_column_text]Dora Land\u00e1zuri was born in Tumaco-Nari\u00f1o. She is a social activist and a multifaceted woman. While telling us her story, she poured her heart into every word of her testimony, opening the doors of her life and revealing things she had never told anyone before: how she became a survivor after the violence she suffered. [&hellip;]<\/p>\n","protected":false},"author":3,"featured_media":3161,"comment_status":"open","ping_status":"open","sticky":false,"template":"","format":"standard","meta":{"footnotes":""},"categories":[3,41],"tags":[],"class_list":["post-3160","post","type-post","status-publish","format-standard","has-post-thumbnail","hentry","category-news","category-noticias"],"acf":[],"yoast_head":"<!-- This site is optimized with the Yoast SEO Premium plugin v20.8 (Yoast SEO v20.8) - https:\/\/yoast.com\/wordpress\/plugins\/seo\/ -->\n<title>&quot;I didn&#039;t think it was going to happen to me&quot; - Foundation Alvaralice<\/title>\n<meta name=\"description\" content=\"The challenges that Dora has faced created the strength and leadership that today define her as a resilient woman and role model.\" \/>\n<meta name=\"robots\" content=\"index, follow, max-snippet:-1, max-image-preview:large, max-video-preview:-1\" \/>\n<link rel=\"canonical\" href=\"https:\/\/alvaralice.org\/en\/news\/i-didnt-think-it-was-going-to-happen-to-me\/\" \/>\n<meta property=\"og:locale\" content=\"en_US\" \/>\n<meta property=\"og:type\" content=\"article\" \/>\n<meta property=\"og:title\" content=\"&quot;I didn&#039;t think it was going to happen to me&quot;\" \/>\n<meta property=\"og:description\" content=\"The challenges that Dora has faced created the strength and leadership that today define her as a resilient woman and role model.\" \/>\n<meta property=\"og:url\" content=\"https:\/\/alvaralice.org\/en\/news\/i-didnt-think-it-was-going-to-happen-to-me\/\" \/>\n<meta property=\"og:site_name\" content=\"Foundation Alvaralice\" \/>\n<meta property=\"article:published_time\" content=\"2021-01-04T16:12:05+00:00\" \/>\n<meta property=\"article:modified_time\" content=\"2021-01-04T17:46:37+00:00\" \/>\n<meta property=\"og:image\" content=\"https:\/\/alvaralice.org\/wp-content\/uploads\/sites\/2\/2021\/01\/testimonio-No-pense-que-a-mi-me-iba-a-pasar-1536x1009-1.jpg\" \/>\n\t<meta property=\"og:image:width\" content=\"1536\" \/>\n\t<meta property=\"og:image:height\" content=\"1009\" \/>\n\t<meta property=\"og:image:type\" content=\"image\/jpeg\" \/>\n<meta name=\"author\" content=\"alvaralice\" \/>\n<meta name=\"twitter:card\" content=\"summary_large_image\" \/>\n<meta name=\"twitter:label1\" content=\"Written by\" \/>\n\t<meta name=\"twitter:data1\" content=\"alvaralice\" \/>\n\t<meta name=\"twitter:label2\" content=\"Est. reading time\" \/>\n\t<meta name=\"twitter:data2\" content=\"1 minute\" \/>\n<script type=\"application\/ld+json\" class=\"yoast-schema-graph\">{\"@context\":\"https:\/\/schema.org\",\"@graph\":[{\"@type\":\"WebPage\",\"@id\":\"https:\/\/alvaralice.org\/en\/news\/i-didnt-think-it-was-going-to-happen-to-me\/\",\"url\":\"https:\/\/alvaralice.org\/en\/news\/i-didnt-think-it-was-going-to-happen-to-me\/\",\"name\":\"\\\"I didn't think it was going to happen to me\\\" - Foundation Alvaralice\",\"isPartOf\":{\"@id\":\"https:\/\/alvaralice.org\/en\/#website\"},\"datePublished\":\"2021-01-04T16:12:05+00:00\",\"dateModified\":\"2021-01-04T17:46:37+00:00\",\"author\":{\"@id\":\"https:\/\/alvaralice.org\/en\/#\/schema\/person\/75e5ffc1c0b995deaaa8bd021dfabd2f\"},\"description\":\"The challenges that Dora has faced created the strength and leadership that today define her as a resilient woman and role model.\",\"breadcrumb\":{\"@id\":\"https:\/\/alvaralice.org\/en\/news\/i-didnt-think-it-was-going-to-happen-to-me\/#breadcrumb\"},\"inLanguage\":\"en-US\",\"potentialAction\":[{\"@type\":\"ReadAction\",\"target\":[\"https:\/\/alvaralice.org\/en\/news\/i-didnt-think-it-was-going-to-happen-to-me\/\"]}]},{\"@type\":\"BreadcrumbList\",\"@id\":\"https:\/\/alvaralice.org\/en\/news\/i-didnt-think-it-was-going-to-happen-to-me\/#breadcrumb\",\"itemListElement\":[{\"@type\":\"ListItem\",\"position\":1,\"name\":\"Home\",\"item\":\"https:\/\/alvaralice.org\/en\/\"},{\"@type\":\"ListItem\",\"position\":2,\"name\":\"&#8220;I didn&#8217;t think it was going to happen to me&#8221;\"}]},{\"@type\":\"WebSite\",\"@id\":\"https:\/\/alvaralice.org\/en\/#website\",\"url\":\"https:\/\/alvaralice.org\/en\/\",\"name\":\"Foundation Alvaralice\",\"description\":\"La Fundaci\u00f3n Alvaralice es una entidad de car\u00e1cter privado, sin \u00e1nimo de lucro, creada en el 2003 en Cali\",\"potentialAction\":[{\"@type\":\"SearchAction\",\"target\":{\"@type\":\"EntryPoint\",\"urlTemplate\":\"https:\/\/alvaralice.org\/en\/?s={search_term_string}\"},\"query-input\":\"required name=search_term_string\"}],\"inLanguage\":\"en-US\"},{\"@type\":\"Person\",\"@id\":\"https:\/\/alvaralice.org\/en\/#\/schema\/person\/75e5ffc1c0b995deaaa8bd021dfabd2f\",\"name\":\"alvaralice\",\"image\":{\"@type\":\"ImageObject\",\"inLanguage\":\"en-US\",\"@id\":\"https:\/\/alvaralice.org\/en\/#\/schema\/person\/image\/\",\"url\":\"https:\/\/secure.gravatar.com\/avatar\/7bbb218fe2ca7d93c0d52f3eadd6e2c4?s=96&d=mm&r=g\",\"contentUrl\":\"https:\/\/secure.gravatar.com\/avatar\/7bbb218fe2ca7d93c0d52f3eadd6e2c4?s=96&d=mm&r=g\",\"caption\":\"alvaralice\"},\"url\":\"https:\/\/alvaralice.org\/en\/author\/alvaralice\/\"}]}<\/script>\n<!-- \/ Yoast SEO Premium plugin. -->","yoast_head_json":{"title":"\"I didn't think it was going to happen to me\" - Foundation Alvaralice","description":"The challenges that Dora has faced created the strength and leadership that today define her as a resilient woman and role model.","robots":{"index":"index","follow":"follow","max-snippet":"max-snippet:-1","max-image-preview":"max-image-preview:large","max-video-preview":"max-video-preview:-1"},"canonical":"https:\/\/alvaralice.org\/en\/news\/i-didnt-think-it-was-going-to-happen-to-me\/","og_locale":"en_US","og_type":"article","og_title":"\"I didn't think it was going to happen to me\"","og_description":"The challenges that Dora has faced created the strength and leadership that today define her as a resilient woman and role model.","og_url":"https:\/\/alvaralice.org\/en\/news\/i-didnt-think-it-was-going-to-happen-to-me\/","og_site_name":"Foundation Alvaralice","article_published_time":"2021-01-04T16:12:05+00:00","article_modified_time":"2021-01-04T17:46:37+00:00","og_image":[{"width":1536,"height":1009,"url":"https:\/\/alvaralice.org\/wp-content\/uploads\/sites\/2\/2021\/01\/testimonio-No-pense-que-a-mi-me-iba-a-pasar-1536x1009-1.jpg","type":"image\/jpeg"}],"author":"alvaralice","twitter_card":"summary_large_image","twitter_misc":{"Written by":"alvaralice","Est. reading time":"1 minute"},"schema":{"@context":"https:\/\/schema.org","@graph":[{"@type":"WebPage","@id":"https:\/\/alvaralice.org\/en\/news\/i-didnt-think-it-was-going-to-happen-to-me\/","url":"https:\/\/alvaralice.org\/en\/news\/i-didnt-think-it-was-going-to-happen-to-me\/","name":"\"I didn't think it was going to happen to me\" - Foundation Alvaralice","isPartOf":{"@id":"https:\/\/alvaralice.org\/en\/#website"},"datePublished":"2021-01-04T16:12:05+00:00","dateModified":"2021-01-04T17:46:37+00:00","author":{"@id":"https:\/\/alvaralice.org\/en\/#\/schema\/person\/75e5ffc1c0b995deaaa8bd021dfabd2f"},"description":"The challenges that Dora has faced created the strength and leadership that today define her as a resilient woman and role model.","breadcrumb":{"@id":"https:\/\/alvaralice.org\/en\/news\/i-didnt-think-it-was-going-to-happen-to-me\/#breadcrumb"},"inLanguage":"en-US","potentialAction":[{"@type":"ReadAction","target":["https:\/\/alvaralice.org\/en\/news\/i-didnt-think-it-was-going-to-happen-to-me\/"]}]},{"@type":"BreadcrumbList","@id":"https:\/\/alvaralice.org\/en\/news\/i-didnt-think-it-was-going-to-happen-to-me\/#breadcrumb","itemListElement":[{"@type":"ListItem","position":1,"name":"Home","item":"https:\/\/alvaralice.org\/en\/"},{"@type":"ListItem","position":2,"name":"&#8220;I didn&#8217;t think it was going to happen to me&#8221;"}]},{"@type":"WebSite","@id":"https:\/\/alvaralice.org\/en\/#website","url":"https:\/\/alvaralice.org\/en\/","name":"Foundation Alvaralice","description":"La Fundaci\u00f3n Alvaralice es una entidad de car\u00e1cter privado, sin \u00e1nimo de lucro, creada en el 2003 en Cali","potentialAction":[{"@type":"SearchAction","target":{"@type":"EntryPoint","urlTemplate":"https:\/\/alvaralice.org\/en\/?s={search_term_string}"},"query-input":"required name=search_term_string"}],"inLanguage":"en-US"},{"@type":"Person","@id":"https:\/\/alvaralice.org\/en\/#\/schema\/person\/75e5ffc1c0b995deaaa8bd021dfabd2f","name":"alvaralice","image":{"@type":"ImageObject","inLanguage":"en-US","@id":"https:\/\/alvaralice.org\/en\/#\/schema\/person\/image\/","url":"https:\/\/secure.gravatar.com\/avatar\/7bbb218fe2ca7d93c0d52f3eadd6e2c4?s=96&d=mm&r=g","contentUrl":"https:\/\/secure.gravatar.com\/avatar\/7bbb218fe2ca7d93c0d52f3eadd6e2c4?s=96&d=mm&r=g","caption":"alvaralice"},"url":"https:\/\/alvaralice.org\/en\/author\/alvaralice\/"}]}},"_links":{"self":[{"href":"https:\/\/alvaralice.org\/en\/wp-json\/wp\/v2\/posts\/3160","targetHints":{"allow":["GET"]}}],"collection":[{"href":"https:\/\/alvaralice.org\/en\/wp-json\/wp\/v2\/posts"}],"about":[{"href":"https:\/\/alvaralice.org\/en\/wp-json\/wp\/v2\/types\/post"}],"author":[{"embeddable":true,"href":"https:\/\/alvaralice.org\/en\/wp-json\/wp\/v2\/users\/3"}],"replies":[{"embeddable":true,"href":"https:\/\/alvaralice.org\/en\/wp-json\/wp\/v2\/comments?post=3160"}],"version-history":[{"count":1,"href":"https:\/\/alvaralice.org\/en\/wp-json\/wp\/v2\/posts\/3160\/revisions"}],"predecessor-version":[{"id":3162,"href":"https:\/\/alvaralice.org\/en\/wp-json\/wp\/v2\/posts\/3160\/revisions\/3162"}],"wp:featuredmedia":[{"embeddable":true,"href":"https:\/\/alvaralice.org\/en\/wp-json\/wp\/v2\/media\/3161"}],"wp:attachment":[{"href":"https:\/\/alvaralice.org\/en\/wp-json\/wp\/v2\/media?parent=3160"}],"wp:term":[{"taxonomy":"category","embeddable":true,"href":"https:\/\/alvaralice.org\/en\/wp-json\/wp\/v2\/categories?post=3160"},{"taxonomy":"post_tag","embeddable":true,"href":"https:\/\/alvaralice.org\/en\/wp-json\/wp\/v2\/tags?post=3160"}],"curies":[{"name":"wp","href":"https:\/\/api.w.org\/{rel}","templated":true}]}}