{"id":3174,"date":"2021-02-17T21:18:20","date_gmt":"2021-02-17T21:18:20","guid":{"rendered":"https:\/\/alvaralice.org\/en\/sin-categoria\/somos-pacifico-arranca-sus-actividades-al-servicio-de-la-comunidad\/"},"modified":"2021-02-26T12:47:02","modified_gmt":"2021-02-26T12:47:02","slug":"somos-pacifico-arranca-sus-actividades-al-servicio-de-la-comunidad","status":"publish","type":"post","link":"https:\/\/alvaralice.org\/en\/news\/somos-pacifico-arranca-sus-actividades-al-servicio-de-la-comunidad\/","title":{"rendered":"Somos Pac\u00edfico restarts its activities to serve the community"},"content":{"rendered":"<p>[vc_row][vc_column][vc_column_text]The reopening of the\u00a0<a href=\"http:\/\/www.somospacifico.org\/\" target=\"_blank\" rel=\"noopener noreferrer\">Tecnocentro Cultural Somos Pac\u00edfico<\/a>\u00a0on February 2nd was a source of immense joy for the community of Potrero Grande. Despite the difficulties brought forth by the pandemic, the community was able to initiate their training. All activities followed rigorous biosafety protocols by limiting the number of people allowed indoors and by taking maximum advantage of the center\u2019s outdoor spaces.<\/p>\n<p>In Potrero Grande, schools are still closed and being held virtually, and for this reason, the Somos Pac\u00edfico community is grateful to be able to send their children to enjoy a safe and spacious learning environment at the\u00a0<a href=\"http:\/\/www.somospacifico.org\/\" target=\"_blank\" rel=\"noopener noreferrer\">Tecnocentro<\/a>.<\/p>\n<p>One of this institution\u2019s goals for 2021 is to generate self-sustaining and job-generating programs for the entire community. Community leaders are recruiting volunteers to plan projects focused on extending the\u00a0<a href=\"http:\/\/www.somospacifico.org\/\" target=\"_blank\" rel=\"noopener noreferrer\">Tecnocentro\u2019s<\/a>\u00a0service hours and improving public spaces. Additionally, the center is creating a pilot plan for garbage management, which will create employment, ecological awareness, and best practices in garbage recycling processes.[\/vc_column_text][vc_video link=&#8221;https:\/\/www.youtube.com\/watch?v=pimwMxhOfPQ&#8221;][\/vc_column][\/vc_row]<\/p>\n","protected":false},"excerpt":{"rendered":"<p>[vc_row][vc_column][vc_column_text]The reopening of the\u00a0Tecnocentro Cultural Somos Pac\u00edfico\u00a0on February 2nd was a source of immense joy for the community of Potrero Grande. Despite the difficulties brought forth by the pandemic, the community was able to initiate their training. All activities followed rigorous biosafety protocols by limiting the number of people allowed indoors and by taking maximum [&hellip;]<\/p>\n","protected":false},"author":1,"featured_media":3175,"comment_status":"open","ping_status":"open","sticky":false,"template":"","format":"standard","meta":{"footnotes":""},"categories":[3],"tags":[],"class_list":["post-3174","post","type-post","status-publish","format-standard","has-post-thumbnail","hentry","category-news"],"acf":[],"yoast_head":"<!-- This site is optimized with the Yoast SEO Premium plugin v20.8 (Yoast SEO v20.8) - https:\/\/yoast.com\/wordpress\/plugins\/seo\/ -->\n<title>Somos Pac\u00edfico restarts its activities to serve the community - Foundation Alvaralice<\/title>\n<meta name=\"robots\" content=\"index, follow, max-snippet:-1, max-image-preview:large, max-video-preview:-1\" \/>\n<link rel=\"canonical\" href=\"https:\/\/alvaralice.org\/en\/news\/somos-pacifico-arranca-sus-actividades-al-servicio-de-la-comunidad\/\" \/>\n<meta property=\"og:locale\" content=\"en_US\" \/>\n<meta property=\"og:type\" content=\"article\" \/>\n<meta property=\"og:title\" content=\"Somos Pac\u00edfico restarts its activities to serve the community\" \/>\n<meta property=\"og:description\" content=\"[vc_row][vc_column][vc_column_text]The reopening of the\u00a0Tecnocentro Cultural Somos Pac\u00edfico\u00a0on February 2nd was a source of immense joy for the community of Potrero Grande. Despite the difficulties brought forth by the pandemic, the community was able to initiate their training. All activities followed rigorous biosafety protocols by limiting the number of people allowed indoors and by taking maximum [&hellip;]\" \/>\n<meta property=\"og:url\" content=\"https:\/\/alvaralice.org\/en\/news\/somos-pacifico-arranca-sus-actividades-al-servicio-de-la-comunidad\/\" \/>\n<meta property=\"og:site_name\" content=\"Foundation Alvaralice\" \/>\n<meta property=\"article:published_time\" content=\"2021-02-17T21:18:20+00:00\" \/>\n<meta property=\"article:modified_time\" content=\"2021-02-26T12:47:02+00:00\" \/>\n<meta property=\"og:image\" content=\"https:\/\/alvaralice.org\/wp-content\/uploads\/sites\/2\/2021\/02\/Somos-Pacifico-arranca-sus-actividades-al-servicio-de-la-Comunidad.png\" \/>\n\t<meta property=\"og:image:width\" content=\"1225\" \/>\n\t<meta property=\"og:image:height\" content=\"685\" \/>\n\t<meta property=\"og:image:type\" content=\"image\/png\" \/>\n<meta name=\"author\" content=\"webmaster\" \/>\n<meta name=\"twitter:card\" content=\"summary_large_image\" \/>\n<meta name=\"twitter:label1\" content=\"Written by\" \/>\n\t<meta name=\"twitter:data1\" content=\"webmaster\" \/>\n\t<meta name=\"twitter:label2\" content=\"Est. reading time\" \/>\n\t<meta name=\"twitter:data2\" content=\"1 minute\" \/>\n<script type=\"application\/ld+json\" class=\"yoast-schema-graph\">{\"@context\":\"https:\/\/schema.org\",\"@graph\":[{\"@type\":\"WebPage\",\"@id\":\"https:\/\/alvaralice.org\/en\/news\/somos-pacifico-arranca-sus-actividades-al-servicio-de-la-comunidad\/\",\"url\":\"https:\/\/alvaralice.org\/en\/news\/somos-pacifico-arranca-sus-actividades-al-servicio-de-la-comunidad\/\",\"name\":\"Somos Pac\u00edfico restarts its activities to serve the community - Foundation Alvaralice\",\"isPartOf\":{\"@id\":\"https:\/\/alvaralice.org\/en\/#website\"},\"datePublished\":\"2021-02-17T21:18:20+00:00\",\"dateModified\":\"2021-02-26T12:47:02+00:00\",\"author\":{\"@id\":\"https:\/\/alvaralice.org\/en\/#\/schema\/person\/5cf4244819020231d315646bab5cb909\"},\"breadcrumb\":{\"@id\":\"https:\/\/alvaralice.org\/en\/news\/somos-pacifico-arranca-sus-actividades-al-servicio-de-la-comunidad\/#breadcrumb\"},\"inLanguage\":\"en-US\",\"potentialAction\":[{\"@type\":\"ReadAction\",\"target\":[\"https:\/\/alvaralice.org\/en\/news\/somos-pacifico-arranca-sus-actividades-al-servicio-de-la-comunidad\/\"]}]},{\"@type\":\"BreadcrumbList\",\"@id\":\"https:\/\/alvaralice.org\/en\/news\/somos-pacifico-arranca-sus-actividades-al-servicio-de-la-comunidad\/#breadcrumb\",\"itemListElement\":[{\"@type\":\"ListItem\",\"position\":1,\"name\":\"Home\",\"item\":\"https:\/\/alvaralice.org\/en\/\"},{\"@type\":\"ListItem\",\"position\":2,\"name\":\"Somos Pac\u00edfico restarts its activities to serve the community\"}]},{\"@type\":\"WebSite\",\"@id\":\"https:\/\/alvaralice.org\/en\/#website\",\"url\":\"https:\/\/alvaralice.org\/en\/\",\"name\":\"Foundation Alvaralice\",\"description\":\"La Fundaci\u00f3n Alvaralice es una entidad de car\u00e1cter privado, sin \u00e1nimo de lucro, creada en el 2003 en Cali\",\"potentialAction\":[{\"@type\":\"SearchAction\",\"target\":{\"@type\":\"EntryPoint\",\"urlTemplate\":\"https:\/\/alvaralice.org\/en\/?s={search_term_string}\"},\"query-input\":\"required name=search_term_string\"}],\"inLanguage\":\"en-US\"},{\"@type\":\"Person\",\"@id\":\"https:\/\/alvaralice.org\/en\/#\/schema\/person\/5cf4244819020231d315646bab5cb909\",\"name\":\"webmaster\",\"image\":{\"@type\":\"ImageObject\",\"inLanguage\":\"en-US\",\"@id\":\"https:\/\/alvaralice.org\/en\/#\/schema\/person\/image\/\",\"url\":\"https:\/\/secure.gravatar.com\/avatar\/715e4b0d466276944458f831874125d0?s=96&d=mm&r=g\",\"contentUrl\":\"https:\/\/secure.gravatar.com\/avatar\/715e4b0d466276944458f831874125d0?s=96&d=mm&r=g\",\"caption\":\"webmaster\"},\"url\":\"https:\/\/alvaralice.org\/en\/author\/webmaster\/\"}]}<\/script>\n<!-- \/ Yoast SEO Premium plugin. -->","yoast_head_json":{"title":"Somos Pac\u00edfico restarts its activities to serve the community - Foundation Alvaralice","robots":{"index":"index","follow":"follow","max-snippet":"max-snippet:-1","max-image-preview":"max-image-preview:large","max-video-preview":"max-video-preview:-1"},"canonical":"https:\/\/alvaralice.org\/en\/news\/somos-pacifico-arranca-sus-actividades-al-servicio-de-la-comunidad\/","og_locale":"en_US","og_type":"article","og_title":"Somos Pac\u00edfico restarts its activities to serve the community","og_description":"[vc_row][vc_column][vc_column_text]The reopening of the\u00a0Tecnocentro Cultural Somos Pac\u00edfico\u00a0on February 2nd was a source of immense joy for the community of Potrero Grande. Despite the difficulties brought forth by the pandemic, the community was able to initiate their training. All activities followed rigorous biosafety protocols by limiting the number of people allowed indoors and by taking maximum [&hellip;]","og_url":"https:\/\/alvaralice.org\/en\/news\/somos-pacifico-arranca-sus-actividades-al-servicio-de-la-comunidad\/","og_site_name":"Foundation Alvaralice","article_published_time":"2021-02-17T21:18:20+00:00","article_modified_time":"2021-02-26T12:47:02+00:00","og_image":[{"width":1225,"height":685,"url":"https:\/\/alvaralice.org\/wp-content\/uploads\/sites\/2\/2021\/02\/Somos-Pacifico-arranca-sus-actividades-al-servicio-de-la-Comunidad.png","type":"image\/png"}],"author":"webmaster","twitter_card":"summary_large_image","twitter_misc":{"Written by":"webmaster","Est. reading time":"1 minute"},"schema":{"@context":"https:\/\/schema.org","@graph":[{"@type":"WebPage","@id":"https:\/\/alvaralice.org\/en\/news\/somos-pacifico-arranca-sus-actividades-al-servicio-de-la-comunidad\/","url":"https:\/\/alvaralice.org\/en\/news\/somos-pacifico-arranca-sus-actividades-al-servicio-de-la-comunidad\/","name":"Somos Pac\u00edfico restarts its activities to serve the community - Foundation Alvaralice","isPartOf":{"@id":"https:\/\/alvaralice.org\/en\/#website"},"datePublished":"2021-02-17T21:18:20+00:00","dateModified":"2021-02-26T12:47:02+00:00","author":{"@id":"https:\/\/alvaralice.org\/en\/#\/schema\/person\/5cf4244819020231d315646bab5cb909"},"breadcrumb":{"@id":"https:\/\/alvaralice.org\/en\/news\/somos-pacifico-arranca-sus-actividades-al-servicio-de-la-comunidad\/#breadcrumb"},"inLanguage":"en-US","potentialAction":[{"@type":"ReadAction","target":["https:\/\/alvaralice.org\/en\/news\/somos-pacifico-arranca-sus-actividades-al-servicio-de-la-comunidad\/"]}]},{"@type":"BreadcrumbList","@id":"https:\/\/alvaralice.org\/en\/news\/somos-pacifico-arranca-sus-actividades-al-servicio-de-la-comunidad\/#breadcrumb","itemListElement":[{"@type":"ListItem","position":1,"name":"Home","item":"https:\/\/alvaralice.org\/en\/"},{"@type":"ListItem","position":2,"name":"Somos Pac\u00edfico restarts its activities to serve the community"}]},{"@type":"WebSite","@id":"https:\/\/alvaralice.org\/en\/#website","url":"https:\/\/alvaralice.org\/en\/","name":"Foundation Alvaralice","description":"La Fundaci\u00f3n Alvaralice es una entidad de car\u00e1cter privado, sin \u00e1nimo de lucro, creada en el 2003 en Cali","potentialAction":[{"@type":"SearchAction","target":{"@type":"EntryPoint","urlTemplate":"https:\/\/alvaralice.org\/en\/?s={search_term_string}"},"query-input":"required name=search_term_string"}],"inLanguage":"en-US"},{"@type":"Person","@id":"https:\/\/alvaralice.org\/en\/#\/schema\/person\/5cf4244819020231d315646bab5cb909","name":"webmaster","image":{"@type":"ImageObject","inLanguage":"en-US","@id":"https:\/\/alvaralice.org\/en\/#\/schema\/person\/image\/","url":"https:\/\/secure.gravatar.com\/avatar\/715e4b0d466276944458f831874125d0?s=96&d=mm&r=g","contentUrl":"https:\/\/secure.gravatar.com\/avatar\/715e4b0d466276944458f831874125d0?s=96&d=mm&r=g","caption":"webmaster"},"url":"https:\/\/alvaralice.org\/en\/author\/webmaster\/"}]}},"_links":{"self":[{"href":"https:\/\/alvaralice.org\/en\/wp-json\/wp\/v2\/posts\/3174","targetHints":{"allow":["GET"]}}],"collection":[{"href":"https:\/\/alvaralice.org\/en\/wp-json\/wp\/v2\/posts"}],"about":[{"href":"https:\/\/alvaralice.org\/en\/wp-json\/wp\/v2\/types\/post"}],"author":[{"embeddable":true,"href":"https:\/\/alvaralice.org\/en\/wp-json\/wp\/v2\/users\/1"}],"replies":[{"embeddable":true,"href":"https:\/\/alvaralice.org\/en\/wp-json\/wp\/v2\/comments?post=3174"}],"version-history":[{"count":1,"href":"https:\/\/alvaralice.org\/en\/wp-json\/wp\/v2\/posts\/3174\/revisions"}],"predecessor-version":[{"id":3184,"href":"https:\/\/alvaralice.org\/en\/wp-json\/wp\/v2\/posts\/3174\/revisions\/3184"}],"wp:featuredmedia":[{"embeddable":true,"href":"https:\/\/alvaralice.org\/en\/wp-json\/wp\/v2\/media\/3175"}],"wp:attachment":[{"href":"https:\/\/alvaralice.org\/en\/wp-json\/wp\/v2\/media?parent=3174"}],"wp:term":[{"taxonomy":"category","embeddable":true,"href":"https:\/\/alvaralice.org\/en\/wp-json\/wp\/v2\/categories?post=3174"},{"taxonomy":"post_tag","embeddable":true,"href":"https:\/\/alvaralice.org\/en\/wp-json\/wp\/v2\/tags?post=3174"}],"curies":[{"name":"wp","href":"https:\/\/api.w.org\/{rel}","templated":true}]}}