{"id":3260,"date":"2021-07-09T19:17:12","date_gmt":"2021-07-09T19:17:12","guid":{"rendered":"https:\/\/alvaralice.org\/en\/?p=3260"},"modified":"2021-07-12T21:17:12","modified_gmt":"2021-07-12T21:17:12","slug":"somos-pacifico-peace-and-art-from-the-east","status":"publish","type":"post","link":"https:\/\/alvaralice.org\/en\/news\/somos-pacifico-peace-and-art-from-the-east\/","title":{"rendered":"Somos Pac\u00edfico: \u201cPeace and Art from the East\u201d"},"content":{"rendered":"<p>[vc_row][vc_column][vc_video link=&#8221;https:\/\/www.youtube.com\/watch?v=QioDJUV4tR4&amp;ab_channel=TecnocentroCulturalSomosPacifico&#8221;][vc_column_text]Somos Pac\u00edfico recently held an event called &#8220;Peace and Art from the East&#8221;, which was a community gathering that is part of the training processes that take place in the Potrero Grande neighborhood in eastern Cali. In the event, participants reflected on issues dealing with peace, social transformation, and empathy, celebrating the voices of children and young people who, through dance, music, and painting, expressed their thoughts and feelings in the face of the social situation triggered by the national protests.<\/p>\n<p>The work of Somos Pac\u00edfico focuses on the social transformation of a neighborhood that has been historically hit by violence and where its people have countless needs. In this event, the artists, educators, and peacebuilders reaffirmed their belief that dialogue and respect for diversity is the best way to defeat violence and transform the lives of the people and their regions.[\/vc_column_text][\/vc_column][\/vc_row]<\/p>\n","protected":false},"excerpt":{"rendered":"<p>[vc_row][vc_column][vc_video link=&#8221;https:\/\/www.youtube.com\/watch?v=QioDJUV4tR4&amp;ab_channel=TecnocentroCulturalSomosPacifico&#8221;][vc_column_text]Somos Pac\u00edfico recently held an event called &#8220;Peace and Art from the East&#8221;, which was a community gathering that is part of the training processes that take place in the Potrero Grande neighborhood in eastern Cali. In the event, participants reflected on issues dealing with peace, social transformation, and empathy, celebrating the voices of [&hellip;]<\/p>\n","protected":false},"author":1,"featured_media":3261,"comment_status":"open","ping_status":"open","sticky":false,"template":"","format":"standard","meta":{"footnotes":""},"categories":[3],"tags":[],"class_list":["post-3260","post","type-post","status-publish","format-standard","has-post-thumbnail","hentry","category-news"],"acf":[],"yoast_head":"<!-- This site is optimized with the Yoast SEO Premium plugin v20.8 (Yoast SEO v20.8) - https:\/\/yoast.com\/wordpress\/plugins\/seo\/ -->\n<title>Somos Pac\u00edfico: \u201cPeace and Art from the East\u201d - Foundation Alvaralice<\/title>\n<meta name=\"robots\" content=\"index, follow, max-snippet:-1, max-image-preview:large, max-video-preview:-1\" \/>\n<link rel=\"canonical\" href=\"https:\/\/alvaralice.org\/en\/news\/somos-pacifico-peace-and-art-from-the-east\/\" \/>\n<meta property=\"og:locale\" content=\"en_US\" \/>\n<meta property=\"og:type\" content=\"article\" \/>\n<meta property=\"og:title\" content=\"Somos Pac\u00edfico: \u201cPeace and Art from the East\u201d\" \/>\n<meta property=\"og:description\" content=\"[vc_row][vc_column][vc_video link=&#8221;https:\/\/www.youtube.com\/watch?v=QioDJUV4tR4&amp;ab_channel=TecnocentroCulturalSomosPacifico&#8221;][vc_column_text]Somos Pac\u00edfico recently held an event called &#8220;Peace and Art from the East&#8221;, which was a community gathering that is part of the training processes that take place in the Potrero Grande neighborhood in eastern Cali. In the event, participants reflected on issues dealing with peace, social transformation, and empathy, celebrating the voices of [&hellip;]\" \/>\n<meta property=\"og:url\" content=\"https:\/\/alvaralice.org\/en\/news\/somos-pacifico-peace-and-art-from-the-east\/\" \/>\n<meta property=\"og:site_name\" content=\"Foundation Alvaralice\" \/>\n<meta property=\"article:published_time\" content=\"2021-07-09T19:17:12+00:00\" \/>\n<meta property=\"article:modified_time\" content=\"2021-07-12T21:17:12+00:00\" \/>\n<meta property=\"og:image\" content=\"https:\/\/alvaralice.org\/wp-content\/uploads\/sites\/2\/2021\/07\/Somos-Pacifico-Oriente-de-Paz-y-Arte.jpg\" \/>\n\t<meta property=\"og:image:width\" content=\"1280\" \/>\n\t<meta property=\"og:image:height\" content=\"853\" \/>\n\t<meta property=\"og:image:type\" content=\"image\/jpeg\" \/>\n<meta name=\"author\" content=\"webmaster\" \/>\n<meta name=\"twitter:card\" content=\"summary_large_image\" \/>\n<meta name=\"twitter:label1\" content=\"Written by\" \/>\n\t<meta name=\"twitter:data1\" content=\"webmaster\" \/>\n\t<meta name=\"twitter:label2\" content=\"Est. reading time\" \/>\n\t<meta name=\"twitter:data2\" content=\"1 minute\" \/>\n<script type=\"application\/ld+json\" class=\"yoast-schema-graph\">{\"@context\":\"https:\/\/schema.org\",\"@graph\":[{\"@type\":\"WebPage\",\"@id\":\"https:\/\/alvaralice.org\/en\/news\/somos-pacifico-peace-and-art-from-the-east\/\",\"url\":\"https:\/\/alvaralice.org\/en\/news\/somos-pacifico-peace-and-art-from-the-east\/\",\"name\":\"Somos Pac\u00edfico: \u201cPeace and Art from the East\u201d - Foundation Alvaralice\",\"isPartOf\":{\"@id\":\"https:\/\/alvaralice.org\/en\/#website\"},\"datePublished\":\"2021-07-09T19:17:12+00:00\",\"dateModified\":\"2021-07-12T21:17:12+00:00\",\"author\":{\"@id\":\"https:\/\/alvaralice.org\/en\/#\/schema\/person\/5cf4244819020231d315646bab5cb909\"},\"breadcrumb\":{\"@id\":\"https:\/\/alvaralice.org\/en\/news\/somos-pacifico-peace-and-art-from-the-east\/#breadcrumb\"},\"inLanguage\":\"en-US\",\"potentialAction\":[{\"@type\":\"ReadAction\",\"target\":[\"https:\/\/alvaralice.org\/en\/news\/somos-pacifico-peace-and-art-from-the-east\/\"]}]},{\"@type\":\"BreadcrumbList\",\"@id\":\"https:\/\/alvaralice.org\/en\/news\/somos-pacifico-peace-and-art-from-the-east\/#breadcrumb\",\"itemListElement\":[{\"@type\":\"ListItem\",\"position\":1,\"name\":\"Home\",\"item\":\"https:\/\/alvaralice.org\/en\/\"},{\"@type\":\"ListItem\",\"position\":2,\"name\":\"Somos Pac\u00edfico: \u201cPeace and Art from the East\u201d\"}]},{\"@type\":\"WebSite\",\"@id\":\"https:\/\/alvaralice.org\/en\/#website\",\"url\":\"https:\/\/alvaralice.org\/en\/\",\"name\":\"Foundation Alvaralice\",\"description\":\"La Fundaci\u00f3n Alvaralice es una entidad de car\u00e1cter privado, sin \u00e1nimo de lucro, creada en el 2003 en Cali\",\"potentialAction\":[{\"@type\":\"SearchAction\",\"target\":{\"@type\":\"EntryPoint\",\"urlTemplate\":\"https:\/\/alvaralice.org\/en\/?s={search_term_string}\"},\"query-input\":\"required name=search_term_string\"}],\"inLanguage\":\"en-US\"},{\"@type\":\"Person\",\"@id\":\"https:\/\/alvaralice.org\/en\/#\/schema\/person\/5cf4244819020231d315646bab5cb909\",\"name\":\"webmaster\",\"image\":{\"@type\":\"ImageObject\",\"inLanguage\":\"en-US\",\"@id\":\"https:\/\/alvaralice.org\/en\/#\/schema\/person\/image\/\",\"url\":\"https:\/\/secure.gravatar.com\/avatar\/715e4b0d466276944458f831874125d0?s=96&d=mm&r=g\",\"contentUrl\":\"https:\/\/secure.gravatar.com\/avatar\/715e4b0d466276944458f831874125d0?s=96&d=mm&r=g\",\"caption\":\"webmaster\"},\"url\":\"https:\/\/alvaralice.org\/en\/author\/webmaster\/\"}]}<\/script>\n<!-- \/ Yoast SEO Premium plugin. -->","yoast_head_json":{"title":"Somos Pac\u00edfico: \u201cPeace and Art from the East\u201d - Foundation Alvaralice","robots":{"index":"index","follow":"follow","max-snippet":"max-snippet:-1","max-image-preview":"max-image-preview:large","max-video-preview":"max-video-preview:-1"},"canonical":"https:\/\/alvaralice.org\/en\/news\/somos-pacifico-peace-and-art-from-the-east\/","og_locale":"en_US","og_type":"article","og_title":"Somos Pac\u00edfico: \u201cPeace and Art from the East\u201d","og_description":"[vc_row][vc_column][vc_video link=&#8221;https:\/\/www.youtube.com\/watch?v=QioDJUV4tR4&amp;ab_channel=TecnocentroCulturalSomosPacifico&#8221;][vc_column_text]Somos Pac\u00edfico recently held an event called &#8220;Peace and Art from the East&#8221;, which was a community gathering that is part of the training processes that take place in the Potrero Grande neighborhood in eastern Cali. In the event, participants reflected on issues dealing with peace, social transformation, and empathy, celebrating the voices of [&hellip;]","og_url":"https:\/\/alvaralice.org\/en\/news\/somos-pacifico-peace-and-art-from-the-east\/","og_site_name":"Foundation Alvaralice","article_published_time":"2021-07-09T19:17:12+00:00","article_modified_time":"2021-07-12T21:17:12+00:00","og_image":[{"width":1280,"height":853,"url":"https:\/\/alvaralice.org\/wp-content\/uploads\/sites\/2\/2021\/07\/Somos-Pacifico-Oriente-de-Paz-y-Arte.jpg","type":"image\/jpeg"}],"author":"webmaster","twitter_card":"summary_large_image","twitter_misc":{"Written by":"webmaster","Est. reading time":"1 minute"},"schema":{"@context":"https:\/\/schema.org","@graph":[{"@type":"WebPage","@id":"https:\/\/alvaralice.org\/en\/news\/somos-pacifico-peace-and-art-from-the-east\/","url":"https:\/\/alvaralice.org\/en\/news\/somos-pacifico-peace-and-art-from-the-east\/","name":"Somos Pac\u00edfico: \u201cPeace and Art from the East\u201d - Foundation Alvaralice","isPartOf":{"@id":"https:\/\/alvaralice.org\/en\/#website"},"datePublished":"2021-07-09T19:17:12+00:00","dateModified":"2021-07-12T21:17:12+00:00","author":{"@id":"https:\/\/alvaralice.org\/en\/#\/schema\/person\/5cf4244819020231d315646bab5cb909"},"breadcrumb":{"@id":"https:\/\/alvaralice.org\/en\/news\/somos-pacifico-peace-and-art-from-the-east\/#breadcrumb"},"inLanguage":"en-US","potentialAction":[{"@type":"ReadAction","target":["https:\/\/alvaralice.org\/en\/news\/somos-pacifico-peace-and-art-from-the-east\/"]}]},{"@type":"BreadcrumbList","@id":"https:\/\/alvaralice.org\/en\/news\/somos-pacifico-peace-and-art-from-the-east\/#breadcrumb","itemListElement":[{"@type":"ListItem","position":1,"name":"Home","item":"https:\/\/alvaralice.org\/en\/"},{"@type":"ListItem","position":2,"name":"Somos Pac\u00edfico: \u201cPeace and Art from the East\u201d"}]},{"@type":"WebSite","@id":"https:\/\/alvaralice.org\/en\/#website","url":"https:\/\/alvaralice.org\/en\/","name":"Foundation Alvaralice","description":"La Fundaci\u00f3n Alvaralice es una entidad de car\u00e1cter privado, sin \u00e1nimo de lucro, creada en el 2003 en Cali","potentialAction":[{"@type":"SearchAction","target":{"@type":"EntryPoint","urlTemplate":"https:\/\/alvaralice.org\/en\/?s={search_term_string}"},"query-input":"required name=search_term_string"}],"inLanguage":"en-US"},{"@type":"Person","@id":"https:\/\/alvaralice.org\/en\/#\/schema\/person\/5cf4244819020231d315646bab5cb909","name":"webmaster","image":{"@type":"ImageObject","inLanguage":"en-US","@id":"https:\/\/alvaralice.org\/en\/#\/schema\/person\/image\/","url":"https:\/\/secure.gravatar.com\/avatar\/715e4b0d466276944458f831874125d0?s=96&d=mm&r=g","contentUrl":"https:\/\/secure.gravatar.com\/avatar\/715e4b0d466276944458f831874125d0?s=96&d=mm&r=g","caption":"webmaster"},"url":"https:\/\/alvaralice.org\/en\/author\/webmaster\/"}]}},"_links":{"self":[{"href":"https:\/\/alvaralice.org\/en\/wp-json\/wp\/v2\/posts\/3260","targetHints":{"allow":["GET"]}}],"collection":[{"href":"https:\/\/alvaralice.org\/en\/wp-json\/wp\/v2\/posts"}],"about":[{"href":"https:\/\/alvaralice.org\/en\/wp-json\/wp\/v2\/types\/post"}],"author":[{"embeddable":true,"href":"https:\/\/alvaralice.org\/en\/wp-json\/wp\/v2\/users\/1"}],"replies":[{"embeddable":true,"href":"https:\/\/alvaralice.org\/en\/wp-json\/wp\/v2\/comments?post=3260"}],"version-history":[{"count":2,"href":"https:\/\/alvaralice.org\/en\/wp-json\/wp\/v2\/posts\/3260\/revisions"}],"predecessor-version":[{"id":3272,"href":"https:\/\/alvaralice.org\/en\/wp-json\/wp\/v2\/posts\/3260\/revisions\/3272"}],"wp:featuredmedia":[{"embeddable":true,"href":"https:\/\/alvaralice.org\/en\/wp-json\/wp\/v2\/media\/3261"}],"wp:attachment":[{"href":"https:\/\/alvaralice.org\/en\/wp-json\/wp\/v2\/media?parent=3260"}],"wp:term":[{"taxonomy":"category","embeddable":true,"href":"https:\/\/alvaralice.org\/en\/wp-json\/wp\/v2\/categories?post=3260"},{"taxonomy":"post_tag","embeddable":true,"href":"https:\/\/alvaralice.org\/en\/wp-json\/wp\/v2\/tags?post=3260"}],"curies":[{"name":"wp","href":"https:\/\/api.w.org\/{rel}","templated":true}]}}