{"id":3289,"date":"2021-10-15T13:57:41","date_gmt":"2021-10-15T13:57:41","guid":{"rendered":"https:\/\/alvaralice.org\/en\/?p=3289"},"modified":"2021-10-27T12:25:27","modified_gmt":"2021-10-27T12:25:27","slug":"compromiso-valle-a-social-initiative-of-business-leaders-and-individual-citizens","status":"publish","type":"post","link":"https:\/\/alvaralice.org\/en\/news\/compromiso-valle-a-social-initiative-of-business-leaders-and-individual-citizens\/","title":{"rendered":"\u201dCompromiso Valle\u201d a social initiative of business leaders and individual citizens"},"content":{"rendered":"<p>[vc_row][vc_column][vc_video link=&#8221;https:\/\/www.youtube.com\/watch?v=H29F5SBH0d0&amp;ab_channel=Fundaci%C3%B3nAlvaralice&#8221;][vc_column_text]\u201c<a href=\"http:\/\/www.compromisovalle.org\">Compromiso Valle<\/a>\u201d brings together citizens and business leaders in the Valle del Cauca to provide solutions for the great social challenges of the region. This initiative prioritizes six areas of work, with more than 15 social impact programs and it seeks to benefit 30,000 vulnerable citizens and their families in the cities of Buga, Candelaria, Cali, Jamund\u00ed, Palmira, Buenaventura, and Yumbo.<\/p>\n<p>The focus areas proposed are: food security, education, leadership, entrepreneurship, life projects\u2019 transformation, and employability. \u201cAbriendo Caminos\u201d and \u201cRumbo Joven\u201d, two projects developed by\u00a0 <a href=\"http:\/\/www.alvaralice.org\/en\/\">Alvaralice Foundation<\/a> are contributing to meet \u201c<a href=\"https:\/\/www.compromisovalle.org\/\">Compromiso Valle\u2019s<\/a>\u201d goals in two of its focus areas by working towards reducing the levels of violence by effective social rehabilitation processes and by providing specialized employment training for at-risk youth.<\/p>\n<p>\u201c<a href=\"https:\/\/www.compromisovalle.org\/\">Compromiso Valle<\/a>\u201d is a dynamic, constantly changing initiative with results projected in the short, medium, and long term and its purpose is to contribute to the reconciliation and reconstruction of the social fabric in the city of Cali and the Valle del Cauca Department.[\/vc_column_text][\/vc_column][\/vc_row]<\/p>\n","protected":false},"excerpt":{"rendered":"<p>[vc_row][vc_column][vc_video link=&#8221;https:\/\/www.youtube.com\/watch?v=H29F5SBH0d0&amp;ab_channel=Fundaci%C3%B3nAlvaralice&#8221;][vc_column_text]\u201cCompromiso Valle\u201d brings together citizens and business leaders in the Valle del Cauca to provide solutions for the great social challenges of the region. This initiative prioritizes six areas of work, with more than 15 social impact programs and it seeks to benefit 30,000 vulnerable citizens and their families in the cities of Buga, [&hellip;]<\/p>\n","protected":false},"author":1,"featured_media":3290,"comment_status":"open","ping_status":"open","sticky":false,"template":"","format":"standard","meta":{"footnotes":""},"categories":[3],"tags":[],"class_list":["post-3289","post","type-post","status-publish","format-standard","has-post-thumbnail","hentry","category-news"],"acf":[],"yoast_head":"<!-- This site is optimized with the Yoast SEO Premium plugin v20.8 (Yoast SEO v20.8) - https:\/\/yoast.com\/wordpress\/plugins\/seo\/ -->\n<title>\u201dCompromiso Valle\u201d a social initiative of business leaders and individual citizens - Foundation Alvaralice<\/title>\n<meta name=\"description\" content=\"\u201cCompromiso Valle\u201d brings together citizens and business leaders in the Valle del Cauca to provide solutions to the great social challenges of the region. This initiative prioritizes six areas of work, with more than 15 social impact programs and it seeks to benefit 30,000 vulnerable citizens and their families in the cities of Buga, Candelaria, Cali, Jamund\u00ed, Palmira, Buenaventura, and Yumbo.\" \/>\n<meta name=\"robots\" content=\"index, follow, max-snippet:-1, max-image-preview:large, max-video-preview:-1\" \/>\n<link rel=\"canonical\" href=\"https:\/\/alvaralice.org\/en\/news\/compromiso-valle-a-social-initiative-of-business-leaders-and-individual-citizens\/\" \/>\n<meta property=\"og:locale\" content=\"en_US\" \/>\n<meta property=\"og:type\" content=\"article\" \/>\n<meta property=\"og:title\" content=\"\u201dCompromiso Valle\u201d a social initiative of business leaders and individual citizens\" \/>\n<meta property=\"og:description\" content=\"\u201cCompromiso Valle\u201d brings together citizens and business leaders in the Valle del Cauca to provide solutions to the great social challenges of the region. This initiative prioritizes six areas of work, with more than 15 social impact programs and it seeks to benefit 30,000 vulnerable citizens and their families in the cities of Buga, Candelaria, Cali, Jamund\u00ed, Palmira, Buenaventura, and Yumbo.\" \/>\n<meta property=\"og:url\" content=\"https:\/\/alvaralice.org\/en\/news\/compromiso-valle-a-social-initiative-of-business-leaders-and-individual-citizens\/\" \/>\n<meta property=\"og:site_name\" content=\"Foundation Alvaralice\" \/>\n<meta property=\"article:published_time\" content=\"2021-10-15T13:57:41+00:00\" \/>\n<meta property=\"article:modified_time\" content=\"2021-10-27T12:25:27+00:00\" \/>\n<meta property=\"og:image\" content=\"https:\/\/alvaralice.org\/wp-content\/uploads\/sites\/2\/2021\/10\/compromiso-valle.jpg\" \/>\n\t<meta property=\"og:image:width\" content=\"665\" \/>\n\t<meta property=\"og:image:height\" content=\"422\" \/>\n\t<meta property=\"og:image:type\" content=\"image\/jpeg\" \/>\n<meta name=\"author\" content=\"webmaster\" \/>\n<meta name=\"twitter:card\" content=\"summary_large_image\" \/>\n<meta name=\"twitter:label1\" content=\"Written by\" \/>\n\t<meta name=\"twitter:data1\" content=\"webmaster\" \/>\n\t<meta name=\"twitter:label2\" content=\"Est. reading time\" \/>\n\t<meta name=\"twitter:data2\" content=\"1 minute\" \/>\n<script type=\"application\/ld+json\" class=\"yoast-schema-graph\">{\"@context\":\"https:\/\/schema.org\",\"@graph\":[{\"@type\":\"WebPage\",\"@id\":\"https:\/\/alvaralice.org\/en\/news\/compromiso-valle-a-social-initiative-of-business-leaders-and-individual-citizens\/\",\"url\":\"https:\/\/alvaralice.org\/en\/news\/compromiso-valle-a-social-initiative-of-business-leaders-and-individual-citizens\/\",\"name\":\"\u201dCompromiso Valle\u201d a social initiative of business leaders and individual citizens - Foundation Alvaralice\",\"isPartOf\":{\"@id\":\"https:\/\/alvaralice.org\/en\/#website\"},\"datePublished\":\"2021-10-15T13:57:41+00:00\",\"dateModified\":\"2021-10-27T12:25:27+00:00\",\"author\":{\"@id\":\"https:\/\/alvaralice.org\/en\/#\/schema\/person\/5cf4244819020231d315646bab5cb909\"},\"description\":\"\u201cCompromiso Valle\u201d brings together citizens and business leaders in the Valle del Cauca to provide solutions to the great social challenges of the region. This initiative prioritizes six areas of work, with more than 15 social impact programs and it seeks to benefit 30,000 vulnerable citizens and their families in the cities of Buga, Candelaria, Cali, Jamund\u00ed, Palmira, Buenaventura, and Yumbo.\",\"breadcrumb\":{\"@id\":\"https:\/\/alvaralice.org\/en\/news\/compromiso-valle-a-social-initiative-of-business-leaders-and-individual-citizens\/#breadcrumb\"},\"inLanguage\":\"en-US\",\"potentialAction\":[{\"@type\":\"ReadAction\",\"target\":[\"https:\/\/alvaralice.org\/en\/news\/compromiso-valle-a-social-initiative-of-business-leaders-and-individual-citizens\/\"]}]},{\"@type\":\"BreadcrumbList\",\"@id\":\"https:\/\/alvaralice.org\/en\/news\/compromiso-valle-a-social-initiative-of-business-leaders-and-individual-citizens\/#breadcrumb\",\"itemListElement\":[{\"@type\":\"ListItem\",\"position\":1,\"name\":\"Home\",\"item\":\"https:\/\/alvaralice.org\/en\/\"},{\"@type\":\"ListItem\",\"position\":2,\"name\":\"\u201dCompromiso Valle\u201d a social initiative of business leaders and individual citizens\"}]},{\"@type\":\"WebSite\",\"@id\":\"https:\/\/alvaralice.org\/en\/#website\",\"url\":\"https:\/\/alvaralice.org\/en\/\",\"name\":\"Foundation Alvaralice\",\"description\":\"La Fundaci\u00f3n Alvaralice es una entidad de car\u00e1cter privado, sin \u00e1nimo de lucro, creada en el 2003 en Cali\",\"potentialAction\":[{\"@type\":\"SearchAction\",\"target\":{\"@type\":\"EntryPoint\",\"urlTemplate\":\"https:\/\/alvaralice.org\/en\/?s={search_term_string}\"},\"query-input\":\"required name=search_term_string\"}],\"inLanguage\":\"en-US\"},{\"@type\":\"Person\",\"@id\":\"https:\/\/alvaralice.org\/en\/#\/schema\/person\/5cf4244819020231d315646bab5cb909\",\"name\":\"webmaster\",\"image\":{\"@type\":\"ImageObject\",\"inLanguage\":\"en-US\",\"@id\":\"https:\/\/alvaralice.org\/en\/#\/schema\/person\/image\/\",\"url\":\"https:\/\/secure.gravatar.com\/avatar\/715e4b0d466276944458f831874125d0?s=96&d=mm&r=g\",\"contentUrl\":\"https:\/\/secure.gravatar.com\/avatar\/715e4b0d466276944458f831874125d0?s=96&d=mm&r=g\",\"caption\":\"webmaster\"},\"url\":\"https:\/\/alvaralice.org\/en\/author\/webmaster\/\"}]}<\/script>\n<!-- \/ Yoast SEO Premium plugin. -->","yoast_head_json":{"title":"\u201dCompromiso Valle\u201d a social initiative of business leaders and individual citizens - Foundation Alvaralice","description":"\u201cCompromiso Valle\u201d brings together citizens and business leaders in the Valle del Cauca to provide solutions to the great social challenges of the region. This initiative prioritizes six areas of work, with more than 15 social impact programs and it seeks to benefit 30,000 vulnerable citizens and their families in the cities of Buga, Candelaria, Cali, Jamund\u00ed, Palmira, Buenaventura, and Yumbo.","robots":{"index":"index","follow":"follow","max-snippet":"max-snippet:-1","max-image-preview":"max-image-preview:large","max-video-preview":"max-video-preview:-1"},"canonical":"https:\/\/alvaralice.org\/en\/news\/compromiso-valle-a-social-initiative-of-business-leaders-and-individual-citizens\/","og_locale":"en_US","og_type":"article","og_title":"\u201dCompromiso Valle\u201d a social initiative of business leaders and individual citizens","og_description":"\u201cCompromiso Valle\u201d brings together citizens and business leaders in the Valle del Cauca to provide solutions to the great social challenges of the region. This initiative prioritizes six areas of work, with more than 15 social impact programs and it seeks to benefit 30,000 vulnerable citizens and their families in the cities of Buga, Candelaria, Cali, Jamund\u00ed, Palmira, Buenaventura, and Yumbo.","og_url":"https:\/\/alvaralice.org\/en\/news\/compromiso-valle-a-social-initiative-of-business-leaders-and-individual-citizens\/","og_site_name":"Foundation Alvaralice","article_published_time":"2021-10-15T13:57:41+00:00","article_modified_time":"2021-10-27T12:25:27+00:00","og_image":[{"width":665,"height":422,"url":"https:\/\/alvaralice.org\/wp-content\/uploads\/sites\/2\/2021\/10\/compromiso-valle.jpg","type":"image\/jpeg"}],"author":"webmaster","twitter_card":"summary_large_image","twitter_misc":{"Written by":"webmaster","Est. reading time":"1 minute"},"schema":{"@context":"https:\/\/schema.org","@graph":[{"@type":"WebPage","@id":"https:\/\/alvaralice.org\/en\/news\/compromiso-valle-a-social-initiative-of-business-leaders-and-individual-citizens\/","url":"https:\/\/alvaralice.org\/en\/news\/compromiso-valle-a-social-initiative-of-business-leaders-and-individual-citizens\/","name":"\u201dCompromiso Valle\u201d a social initiative of business leaders and individual citizens - Foundation Alvaralice","isPartOf":{"@id":"https:\/\/alvaralice.org\/en\/#website"},"datePublished":"2021-10-15T13:57:41+00:00","dateModified":"2021-10-27T12:25:27+00:00","author":{"@id":"https:\/\/alvaralice.org\/en\/#\/schema\/person\/5cf4244819020231d315646bab5cb909"},"description":"\u201cCompromiso Valle\u201d brings together citizens and business leaders in the Valle del Cauca to provide solutions to the great social challenges of the region. This initiative prioritizes six areas of work, with more than 15 social impact programs and it seeks to benefit 30,000 vulnerable citizens and their families in the cities of Buga, Candelaria, Cali, Jamund\u00ed, Palmira, Buenaventura, and Yumbo.","breadcrumb":{"@id":"https:\/\/alvaralice.org\/en\/news\/compromiso-valle-a-social-initiative-of-business-leaders-and-individual-citizens\/#breadcrumb"},"inLanguage":"en-US","potentialAction":[{"@type":"ReadAction","target":["https:\/\/alvaralice.org\/en\/news\/compromiso-valle-a-social-initiative-of-business-leaders-and-individual-citizens\/"]}]},{"@type":"BreadcrumbList","@id":"https:\/\/alvaralice.org\/en\/news\/compromiso-valle-a-social-initiative-of-business-leaders-and-individual-citizens\/#breadcrumb","itemListElement":[{"@type":"ListItem","position":1,"name":"Home","item":"https:\/\/alvaralice.org\/en\/"},{"@type":"ListItem","position":2,"name":"\u201dCompromiso Valle\u201d a social initiative of business leaders and individual citizens"}]},{"@type":"WebSite","@id":"https:\/\/alvaralice.org\/en\/#website","url":"https:\/\/alvaralice.org\/en\/","name":"Foundation Alvaralice","description":"La Fundaci\u00f3n Alvaralice es una entidad de car\u00e1cter privado, sin \u00e1nimo de lucro, creada en el 2003 en Cali","potentialAction":[{"@type":"SearchAction","target":{"@type":"EntryPoint","urlTemplate":"https:\/\/alvaralice.org\/en\/?s={search_term_string}"},"query-input":"required name=search_term_string"}],"inLanguage":"en-US"},{"@type":"Person","@id":"https:\/\/alvaralice.org\/en\/#\/schema\/person\/5cf4244819020231d315646bab5cb909","name":"webmaster","image":{"@type":"ImageObject","inLanguage":"en-US","@id":"https:\/\/alvaralice.org\/en\/#\/schema\/person\/image\/","url":"https:\/\/secure.gravatar.com\/avatar\/715e4b0d466276944458f831874125d0?s=96&d=mm&r=g","contentUrl":"https:\/\/secure.gravatar.com\/avatar\/715e4b0d466276944458f831874125d0?s=96&d=mm&r=g","caption":"webmaster"},"url":"https:\/\/alvaralice.org\/en\/author\/webmaster\/"}]}},"_links":{"self":[{"href":"https:\/\/alvaralice.org\/en\/wp-json\/wp\/v2\/posts\/3289","targetHints":{"allow":["GET"]}}],"collection":[{"href":"https:\/\/alvaralice.org\/en\/wp-json\/wp\/v2\/posts"}],"about":[{"href":"https:\/\/alvaralice.org\/en\/wp-json\/wp\/v2\/types\/post"}],"author":[{"embeddable":true,"href":"https:\/\/alvaralice.org\/en\/wp-json\/wp\/v2\/users\/1"}],"replies":[{"embeddable":true,"href":"https:\/\/alvaralice.org\/en\/wp-json\/wp\/v2\/comments?post=3289"}],"version-history":[{"count":9,"href":"https:\/\/alvaralice.org\/en\/wp-json\/wp\/v2\/posts\/3289\/revisions"}],"predecessor-version":[{"id":3361,"href":"https:\/\/alvaralice.org\/en\/wp-json\/wp\/v2\/posts\/3289\/revisions\/3361"}],"wp:featuredmedia":[{"embeddable":true,"href":"https:\/\/alvaralice.org\/en\/wp-json\/wp\/v2\/media\/3290"}],"wp:attachment":[{"href":"https:\/\/alvaralice.org\/en\/wp-json\/wp\/v2\/media?parent=3289"}],"wp:term":[{"taxonomy":"category","embeddable":true,"href":"https:\/\/alvaralice.org\/en\/wp-json\/wp\/v2\/categories?post=3289"},{"taxonomy":"post_tag","embeddable":true,"href":"https:\/\/alvaralice.org\/en\/wp-json\/wp\/v2\/tags?post=3289"}],"curies":[{"name":"wp","href":"https:\/\/api.w.org\/{rel}","templated":true}]}}