{"id":3292,"date":"2021-10-15T13:59:39","date_gmt":"2021-10-15T13:59:39","guid":{"rendered":"https:\/\/alvaralice.org\/en\/?p=3292"},"modified":"2021-10-27T12:23:52","modified_gmt":"2021-10-27T12:23:52","slug":"compromiso-valle-is-committed-to-the-transformation-of-the-life-projects-of-individual-persons","status":"publish","type":"post","link":"https:\/\/alvaralice.org\/en\/news\/compromiso-valle-is-committed-to-the-transformation-of-the-life-projects-of-individual-persons\/","title":{"rendered":"\u201cCompromiso Valle\u201d is committed to the transformation of the life projects of individual persons"},"content":{"rendered":"<p>[vc_row][vc_column][vc_column_text]The social initiative \u201c<a href=\"https:\/\/www.compromisovalle.org\/\">Compromiso Valle<\/a>\u201d will co-finance the \u201cAbriendo Caminos\u201d project in 2021 and 2022. This project, which has been led by the<a href=\"http:\/\/www.alvaralice.org\/en\/\"> Alvaralice Foundation<\/a> for four years, falls within the area of Life Projects\u2019 Transformation which has as its main objective to contribute to reduce violence in vulnerable territories, as well as building and promoting a culture of peace and legality.<\/p>\n<p>The project will be implemented in 50 neighborhoods, 80% of which are located in Cali. \u201cAbriendo Caminos\u201d will work hand in hand with the \u201cForjando Oportunidades\u201d (\u201cBuilding Opportunities\u201d) project, which is being developed by the Fundaci\u00f3n Sidoc, and which provides psychosocial support and training to young people with a high level of exclusion. Each team operating this project in the various neighborhoods is composed of 2 leaders, or violence \u201cinterrupters\u201d <strong>[1]<\/strong> ,who are the ones in charge of identifying and mediating conflicts before they turn violent. Their work is supported by six youths from the \u201cForjando Oportunidades\u201d project who will engage with local groups of their peers. Through the \u201cForjando Oportunidades\u201d program participants will have access to the necessary training and support that will hopefully lead to employment or entrepreneurship opportunities.<\/p>\n<p><em><strong>[1]<\/strong> Development as per the United Nation\u2019s Definition: Inclusive Social Development encompasses a wide range of issues, including, but not limited to:\u00a0<strong>poverty eradication<\/strong>, the reduction of inequalities, employment generation, the promotion of cooperatives, family, the role of civil society, older persons and ageing, youth, disability, and indigenous peoples.<\/em><\/p>\n<p>The process began last July. By the end of August, 39 violence interrupters had been selected and hired from 29 of the 50 designated Cali communities. The rest of the \u201cinterrupters\u201d were selected from the remaining communities participating in this initiative, including Buenaventura, Palmira, and Jamund\u00ed.[\/vc_column_text][\/vc_column][\/vc_row]<\/p>\n","protected":false},"excerpt":{"rendered":"<p>[vc_row][vc_column][vc_column_text]The social initiative \u201cCompromiso Valle\u201d will co-finance the \u201cAbriendo Caminos\u201d project in 2021 and 2022. This project, which has been led by the Alvaralice Foundation for four years, falls within the area of Life Projects\u2019 Transformation which has as its main objective to contribute to reduce violence in vulnerable territories, as well as building and [&hellip;]<\/p>\n","protected":false},"author":1,"featured_media":3293,"comment_status":"open","ping_status":"open","sticky":false,"template":"","format":"standard","meta":{"footnotes":""},"categories":[3],"tags":[],"class_list":["post-3292","post","type-post","status-publish","format-standard","has-post-thumbnail","hentry","category-news"],"acf":[],"yoast_head":"<!-- This site is optimized with the Yoast SEO Premium plugin v20.8 (Yoast SEO v20.8) - https:\/\/yoast.com\/wordpress\/plugins\/seo\/ -->\n<title>\u201cCompromiso Valle\u201d is committed to the transformation of the life projects of individual persons - Foundation Alvaralice<\/title>\n<meta name=\"description\" content=\"The social initiative \u201cCompromiso Valle\u201d will co-financier the \u201cAbriendo Caminos\u201d project in 2021 and 2022. This project, which has been led by the Alvaralice Foundation for four years, falls within the area of Life Projects\u2019 Transformation which has as its main objective to contribute to reduce violence in vulnerable territories, as well as building and promoting a culture of peace and legality.\" \/>\n<meta name=\"robots\" content=\"index, follow, max-snippet:-1, max-image-preview:large, max-video-preview:-1\" \/>\n<link rel=\"canonical\" href=\"https:\/\/alvaralice.org\/en\/news\/compromiso-valle-is-committed-to-the-transformation-of-the-life-projects-of-individual-persons\/\" \/>\n<meta property=\"og:locale\" content=\"en_US\" \/>\n<meta property=\"og:type\" content=\"article\" \/>\n<meta property=\"og:title\" content=\"\u201cCompromiso Valle\u201d is committed to the transformation of the life projects of individual persons\" \/>\n<meta property=\"og:description\" content=\"The social initiative \u201cCompromiso Valle\u201d will co-financier the \u201cAbriendo Caminos\u201d project in 2021 and 2022. This project, which has been led by the Alvaralice Foundation for four years, falls within the area of Life Projects\u2019 Transformation which has as its main objective to contribute to reduce violence in vulnerable territories, as well as building and promoting a culture of peace and legality.\" \/>\n<meta property=\"og:url\" content=\"https:\/\/alvaralice.org\/en\/news\/compromiso-valle-is-committed-to-the-transformation-of-the-life-projects-of-individual-persons\/\" \/>\n<meta property=\"og:site_name\" content=\"Foundation Alvaralice\" \/>\n<meta property=\"article:published_time\" content=\"2021-10-15T13:59:39+00:00\" \/>\n<meta property=\"article:modified_time\" content=\"2021-10-27T12:23:52+00:00\" \/>\n<meta property=\"og:image\" content=\"https:\/\/alvaralice.org\/wp-content\/uploads\/sites\/2\/2021\/10\/Compromiso-valle-le-apuesta-a-la-transformacion-de-proyectos-de-vida.jpeg\" \/>\n\t<meta property=\"og:image:width\" content=\"1280\" \/>\n\t<meta property=\"og:image:height\" content=\"670\" \/>\n\t<meta property=\"og:image:type\" content=\"image\/jpeg\" \/>\n<meta name=\"author\" content=\"webmaster\" \/>\n<meta name=\"twitter:card\" content=\"summary_large_image\" \/>\n<meta name=\"twitter:label1\" content=\"Written by\" \/>\n\t<meta name=\"twitter:data1\" content=\"webmaster\" \/>\n\t<meta name=\"twitter:label2\" content=\"Est. reading time\" \/>\n\t<meta name=\"twitter:data2\" content=\"2 minutes\" \/>\n<script type=\"application\/ld+json\" class=\"yoast-schema-graph\">{\"@context\":\"https:\/\/schema.org\",\"@graph\":[{\"@type\":\"WebPage\",\"@id\":\"https:\/\/alvaralice.org\/en\/news\/compromiso-valle-is-committed-to-the-transformation-of-the-life-projects-of-individual-persons\/\",\"url\":\"https:\/\/alvaralice.org\/en\/news\/compromiso-valle-is-committed-to-the-transformation-of-the-life-projects-of-individual-persons\/\",\"name\":\"\u201cCompromiso Valle\u201d is committed to the transformation of the life projects of individual persons - Foundation Alvaralice\",\"isPartOf\":{\"@id\":\"https:\/\/alvaralice.org\/en\/#website\"},\"datePublished\":\"2021-10-15T13:59:39+00:00\",\"dateModified\":\"2021-10-27T12:23:52+00:00\",\"author\":{\"@id\":\"https:\/\/alvaralice.org\/en\/#\/schema\/person\/5cf4244819020231d315646bab5cb909\"},\"description\":\"The social initiative \u201cCompromiso Valle\u201d will co-financier the \u201cAbriendo Caminos\u201d project in 2021 and 2022. This project, which has been led by the Alvaralice Foundation for four years, falls within the area of Life Projects\u2019 Transformation which has as its main objective to contribute to reduce violence in vulnerable territories, as well as building and promoting a culture of peace and legality.\",\"breadcrumb\":{\"@id\":\"https:\/\/alvaralice.org\/en\/news\/compromiso-valle-is-committed-to-the-transformation-of-the-life-projects-of-individual-persons\/#breadcrumb\"},\"inLanguage\":\"en-US\",\"potentialAction\":[{\"@type\":\"ReadAction\",\"target\":[\"https:\/\/alvaralice.org\/en\/news\/compromiso-valle-is-committed-to-the-transformation-of-the-life-projects-of-individual-persons\/\"]}]},{\"@type\":\"BreadcrumbList\",\"@id\":\"https:\/\/alvaralice.org\/en\/news\/compromiso-valle-is-committed-to-the-transformation-of-the-life-projects-of-individual-persons\/#breadcrumb\",\"itemListElement\":[{\"@type\":\"ListItem\",\"position\":1,\"name\":\"Home\",\"item\":\"https:\/\/alvaralice.org\/en\/\"},{\"@type\":\"ListItem\",\"position\":2,\"name\":\"\u201cCompromiso Valle\u201d is committed to the transformation of the life projects of individual persons\"}]},{\"@type\":\"WebSite\",\"@id\":\"https:\/\/alvaralice.org\/en\/#website\",\"url\":\"https:\/\/alvaralice.org\/en\/\",\"name\":\"Foundation Alvaralice\",\"description\":\"La Fundaci\u00f3n Alvaralice es una entidad de car\u00e1cter privado, sin \u00e1nimo de lucro, creada en el 2003 en Cali\",\"potentialAction\":[{\"@type\":\"SearchAction\",\"target\":{\"@type\":\"EntryPoint\",\"urlTemplate\":\"https:\/\/alvaralice.org\/en\/?s={search_term_string}\"},\"query-input\":\"required name=search_term_string\"}],\"inLanguage\":\"en-US\"},{\"@type\":\"Person\",\"@id\":\"https:\/\/alvaralice.org\/en\/#\/schema\/person\/5cf4244819020231d315646bab5cb909\",\"name\":\"webmaster\",\"image\":{\"@type\":\"ImageObject\",\"inLanguage\":\"en-US\",\"@id\":\"https:\/\/alvaralice.org\/en\/#\/schema\/person\/image\/\",\"url\":\"https:\/\/secure.gravatar.com\/avatar\/715e4b0d466276944458f831874125d0?s=96&d=mm&r=g\",\"contentUrl\":\"https:\/\/secure.gravatar.com\/avatar\/715e4b0d466276944458f831874125d0?s=96&d=mm&r=g\",\"caption\":\"webmaster\"},\"url\":\"https:\/\/alvaralice.org\/en\/author\/webmaster\/\"}]}<\/script>\n<!-- \/ Yoast SEO Premium plugin. -->","yoast_head_json":{"title":"\u201cCompromiso Valle\u201d is committed to the transformation of the life projects of individual persons - Foundation Alvaralice","description":"The social initiative \u201cCompromiso Valle\u201d will co-financier the \u201cAbriendo Caminos\u201d project in 2021 and 2022. This project, which has been led by the Alvaralice Foundation for four years, falls within the area of Life Projects\u2019 Transformation which has as its main objective to contribute to reduce violence in vulnerable territories, as well as building and promoting a culture of peace and legality.","robots":{"index":"index","follow":"follow","max-snippet":"max-snippet:-1","max-image-preview":"max-image-preview:large","max-video-preview":"max-video-preview:-1"},"canonical":"https:\/\/alvaralice.org\/en\/news\/compromiso-valle-is-committed-to-the-transformation-of-the-life-projects-of-individual-persons\/","og_locale":"en_US","og_type":"article","og_title":"\u201cCompromiso Valle\u201d is committed to the transformation of the life projects of individual persons","og_description":"The social initiative \u201cCompromiso Valle\u201d will co-financier the \u201cAbriendo Caminos\u201d project in 2021 and 2022. This project, which has been led by the Alvaralice Foundation for four years, falls within the area of Life Projects\u2019 Transformation which has as its main objective to contribute to reduce violence in vulnerable territories, as well as building and promoting a culture of peace and legality.","og_url":"https:\/\/alvaralice.org\/en\/news\/compromiso-valle-is-committed-to-the-transformation-of-the-life-projects-of-individual-persons\/","og_site_name":"Foundation Alvaralice","article_published_time":"2021-10-15T13:59:39+00:00","article_modified_time":"2021-10-27T12:23:52+00:00","og_image":[{"width":1280,"height":670,"url":"https:\/\/alvaralice.org\/wp-content\/uploads\/sites\/2\/2021\/10\/Compromiso-valle-le-apuesta-a-la-transformacion-de-proyectos-de-vida.jpeg","type":"image\/jpeg"}],"author":"webmaster","twitter_card":"summary_large_image","twitter_misc":{"Written by":"webmaster","Est. reading time":"2 minutes"},"schema":{"@context":"https:\/\/schema.org","@graph":[{"@type":"WebPage","@id":"https:\/\/alvaralice.org\/en\/news\/compromiso-valle-is-committed-to-the-transformation-of-the-life-projects-of-individual-persons\/","url":"https:\/\/alvaralice.org\/en\/news\/compromiso-valle-is-committed-to-the-transformation-of-the-life-projects-of-individual-persons\/","name":"\u201cCompromiso Valle\u201d is committed to the transformation of the life projects of individual persons - Foundation Alvaralice","isPartOf":{"@id":"https:\/\/alvaralice.org\/en\/#website"},"datePublished":"2021-10-15T13:59:39+00:00","dateModified":"2021-10-27T12:23:52+00:00","author":{"@id":"https:\/\/alvaralice.org\/en\/#\/schema\/person\/5cf4244819020231d315646bab5cb909"},"description":"The social initiative \u201cCompromiso Valle\u201d will co-financier the \u201cAbriendo Caminos\u201d project in 2021 and 2022. This project, which has been led by the Alvaralice Foundation for four years, falls within the area of Life Projects\u2019 Transformation which has as its main objective to contribute to reduce violence in vulnerable territories, as well as building and promoting a culture of peace and legality.","breadcrumb":{"@id":"https:\/\/alvaralice.org\/en\/news\/compromiso-valle-is-committed-to-the-transformation-of-the-life-projects-of-individual-persons\/#breadcrumb"},"inLanguage":"en-US","potentialAction":[{"@type":"ReadAction","target":["https:\/\/alvaralice.org\/en\/news\/compromiso-valle-is-committed-to-the-transformation-of-the-life-projects-of-individual-persons\/"]}]},{"@type":"BreadcrumbList","@id":"https:\/\/alvaralice.org\/en\/news\/compromiso-valle-is-committed-to-the-transformation-of-the-life-projects-of-individual-persons\/#breadcrumb","itemListElement":[{"@type":"ListItem","position":1,"name":"Home","item":"https:\/\/alvaralice.org\/en\/"},{"@type":"ListItem","position":2,"name":"\u201cCompromiso Valle\u201d is committed to the transformation of the life projects of individual persons"}]},{"@type":"WebSite","@id":"https:\/\/alvaralice.org\/en\/#website","url":"https:\/\/alvaralice.org\/en\/","name":"Foundation Alvaralice","description":"La Fundaci\u00f3n Alvaralice es una entidad de car\u00e1cter privado, sin \u00e1nimo de lucro, creada en el 2003 en Cali","potentialAction":[{"@type":"SearchAction","target":{"@type":"EntryPoint","urlTemplate":"https:\/\/alvaralice.org\/en\/?s={search_term_string}"},"query-input":"required name=search_term_string"}],"inLanguage":"en-US"},{"@type":"Person","@id":"https:\/\/alvaralice.org\/en\/#\/schema\/person\/5cf4244819020231d315646bab5cb909","name":"webmaster","image":{"@type":"ImageObject","inLanguage":"en-US","@id":"https:\/\/alvaralice.org\/en\/#\/schema\/person\/image\/","url":"https:\/\/secure.gravatar.com\/avatar\/715e4b0d466276944458f831874125d0?s=96&d=mm&r=g","contentUrl":"https:\/\/secure.gravatar.com\/avatar\/715e4b0d466276944458f831874125d0?s=96&d=mm&r=g","caption":"webmaster"},"url":"https:\/\/alvaralice.org\/en\/author\/webmaster\/"}]}},"_links":{"self":[{"href":"https:\/\/alvaralice.org\/en\/wp-json\/wp\/v2\/posts\/3292","targetHints":{"allow":["GET"]}}],"collection":[{"href":"https:\/\/alvaralice.org\/en\/wp-json\/wp\/v2\/posts"}],"about":[{"href":"https:\/\/alvaralice.org\/en\/wp-json\/wp\/v2\/types\/post"}],"author":[{"embeddable":true,"href":"https:\/\/alvaralice.org\/en\/wp-json\/wp\/v2\/users\/1"}],"replies":[{"embeddable":true,"href":"https:\/\/alvaralice.org\/en\/wp-json\/wp\/v2\/comments?post=3292"}],"version-history":[{"count":11,"href":"https:\/\/alvaralice.org\/en\/wp-json\/wp\/v2\/posts\/3292\/revisions"}],"predecessor-version":[{"id":3359,"href":"https:\/\/alvaralice.org\/en\/wp-json\/wp\/v2\/posts\/3292\/revisions\/3359"}],"wp:featuredmedia":[{"embeddable":true,"href":"https:\/\/alvaralice.org\/en\/wp-json\/wp\/v2\/media\/3293"}],"wp:attachment":[{"href":"https:\/\/alvaralice.org\/en\/wp-json\/wp\/v2\/media?parent=3292"}],"wp:term":[{"taxonomy":"category","embeddable":true,"href":"https:\/\/alvaralice.org\/en\/wp-json\/wp\/v2\/categories?post=3292"},{"taxonomy":"post_tag","embeddable":true,"href":"https:\/\/alvaralice.org\/en\/wp-json\/wp\/v2\/tags?post=3292"}],"curies":[{"name":"wp","href":"https:\/\/api.w.org\/{rel}","templated":true}]}}