{"id":3375,"date":"2021-12-10T20:56:37","date_gmt":"2021-12-10T20:56:37","guid":{"rendered":"https:\/\/alvaralice.org\/en\/?p=3375"},"modified":"2021-12-16T13:43:04","modified_gmt":"2021-12-16T13:43:04","slug":"colombanas-in-local-neighborhoods","status":"publish","type":"post","link":"https:\/\/alvaralice.org\/en\/news\/colombanas-in-local-neighborhoods\/","title":{"rendered":"Colomb!anas in local neighborhoods"},"content":{"rendered":"<p>[vc_row][vc_column][vc_column_text]<em>Between July and August, the Colomb!anas project, in alliance with the Observatory for Women&#8217;s Equity of the ICESI University (OEM), carried out a collective memory training process to address the issue of gender-based violence, through which dialogues were generated for the production of a methodological guide that will be disseminated soon.<\/em><\/p>\n<p>This proposal, which was created as a product of the alliance between the Observatory and the project, had the purpose of taking the exercise of collective memory to the field through five work sessions in which a group of 40 women and men residents of the neighborhoods of Charco Azul and the settlement of \u201cComuneros I\u201d, engaged in a discussion on various gender issues.<\/p>\n<p>The result of this process was the elaboration of a Methodological Guide, which gathers the main lessons learned from the experience. This will be shared with women&#8217;s groups and other organizations through a validation process. Subsequently, it will be taken to the communities to be replicated by different groups, women leaders and anyone interested in working on gender issues from an intersectionality approach.<\/p>\n<p><em>&#8220;Our wager is to create strategies that allow us to take these conversations, which are normally held in hushed tones, to more political scenarios that promote leadership and generate advocacy (&#8230;) we hope soon to be able to reach many places to learn about their work experiences with the guide, and then disseminate and systematize them<\/em>&#8220;. Daniela Ortiz, project coordinator, points out.<\/p>\n<p>To learn more about the experience of doing fieldwork, watch this video.[\/vc_column_text][vc_video link=&#8221;https:\/\/www.youtube.com\/watch?v=PftGhUZdh4s&amp;ab_channel=Colombianas%3AUnabiograf%C3%ADacolectiva&#8221;][\/vc_column][\/vc_row]<\/p>\n","protected":false},"excerpt":{"rendered":"<p>[vc_row][vc_column][vc_column_text]Between July and August, the Colomb!anas project, in alliance with the Observatory for Women&#8217;s Equity of the ICESI University (OEM), carried out a collective memory training process to address the issue of gender-based violence, through which dialogues were generated for the production of a methodological guide that will be disseminated soon. This proposal, which was [&hellip;]<\/p>\n","protected":false},"author":1,"featured_media":3377,"comment_status":"open","ping_status":"open","sticky":false,"template":"","format":"standard","meta":{"footnotes":""},"categories":[3],"tags":[],"class_list":["post-3375","post","type-post","status-publish","format-standard","has-post-thumbnail","hentry","category-news"],"acf":[],"yoast_head":"<!-- This site is optimized with the Yoast SEO Premium plugin v20.8 (Yoast SEO v20.8) - https:\/\/yoast.com\/wordpress\/plugins\/seo\/ -->\n<title>Colomb!anas in local neighborhoods - Foundation Alvaralice<\/title>\n<meta name=\"robots\" content=\"index, follow, max-snippet:-1, max-image-preview:large, max-video-preview:-1\" \/>\n<link rel=\"canonical\" href=\"https:\/\/alvaralice.org\/en\/news\/colombanas-in-local-neighborhoods\/\" \/>\n<meta property=\"og:locale\" content=\"en_US\" \/>\n<meta property=\"og:type\" content=\"article\" \/>\n<meta property=\"og:title\" content=\"Colomb!anas in local neighborhoods\" \/>\n<meta property=\"og:description\" content=\"[vc_row][vc_column][vc_column_text]Between July and August, the Colomb!anas project, in alliance with the Observatory for Women&#8217;s Equity of the ICESI University (OEM), carried out a collective memory training process to address the issue of gender-based violence, through which dialogues were generated for the production of a methodological guide that will be disseminated soon. This proposal, which was [&hellip;]\" \/>\n<meta property=\"og:url\" content=\"https:\/\/alvaralice.org\/en\/news\/colombanas-in-local-neighborhoods\/\" \/>\n<meta property=\"og:site_name\" content=\"Foundation Alvaralice\" \/>\n<meta property=\"article:published_time\" content=\"2021-12-10T20:56:37+00:00\" \/>\n<meta property=\"article:modified_time\" content=\"2021-12-16T13:43:04+00:00\" \/>\n<meta property=\"og:image\" content=\"https:\/\/alvaralice.org\/wp-content\/uploads\/sites\/2\/2021\/12\/Col2021.jpg\" \/>\n\t<meta property=\"og:image:width\" content=\"797\" \/>\n\t<meta property=\"og:image:height\" content=\"655\" \/>\n\t<meta property=\"og:image:type\" content=\"image\/jpeg\" \/>\n<meta name=\"author\" content=\"webmaster\" \/>\n<meta name=\"twitter:card\" content=\"summary_large_image\" \/>\n<meta name=\"twitter:label1\" content=\"Written by\" \/>\n\t<meta name=\"twitter:data1\" content=\"webmaster\" \/>\n\t<meta name=\"twitter:label2\" content=\"Est. reading time\" \/>\n\t<meta name=\"twitter:data2\" content=\"2 minutes\" \/>\n<script type=\"application\/ld+json\" class=\"yoast-schema-graph\">{\"@context\":\"https:\/\/schema.org\",\"@graph\":[{\"@type\":\"WebPage\",\"@id\":\"https:\/\/alvaralice.org\/en\/news\/colombanas-in-local-neighborhoods\/\",\"url\":\"https:\/\/alvaralice.org\/en\/news\/colombanas-in-local-neighborhoods\/\",\"name\":\"Colomb!anas in local neighborhoods - Foundation Alvaralice\",\"isPartOf\":{\"@id\":\"https:\/\/alvaralice.org\/en\/#website\"},\"datePublished\":\"2021-12-10T20:56:37+00:00\",\"dateModified\":\"2021-12-16T13:43:04+00:00\",\"author\":{\"@id\":\"https:\/\/alvaralice.org\/en\/#\/schema\/person\/5cf4244819020231d315646bab5cb909\"},\"breadcrumb\":{\"@id\":\"https:\/\/alvaralice.org\/en\/news\/colombanas-in-local-neighborhoods\/#breadcrumb\"},\"inLanguage\":\"en-US\",\"potentialAction\":[{\"@type\":\"ReadAction\",\"target\":[\"https:\/\/alvaralice.org\/en\/news\/colombanas-in-local-neighborhoods\/\"]}]},{\"@type\":\"BreadcrumbList\",\"@id\":\"https:\/\/alvaralice.org\/en\/news\/colombanas-in-local-neighborhoods\/#breadcrumb\",\"itemListElement\":[{\"@type\":\"ListItem\",\"position\":1,\"name\":\"Home\",\"item\":\"https:\/\/alvaralice.org\/en\/\"},{\"@type\":\"ListItem\",\"position\":2,\"name\":\"Colomb!anas in local neighborhoods\"}]},{\"@type\":\"WebSite\",\"@id\":\"https:\/\/alvaralice.org\/en\/#website\",\"url\":\"https:\/\/alvaralice.org\/en\/\",\"name\":\"Foundation Alvaralice\",\"description\":\"La Fundaci\u00f3n Alvaralice es una entidad de car\u00e1cter privado, sin \u00e1nimo de lucro, creada en el 2003 en Cali\",\"potentialAction\":[{\"@type\":\"SearchAction\",\"target\":{\"@type\":\"EntryPoint\",\"urlTemplate\":\"https:\/\/alvaralice.org\/en\/?s={search_term_string}\"},\"query-input\":\"required name=search_term_string\"}],\"inLanguage\":\"en-US\"},{\"@type\":\"Person\",\"@id\":\"https:\/\/alvaralice.org\/en\/#\/schema\/person\/5cf4244819020231d315646bab5cb909\",\"name\":\"webmaster\",\"image\":{\"@type\":\"ImageObject\",\"inLanguage\":\"en-US\",\"@id\":\"https:\/\/alvaralice.org\/en\/#\/schema\/person\/image\/\",\"url\":\"https:\/\/secure.gravatar.com\/avatar\/715e4b0d466276944458f831874125d0?s=96&d=mm&r=g\",\"contentUrl\":\"https:\/\/secure.gravatar.com\/avatar\/715e4b0d466276944458f831874125d0?s=96&d=mm&r=g\",\"caption\":\"webmaster\"},\"url\":\"https:\/\/alvaralice.org\/en\/author\/webmaster\/\"}]}<\/script>\n<!-- \/ Yoast SEO Premium plugin. -->","yoast_head_json":{"title":"Colomb!anas in local neighborhoods - Foundation Alvaralice","robots":{"index":"index","follow":"follow","max-snippet":"max-snippet:-1","max-image-preview":"max-image-preview:large","max-video-preview":"max-video-preview:-1"},"canonical":"https:\/\/alvaralice.org\/en\/news\/colombanas-in-local-neighborhoods\/","og_locale":"en_US","og_type":"article","og_title":"Colomb!anas in local neighborhoods","og_description":"[vc_row][vc_column][vc_column_text]Between July and August, the Colomb!anas project, in alliance with the Observatory for Women&#8217;s Equity of the ICESI University (OEM), carried out a collective memory training process to address the issue of gender-based violence, through which dialogues were generated for the production of a methodological guide that will be disseminated soon. This proposal, which was [&hellip;]","og_url":"https:\/\/alvaralice.org\/en\/news\/colombanas-in-local-neighborhoods\/","og_site_name":"Foundation Alvaralice","article_published_time":"2021-12-10T20:56:37+00:00","article_modified_time":"2021-12-16T13:43:04+00:00","og_image":[{"width":797,"height":655,"url":"https:\/\/alvaralice.org\/wp-content\/uploads\/sites\/2\/2021\/12\/Col2021.jpg","type":"image\/jpeg"}],"author":"webmaster","twitter_card":"summary_large_image","twitter_misc":{"Written by":"webmaster","Est. reading time":"2 minutes"},"schema":{"@context":"https:\/\/schema.org","@graph":[{"@type":"WebPage","@id":"https:\/\/alvaralice.org\/en\/news\/colombanas-in-local-neighborhoods\/","url":"https:\/\/alvaralice.org\/en\/news\/colombanas-in-local-neighborhoods\/","name":"Colomb!anas in local neighborhoods - Foundation Alvaralice","isPartOf":{"@id":"https:\/\/alvaralice.org\/en\/#website"},"datePublished":"2021-12-10T20:56:37+00:00","dateModified":"2021-12-16T13:43:04+00:00","author":{"@id":"https:\/\/alvaralice.org\/en\/#\/schema\/person\/5cf4244819020231d315646bab5cb909"},"breadcrumb":{"@id":"https:\/\/alvaralice.org\/en\/news\/colombanas-in-local-neighborhoods\/#breadcrumb"},"inLanguage":"en-US","potentialAction":[{"@type":"ReadAction","target":["https:\/\/alvaralice.org\/en\/news\/colombanas-in-local-neighborhoods\/"]}]},{"@type":"BreadcrumbList","@id":"https:\/\/alvaralice.org\/en\/news\/colombanas-in-local-neighborhoods\/#breadcrumb","itemListElement":[{"@type":"ListItem","position":1,"name":"Home","item":"https:\/\/alvaralice.org\/en\/"},{"@type":"ListItem","position":2,"name":"Colomb!anas in local neighborhoods"}]},{"@type":"WebSite","@id":"https:\/\/alvaralice.org\/en\/#website","url":"https:\/\/alvaralice.org\/en\/","name":"Foundation Alvaralice","description":"La Fundaci\u00f3n Alvaralice es una entidad de car\u00e1cter privado, sin \u00e1nimo de lucro, creada en el 2003 en Cali","potentialAction":[{"@type":"SearchAction","target":{"@type":"EntryPoint","urlTemplate":"https:\/\/alvaralice.org\/en\/?s={search_term_string}"},"query-input":"required name=search_term_string"}],"inLanguage":"en-US"},{"@type":"Person","@id":"https:\/\/alvaralice.org\/en\/#\/schema\/person\/5cf4244819020231d315646bab5cb909","name":"webmaster","image":{"@type":"ImageObject","inLanguage":"en-US","@id":"https:\/\/alvaralice.org\/en\/#\/schema\/person\/image\/","url":"https:\/\/secure.gravatar.com\/avatar\/715e4b0d466276944458f831874125d0?s=96&d=mm&r=g","contentUrl":"https:\/\/secure.gravatar.com\/avatar\/715e4b0d466276944458f831874125d0?s=96&d=mm&r=g","caption":"webmaster"},"url":"https:\/\/alvaralice.org\/en\/author\/webmaster\/"}]}},"_links":{"self":[{"href":"https:\/\/alvaralice.org\/en\/wp-json\/wp\/v2\/posts\/3375","targetHints":{"allow":["GET"]}}],"collection":[{"href":"https:\/\/alvaralice.org\/en\/wp-json\/wp\/v2\/posts"}],"about":[{"href":"https:\/\/alvaralice.org\/en\/wp-json\/wp\/v2\/types\/post"}],"author":[{"embeddable":true,"href":"https:\/\/alvaralice.org\/en\/wp-json\/wp\/v2\/users\/1"}],"replies":[{"embeddable":true,"href":"https:\/\/alvaralice.org\/en\/wp-json\/wp\/v2\/comments?post=3375"}],"version-history":[{"count":6,"href":"https:\/\/alvaralice.org\/en\/wp-json\/wp\/v2\/posts\/3375\/revisions"}],"predecessor-version":[{"id":3397,"href":"https:\/\/alvaralice.org\/en\/wp-json\/wp\/v2\/posts\/3375\/revisions\/3397"}],"wp:featuredmedia":[{"embeddable":true,"href":"https:\/\/alvaralice.org\/en\/wp-json\/wp\/v2\/media\/3377"}],"wp:attachment":[{"href":"https:\/\/alvaralice.org\/en\/wp-json\/wp\/v2\/media?parent=3375"}],"wp:term":[{"taxonomy":"category","embeddable":true,"href":"https:\/\/alvaralice.org\/en\/wp-json\/wp\/v2\/categories?post=3375"},{"taxonomy":"post_tag","embeddable":true,"href":"https:\/\/alvaralice.org\/en\/wp-json\/wp\/v2\/tags?post=3375"}],"curies":[{"name":"wp","href":"https:\/\/api.w.org\/{rel}","templated":true}]}}