{"id":3408,"date":"2022-01-03T18:53:05","date_gmt":"2022-01-03T18:53:05","guid":{"rendered":"https:\/\/alvaralice.org\/en\/?p=3408"},"modified":"2022-01-14T21:41:54","modified_gmt":"2022-01-14T21:41:54","slug":"rumbo-joven-2","status":"publish","type":"post","link":"https:\/\/alvaralice.org\/en\/news\/rumbo-joven-2\/","title":{"rendered":"Rumbo Joven"},"content":{"rendered":"<p>[vc_row][vc_column][vc_column_text]In 2021, the Rumbo Joven Program, one of the most significant programs for our Foundation, completed seven years of implementation.\u00a0 More than 1,500 young people have benefited since it began, of which 60% have found formal employment within three months of completing their educational process.<\/p>\n<p>Leonardo Fabio Navarro, Project Coordinator, highlights that 2021 was a very good year characterized by the return to on-site work, learning from the social crisis and the generation of new alliances that have strengthened Rumbo Joven.<\/p>\n<p><strong><em>The most significant achievements:<\/em><\/strong><\/p>\n<ol>\n<li>The <strong>alliance with the \u201c<em>Compromiso Valle\u201d<\/em> project <\/strong>which saw in Rumbo Joven a commitment to impact the youth of the region with concrete results that demonstrate its effectiveness. This alliance made it possible to impact more than 150 participants who completed their training process in November.<\/li>\n<li>A <strong>low dropout rate <\/strong>of 15% per year, which was achieved thanks to the return to classroom attendance and the constant monitoring of each participant to ensure their continuity in the program.<\/li>\n<li>A <strong>historical employability figure of 68%<\/strong> after the pandemic and the challenges brought by virtual learning, surpassing the goal set at the beginning of the year. This was possible thanks to the work done in the psychosocial and labor management areas, in addition to the willingness of local businesses to hire graduates of the Program.<\/li>\n<\/ol>\n<p><strong><em>Main challenges we faced in 2021<\/em><\/strong><\/p>\n<ol>\n<li>The <strong>return to the classroom <\/strong>created new dynamics, which at the beginning were received with surprise, but little by little became normalized.<\/li>\n<li><strong>Facing the social crisis <\/strong>and the challenges derived from this situation, which made the young participants feel the need to receive political and civic responsibility training which enlightened them as Colombian citizens.<\/li>\n<\/ol>\n<p><strong><em>The main challenges we will face in 2022<\/em><\/strong><\/p>\n<ol>\n<li><strong>Expanding the program&#8217;s coverage<\/strong> to reach more young people. Currently donors who have shown interest in continuing to support this program are being approached.<\/li>\n<li><strong>Generating new strategies to address the mental health <\/strong>of the young participants is a need that has been identified and will be managed as a priority.<\/li>\n<li><strong>Attract more local businesses to <\/strong>hire graduates of this program, listen to their needs and train participants according to the profiles they are looking for.<\/li>\n<\/ol>\n<p>[\/vc_column_text][\/vc_column][\/vc_row]<\/p>\n","protected":false},"excerpt":{"rendered":"<p>[vc_row][vc_column][vc_column_text]In 2021, the Rumbo Joven Program, one of the most significant programs for our Foundation, completed seven years of implementation.\u00a0 More than 1,500 young people have benefited since it began, of which 60% have found formal employment within three months of completing their educational process. Leonardo Fabio Navarro, Project Coordinator, highlights that 2021 was a [&hellip;]<\/p>\n","protected":false},"author":1,"featured_media":3412,"comment_status":"open","ping_status":"open","sticky":false,"template":"","format":"standard","meta":{"footnotes":""},"categories":[3],"tags":[],"class_list":["post-3408","post","type-post","status-publish","format-standard","has-post-thumbnail","hentry","category-news"],"acf":[],"yoast_head":"<!-- This site is optimized with the Yoast SEO Premium plugin v20.8 (Yoast SEO v20.8) - https:\/\/yoast.com\/wordpress\/plugins\/seo\/ -->\n<title>Rumbo Joven - Foundation Alvaralice<\/title>\n<meta name=\"robots\" content=\"index, follow, max-snippet:-1, max-image-preview:large, max-video-preview:-1\" \/>\n<link rel=\"canonical\" href=\"https:\/\/alvaralice.org\/en\/news\/rumbo-joven-2\/\" \/>\n<meta property=\"og:locale\" content=\"en_US\" \/>\n<meta property=\"og:type\" content=\"article\" \/>\n<meta property=\"og:title\" content=\"Rumbo Joven\" \/>\n<meta property=\"og:description\" content=\"[vc_row][vc_column][vc_column_text]In 2021, the Rumbo Joven Program, one of the most significant programs for our Foundation, completed seven years of implementation.\u00a0 More than 1,500 young people have benefited since it began, of which 60% have found formal employment within three months of completing their educational process. Leonardo Fabio Navarro, Project Coordinator, highlights that 2021 was a [&hellip;]\" \/>\n<meta property=\"og:url\" content=\"https:\/\/alvaralice.org\/en\/news\/rumbo-joven-2\/\" \/>\n<meta property=\"og:site_name\" content=\"Foundation Alvaralice\" \/>\n<meta property=\"article:published_time\" content=\"2022-01-03T18:53:05+00:00\" \/>\n<meta property=\"article:modified_time\" content=\"2022-01-14T21:41:54+00:00\" \/>\n<meta property=\"og:image\" content=\"https:\/\/alvaralice.org\/wp-content\/uploads\/sites\/2\/2022\/01\/rumbo-joven-2-1.jpg\" \/>\n\t<meta property=\"og:image:width\" content=\"2000\" \/>\n\t<meta property=\"og:image:height\" content=\"1333\" \/>\n\t<meta property=\"og:image:type\" content=\"image\/jpeg\" \/>\n<meta name=\"author\" content=\"webmaster\" \/>\n<meta name=\"twitter:card\" content=\"summary_large_image\" \/>\n<meta name=\"twitter:label1\" content=\"Written by\" \/>\n\t<meta name=\"twitter:data1\" content=\"webmaster\" \/>\n\t<meta name=\"twitter:label2\" content=\"Est. reading time\" \/>\n\t<meta name=\"twitter:data2\" content=\"2 minutes\" \/>\n<script type=\"application\/ld+json\" class=\"yoast-schema-graph\">{\"@context\":\"https:\/\/schema.org\",\"@graph\":[{\"@type\":\"WebPage\",\"@id\":\"https:\/\/alvaralice.org\/en\/news\/rumbo-joven-2\/\",\"url\":\"https:\/\/alvaralice.org\/en\/news\/rumbo-joven-2\/\",\"name\":\"Rumbo Joven - Foundation Alvaralice\",\"isPartOf\":{\"@id\":\"https:\/\/alvaralice.org\/en\/#website\"},\"datePublished\":\"2022-01-03T18:53:05+00:00\",\"dateModified\":\"2022-01-14T21:41:54+00:00\",\"author\":{\"@id\":\"https:\/\/alvaralice.org\/en\/#\/schema\/person\/5cf4244819020231d315646bab5cb909\"},\"breadcrumb\":{\"@id\":\"https:\/\/alvaralice.org\/en\/news\/rumbo-joven-2\/#breadcrumb\"},\"inLanguage\":\"en-US\",\"potentialAction\":[{\"@type\":\"ReadAction\",\"target\":[\"https:\/\/alvaralice.org\/en\/news\/rumbo-joven-2\/\"]}]},{\"@type\":\"BreadcrumbList\",\"@id\":\"https:\/\/alvaralice.org\/en\/news\/rumbo-joven-2\/#breadcrumb\",\"itemListElement\":[{\"@type\":\"ListItem\",\"position\":1,\"name\":\"Home\",\"item\":\"https:\/\/alvaralice.org\/en\/\"},{\"@type\":\"ListItem\",\"position\":2,\"name\":\"Rumbo Joven\"}]},{\"@type\":\"WebSite\",\"@id\":\"https:\/\/alvaralice.org\/en\/#website\",\"url\":\"https:\/\/alvaralice.org\/en\/\",\"name\":\"Foundation Alvaralice\",\"description\":\"La Fundaci\u00f3n Alvaralice es una entidad de car\u00e1cter privado, sin \u00e1nimo de lucro, creada en el 2003 en Cali\",\"potentialAction\":[{\"@type\":\"SearchAction\",\"target\":{\"@type\":\"EntryPoint\",\"urlTemplate\":\"https:\/\/alvaralice.org\/en\/?s={search_term_string}\"},\"query-input\":\"required name=search_term_string\"}],\"inLanguage\":\"en-US\"},{\"@type\":\"Person\",\"@id\":\"https:\/\/alvaralice.org\/en\/#\/schema\/person\/5cf4244819020231d315646bab5cb909\",\"name\":\"webmaster\",\"image\":{\"@type\":\"ImageObject\",\"inLanguage\":\"en-US\",\"@id\":\"https:\/\/alvaralice.org\/en\/#\/schema\/person\/image\/\",\"url\":\"https:\/\/secure.gravatar.com\/avatar\/715e4b0d466276944458f831874125d0?s=96&d=mm&r=g\",\"contentUrl\":\"https:\/\/secure.gravatar.com\/avatar\/715e4b0d466276944458f831874125d0?s=96&d=mm&r=g\",\"caption\":\"webmaster\"},\"url\":\"https:\/\/alvaralice.org\/en\/author\/webmaster\/\"}]}<\/script>\n<!-- \/ Yoast SEO Premium plugin. -->","yoast_head_json":{"title":"Rumbo Joven - Foundation Alvaralice","robots":{"index":"index","follow":"follow","max-snippet":"max-snippet:-1","max-image-preview":"max-image-preview:large","max-video-preview":"max-video-preview:-1"},"canonical":"https:\/\/alvaralice.org\/en\/news\/rumbo-joven-2\/","og_locale":"en_US","og_type":"article","og_title":"Rumbo Joven","og_description":"[vc_row][vc_column][vc_column_text]In 2021, the Rumbo Joven Program, one of the most significant programs for our Foundation, completed seven years of implementation.\u00a0 More than 1,500 young people have benefited since it began, of which 60% have found formal employment within three months of completing their educational process. Leonardo Fabio Navarro, Project Coordinator, highlights that 2021 was a [&hellip;]","og_url":"https:\/\/alvaralice.org\/en\/news\/rumbo-joven-2\/","og_site_name":"Foundation Alvaralice","article_published_time":"2022-01-03T18:53:05+00:00","article_modified_time":"2022-01-14T21:41:54+00:00","og_image":[{"width":2000,"height":1333,"url":"https:\/\/alvaralice.org\/wp-content\/uploads\/sites\/2\/2022\/01\/rumbo-joven-2-1.jpg","type":"image\/jpeg"}],"author":"webmaster","twitter_card":"summary_large_image","twitter_misc":{"Written by":"webmaster","Est. reading time":"2 minutes"},"schema":{"@context":"https:\/\/schema.org","@graph":[{"@type":"WebPage","@id":"https:\/\/alvaralice.org\/en\/news\/rumbo-joven-2\/","url":"https:\/\/alvaralice.org\/en\/news\/rumbo-joven-2\/","name":"Rumbo Joven - Foundation Alvaralice","isPartOf":{"@id":"https:\/\/alvaralice.org\/en\/#website"},"datePublished":"2022-01-03T18:53:05+00:00","dateModified":"2022-01-14T21:41:54+00:00","author":{"@id":"https:\/\/alvaralice.org\/en\/#\/schema\/person\/5cf4244819020231d315646bab5cb909"},"breadcrumb":{"@id":"https:\/\/alvaralice.org\/en\/news\/rumbo-joven-2\/#breadcrumb"},"inLanguage":"en-US","potentialAction":[{"@type":"ReadAction","target":["https:\/\/alvaralice.org\/en\/news\/rumbo-joven-2\/"]}]},{"@type":"BreadcrumbList","@id":"https:\/\/alvaralice.org\/en\/news\/rumbo-joven-2\/#breadcrumb","itemListElement":[{"@type":"ListItem","position":1,"name":"Home","item":"https:\/\/alvaralice.org\/en\/"},{"@type":"ListItem","position":2,"name":"Rumbo Joven"}]},{"@type":"WebSite","@id":"https:\/\/alvaralice.org\/en\/#website","url":"https:\/\/alvaralice.org\/en\/","name":"Foundation Alvaralice","description":"La Fundaci\u00f3n Alvaralice es una entidad de car\u00e1cter privado, sin \u00e1nimo de lucro, creada en el 2003 en Cali","potentialAction":[{"@type":"SearchAction","target":{"@type":"EntryPoint","urlTemplate":"https:\/\/alvaralice.org\/en\/?s={search_term_string}"},"query-input":"required name=search_term_string"}],"inLanguage":"en-US"},{"@type":"Person","@id":"https:\/\/alvaralice.org\/en\/#\/schema\/person\/5cf4244819020231d315646bab5cb909","name":"webmaster","image":{"@type":"ImageObject","inLanguage":"en-US","@id":"https:\/\/alvaralice.org\/en\/#\/schema\/person\/image\/","url":"https:\/\/secure.gravatar.com\/avatar\/715e4b0d466276944458f831874125d0?s=96&d=mm&r=g","contentUrl":"https:\/\/secure.gravatar.com\/avatar\/715e4b0d466276944458f831874125d0?s=96&d=mm&r=g","caption":"webmaster"},"url":"https:\/\/alvaralice.org\/en\/author\/webmaster\/"}]}},"_links":{"self":[{"href":"https:\/\/alvaralice.org\/en\/wp-json\/wp\/v2\/posts\/3408","targetHints":{"allow":["GET"]}}],"collection":[{"href":"https:\/\/alvaralice.org\/en\/wp-json\/wp\/v2\/posts"}],"about":[{"href":"https:\/\/alvaralice.org\/en\/wp-json\/wp\/v2\/types\/post"}],"author":[{"embeddable":true,"href":"https:\/\/alvaralice.org\/en\/wp-json\/wp\/v2\/users\/1"}],"replies":[{"embeddable":true,"href":"https:\/\/alvaralice.org\/en\/wp-json\/wp\/v2\/comments?post=3408"}],"version-history":[{"count":2,"href":"https:\/\/alvaralice.org\/en\/wp-json\/wp\/v2\/posts\/3408\/revisions"}],"predecessor-version":[{"id":3441,"href":"https:\/\/alvaralice.org\/en\/wp-json\/wp\/v2\/posts\/3408\/revisions\/3441"}],"wp:featuredmedia":[{"embeddable":true,"href":"https:\/\/alvaralice.org\/en\/wp-json\/wp\/v2\/media\/3412"}],"wp:attachment":[{"href":"https:\/\/alvaralice.org\/en\/wp-json\/wp\/v2\/media?parent=3408"}],"wp:term":[{"taxonomy":"category","embeddable":true,"href":"https:\/\/alvaralice.org\/en\/wp-json\/wp\/v2\/categories?post=3408"},{"taxonomy":"post_tag","embeddable":true,"href":"https:\/\/alvaralice.org\/en\/wp-json\/wp\/v2\/tags?post=3408"}],"curies":[{"name":"wp","href":"https:\/\/api.w.org\/{rel}","templated":true}]}}