{"id":3465,"date":"2022-01-15T15:18:18","date_gmt":"2022-01-15T15:18:18","guid":{"rendered":"https:\/\/alvaralice.org\/en\/?p=3465"},"modified":"2022-03-05T16:20:17","modified_gmt":"2022-03-05T16:20:17","slug":"meet-the-finalist-initiatives-of-the-11th-civic-award-por-una-ciudad-mejor-in-cali","status":"publish","type":"post","link":"https:\/\/alvaralice.org\/en\/news\/meet-the-finalist-initiatives-of-the-11th-civic-award-por-una-ciudad-mejor-in-cali\/","title":{"rendered":"Meet the finalist initiatives of the 11th Civic Award \u201cPor una Ciudad Mejor\u201d in Cali"},"content":{"rendered":"<p>[vc_row][vc_column][vc_column_text]<em>After a selection process by the technical committee of the Civic Award \u201cPor una Ciudad Mejor (\u201cFor a Better City\u201d), the 30 finalist social initiatives were chosen to move on to the institutional strengthening phase.<\/em><\/p>\n<p>The open call for the 11<sup>th<\/sup> civic award took place from October 25<sup>th<\/sup> to December 10<sup>th<\/sup>, 2021.\u00a0 Ninety-six applications were received from social initiatives registered in the city of Cali. The proposals were evaluated by the project\u2019s technical committee made up of representatives of the partner organizations who issued their ratings based on the following criteria:<\/p>\n<ol>\n<li><strong>Innovation: <\/strong>the initiatives must generate new ideas, methods and\/or practices for the solutions of the problems they seek to solve.<\/li>\n<li><strong>Community involvement: <\/strong>initiatives must demonstrate that they work for the common good, through collective efforts and community participation.<\/li>\n<li><strong>Replicability: <\/strong>it was evaluated whether the initiatives can be adapted and replicated in other settings.<\/li>\n<li><strong>Sustainability: <\/strong>initiatives must have the potential to be sustainable (financially and socially) over time.<\/li>\n<li><strong>Scalability: <\/strong>initiatives must have the potential to expand and grow to generate greater impact.<\/li>\n<\/ol>\n<p>To see the list of initiatives that began the institutional strengthening phase, click <strong><em><a href=\"https:\/\/www.alvaralice.org\/wp-content\/uploads\/2022\/01\/resultado-convatoria-premio-civico-2021-2022.pdf\">here<\/a>. <\/em><\/strong>[\/vc_column_text][\/vc_column][\/vc_row]<\/p>\n","protected":false},"excerpt":{"rendered":"<p>[vc_row][vc_column][vc_column_text]After a selection process by the technical committee of the Civic Award \u201cPor una Ciudad Mejor (\u201cFor a Better City\u201d), the 30 finalist social initiatives were chosen to move on to the institutional strengthening phase. The open call for the 11th civic award took place from October 25th to December 10th, 2021.\u00a0 Ninety-six applications were [&hellip;]<\/p>\n","protected":false},"author":3,"featured_media":3464,"comment_status":"open","ping_status":"open","sticky":false,"template":"","format":"standard","meta":{"footnotes":""},"categories":[3],"tags":[],"class_list":["post-3465","post","type-post","status-publish","format-standard","has-post-thumbnail","hentry","category-news"],"acf":[],"yoast_head":"<!-- This site is optimized with the Yoast SEO Premium plugin v20.8 (Yoast SEO v20.8) - https:\/\/yoast.com\/wordpress\/plugins\/seo\/ -->\n<title>Meet the finalist initiatives of the 11th Civic Award \u201cPor una Ciudad Mejor\u201d in Cali - Foundation Alvaralice<\/title>\n<meta name=\"description\" content=\"After a selection process by the technical committee of the civic award \u201cPor una Ciudad Mejor (\u201cFor a Better City\u201d), the 30 finalist social initiatives were chosen to move on to the institutional strengthening phase.\" \/>\n<meta name=\"robots\" content=\"index, follow, max-snippet:-1, max-image-preview:large, max-video-preview:-1\" \/>\n<link rel=\"canonical\" href=\"https:\/\/alvaralice.org\/en\/news\/meet-the-finalist-initiatives-of-the-11th-civic-award-por-una-ciudad-mejor-in-cali\/\" \/>\n<meta property=\"og:locale\" content=\"en_US\" \/>\n<meta property=\"og:type\" content=\"article\" \/>\n<meta property=\"og:title\" content=\"Meet the finalist initiatives of the 11th Civic Award \u201cPor una Ciudad Mejor\u201d in Cali\" \/>\n<meta property=\"og:description\" content=\"After a selection process by the technical committee of the civic award \u201cPor una Ciudad Mejor (\u201cFor a Better City\u201d), the 30 finalist social initiatives were chosen to move on to the institutional strengthening phase.\" \/>\n<meta property=\"og:url\" content=\"https:\/\/alvaralice.org\/en\/news\/meet-the-finalist-initiatives-of-the-11th-civic-award-por-una-ciudad-mejor-in-cali\/\" \/>\n<meta property=\"og:site_name\" content=\"Foundation Alvaralice\" \/>\n<meta property=\"article:published_time\" content=\"2022-01-15T15:18:18+00:00\" \/>\n<meta property=\"article:modified_time\" content=\"2022-03-05T16:20:17+00:00\" \/>\n<meta property=\"og:image\" content=\"https:\/\/alvaralice.org\/wp-content\/uploads\/sites\/2\/2022\/03\/FIPCPUCM.jpg\" \/>\n\t<meta property=\"og:image:width\" content=\"2048\" \/>\n\t<meta property=\"og:image:height\" content=\"1365\" \/>\n\t<meta property=\"og:image:type\" content=\"image\/jpeg\" \/>\n<meta name=\"author\" content=\"alvaralice\" \/>\n<meta name=\"twitter:card\" content=\"summary_large_image\" \/>\n<meta name=\"twitter:label1\" content=\"Written by\" \/>\n\t<meta name=\"twitter:data1\" content=\"alvaralice\" \/>\n\t<meta name=\"twitter:label2\" content=\"Est. reading time\" \/>\n\t<meta name=\"twitter:data2\" content=\"1 minute\" \/>\n<script type=\"application\/ld+json\" class=\"yoast-schema-graph\">{\"@context\":\"https:\/\/schema.org\",\"@graph\":[{\"@type\":\"WebPage\",\"@id\":\"https:\/\/alvaralice.org\/en\/news\/meet-the-finalist-initiatives-of-the-11th-civic-award-por-una-ciudad-mejor-in-cali\/\",\"url\":\"https:\/\/alvaralice.org\/en\/news\/meet-the-finalist-initiatives-of-the-11th-civic-award-por-una-ciudad-mejor-in-cali\/\",\"name\":\"Meet the finalist initiatives of the 11th Civic Award \u201cPor una Ciudad Mejor\u201d in Cali - Foundation Alvaralice\",\"isPartOf\":{\"@id\":\"https:\/\/alvaralice.org\/en\/#website\"},\"datePublished\":\"2022-01-15T15:18:18+00:00\",\"dateModified\":\"2022-03-05T16:20:17+00:00\",\"author\":{\"@id\":\"https:\/\/alvaralice.org\/en\/#\/schema\/person\/75e5ffc1c0b995deaaa8bd021dfabd2f\"},\"description\":\"After a selection process by the technical committee of the civic award \u201cPor una Ciudad Mejor (\u201cFor a Better City\u201d), the 30 finalist social initiatives were chosen to move on to the institutional strengthening phase.\",\"breadcrumb\":{\"@id\":\"https:\/\/alvaralice.org\/en\/news\/meet-the-finalist-initiatives-of-the-11th-civic-award-por-una-ciudad-mejor-in-cali\/#breadcrumb\"},\"inLanguage\":\"en-US\",\"potentialAction\":[{\"@type\":\"ReadAction\",\"target\":[\"https:\/\/alvaralice.org\/en\/news\/meet-the-finalist-initiatives-of-the-11th-civic-award-por-una-ciudad-mejor-in-cali\/\"]}]},{\"@type\":\"BreadcrumbList\",\"@id\":\"https:\/\/alvaralice.org\/en\/news\/meet-the-finalist-initiatives-of-the-11th-civic-award-por-una-ciudad-mejor-in-cali\/#breadcrumb\",\"itemListElement\":[{\"@type\":\"ListItem\",\"position\":1,\"name\":\"Home\",\"item\":\"https:\/\/alvaralice.org\/en\/\"},{\"@type\":\"ListItem\",\"position\":2,\"name\":\"Meet the finalist initiatives of the 11th Civic Award \u201cPor una Ciudad Mejor\u201d in Cali\"}]},{\"@type\":\"WebSite\",\"@id\":\"https:\/\/alvaralice.org\/en\/#website\",\"url\":\"https:\/\/alvaralice.org\/en\/\",\"name\":\"Foundation Alvaralice\",\"description\":\"La Fundaci\u00f3n Alvaralice es una entidad de car\u00e1cter privado, sin \u00e1nimo de lucro, creada en el 2003 en Cali\",\"potentialAction\":[{\"@type\":\"SearchAction\",\"target\":{\"@type\":\"EntryPoint\",\"urlTemplate\":\"https:\/\/alvaralice.org\/en\/?s={search_term_string}\"},\"query-input\":\"required name=search_term_string\"}],\"inLanguage\":\"en-US\"},{\"@type\":\"Person\",\"@id\":\"https:\/\/alvaralice.org\/en\/#\/schema\/person\/75e5ffc1c0b995deaaa8bd021dfabd2f\",\"name\":\"alvaralice\",\"image\":{\"@type\":\"ImageObject\",\"inLanguage\":\"en-US\",\"@id\":\"https:\/\/alvaralice.org\/en\/#\/schema\/person\/image\/\",\"url\":\"https:\/\/secure.gravatar.com\/avatar\/7bbb218fe2ca7d93c0d52f3eadd6e2c4?s=96&d=mm&r=g\",\"contentUrl\":\"https:\/\/secure.gravatar.com\/avatar\/7bbb218fe2ca7d93c0d52f3eadd6e2c4?s=96&d=mm&r=g\",\"caption\":\"alvaralice\"},\"url\":\"https:\/\/alvaralice.org\/en\/author\/alvaralice\/\"}]}<\/script>\n<!-- \/ Yoast SEO Premium plugin. -->","yoast_head_json":{"title":"Meet the finalist initiatives of the 11th Civic Award \u201cPor una Ciudad Mejor\u201d in Cali - Foundation Alvaralice","description":"After a selection process by the technical committee of the civic award \u201cPor una Ciudad Mejor (\u201cFor a Better City\u201d), the 30 finalist social initiatives were chosen to move on to the institutional strengthening phase.","robots":{"index":"index","follow":"follow","max-snippet":"max-snippet:-1","max-image-preview":"max-image-preview:large","max-video-preview":"max-video-preview:-1"},"canonical":"https:\/\/alvaralice.org\/en\/news\/meet-the-finalist-initiatives-of-the-11th-civic-award-por-una-ciudad-mejor-in-cali\/","og_locale":"en_US","og_type":"article","og_title":"Meet the finalist initiatives of the 11th Civic Award \u201cPor una Ciudad Mejor\u201d in Cali","og_description":"After a selection process by the technical committee of the civic award \u201cPor una Ciudad Mejor (\u201cFor a Better City\u201d), the 30 finalist social initiatives were chosen to move on to the institutional strengthening phase.","og_url":"https:\/\/alvaralice.org\/en\/news\/meet-the-finalist-initiatives-of-the-11th-civic-award-por-una-ciudad-mejor-in-cali\/","og_site_name":"Foundation Alvaralice","article_published_time":"2022-01-15T15:18:18+00:00","article_modified_time":"2022-03-05T16:20:17+00:00","og_image":[{"width":2048,"height":1365,"url":"https:\/\/alvaralice.org\/wp-content\/uploads\/sites\/2\/2022\/03\/FIPCPUCM.jpg","type":"image\/jpeg"}],"author":"alvaralice","twitter_card":"summary_large_image","twitter_misc":{"Written by":"alvaralice","Est. reading time":"1 minute"},"schema":{"@context":"https:\/\/schema.org","@graph":[{"@type":"WebPage","@id":"https:\/\/alvaralice.org\/en\/news\/meet-the-finalist-initiatives-of-the-11th-civic-award-por-una-ciudad-mejor-in-cali\/","url":"https:\/\/alvaralice.org\/en\/news\/meet-the-finalist-initiatives-of-the-11th-civic-award-por-una-ciudad-mejor-in-cali\/","name":"Meet the finalist initiatives of the 11th Civic Award \u201cPor una Ciudad Mejor\u201d in Cali - Foundation Alvaralice","isPartOf":{"@id":"https:\/\/alvaralice.org\/en\/#website"},"datePublished":"2022-01-15T15:18:18+00:00","dateModified":"2022-03-05T16:20:17+00:00","author":{"@id":"https:\/\/alvaralice.org\/en\/#\/schema\/person\/75e5ffc1c0b995deaaa8bd021dfabd2f"},"description":"After a selection process by the technical committee of the civic award \u201cPor una Ciudad Mejor (\u201cFor a Better City\u201d), the 30 finalist social initiatives were chosen to move on to the institutional strengthening phase.","breadcrumb":{"@id":"https:\/\/alvaralice.org\/en\/news\/meet-the-finalist-initiatives-of-the-11th-civic-award-por-una-ciudad-mejor-in-cali\/#breadcrumb"},"inLanguage":"en-US","potentialAction":[{"@type":"ReadAction","target":["https:\/\/alvaralice.org\/en\/news\/meet-the-finalist-initiatives-of-the-11th-civic-award-por-una-ciudad-mejor-in-cali\/"]}]},{"@type":"BreadcrumbList","@id":"https:\/\/alvaralice.org\/en\/news\/meet-the-finalist-initiatives-of-the-11th-civic-award-por-una-ciudad-mejor-in-cali\/#breadcrumb","itemListElement":[{"@type":"ListItem","position":1,"name":"Home","item":"https:\/\/alvaralice.org\/en\/"},{"@type":"ListItem","position":2,"name":"Meet the finalist initiatives of the 11th Civic Award \u201cPor una Ciudad Mejor\u201d in Cali"}]},{"@type":"WebSite","@id":"https:\/\/alvaralice.org\/en\/#website","url":"https:\/\/alvaralice.org\/en\/","name":"Foundation Alvaralice","description":"La Fundaci\u00f3n Alvaralice es una entidad de car\u00e1cter privado, sin \u00e1nimo de lucro, creada en el 2003 en Cali","potentialAction":[{"@type":"SearchAction","target":{"@type":"EntryPoint","urlTemplate":"https:\/\/alvaralice.org\/en\/?s={search_term_string}"},"query-input":"required name=search_term_string"}],"inLanguage":"en-US"},{"@type":"Person","@id":"https:\/\/alvaralice.org\/en\/#\/schema\/person\/75e5ffc1c0b995deaaa8bd021dfabd2f","name":"alvaralice","image":{"@type":"ImageObject","inLanguage":"en-US","@id":"https:\/\/alvaralice.org\/en\/#\/schema\/person\/image\/","url":"https:\/\/secure.gravatar.com\/avatar\/7bbb218fe2ca7d93c0d52f3eadd6e2c4?s=96&d=mm&r=g","contentUrl":"https:\/\/secure.gravatar.com\/avatar\/7bbb218fe2ca7d93c0d52f3eadd6e2c4?s=96&d=mm&r=g","caption":"alvaralice"},"url":"https:\/\/alvaralice.org\/en\/author\/alvaralice\/"}]}},"_links":{"self":[{"href":"https:\/\/alvaralice.org\/en\/wp-json\/wp\/v2\/posts\/3465","targetHints":{"allow":["GET"]}}],"collection":[{"href":"https:\/\/alvaralice.org\/en\/wp-json\/wp\/v2\/posts"}],"about":[{"href":"https:\/\/alvaralice.org\/en\/wp-json\/wp\/v2\/types\/post"}],"author":[{"embeddable":true,"href":"https:\/\/alvaralice.org\/en\/wp-json\/wp\/v2\/users\/3"}],"replies":[{"embeddable":true,"href":"https:\/\/alvaralice.org\/en\/wp-json\/wp\/v2\/comments?post=3465"}],"version-history":[{"count":1,"href":"https:\/\/alvaralice.org\/en\/wp-json\/wp\/v2\/posts\/3465\/revisions"}],"predecessor-version":[{"id":3467,"href":"https:\/\/alvaralice.org\/en\/wp-json\/wp\/v2\/posts\/3465\/revisions\/3467"}],"wp:featuredmedia":[{"embeddable":true,"href":"https:\/\/alvaralice.org\/en\/wp-json\/wp\/v2\/media\/3464"}],"wp:attachment":[{"href":"https:\/\/alvaralice.org\/en\/wp-json\/wp\/v2\/media?parent=3465"}],"wp:term":[{"taxonomy":"category","embeddable":true,"href":"https:\/\/alvaralice.org\/en\/wp-json\/wp\/v2\/categories?post=3465"},{"taxonomy":"post_tag","embeddable":true,"href":"https:\/\/alvaralice.org\/en\/wp-json\/wp\/v2\/tags?post=3465"}],"curies":[{"name":"wp","href":"https:\/\/api.w.org\/{rel}","templated":true}]}}