{"id":3568,"date":"2022-11-04T20:03:56","date_gmt":"2022-11-04T20:03:56","guid":{"rendered":"https:\/\/alvaralice.org\/en\/?p=3568"},"modified":"2022-11-11T16:53:21","modified_gmt":"2022-11-11T16:53:21","slug":"estrategia-pazos-winner-of-the-worlds-most-important-peace-prize-for-cities","status":"publish","type":"post","link":"https:\/\/alvaralice.org\/en\/news\/estrategia-pazos-winner-of-the-worlds-most-important-peace-prize-for-cities\/","title":{"rendered":"Estrategia Pazos, winner of the world\u2019s most important Peace Prize for cities"},"content":{"rendered":"<p>[vc_row][vc_column][vc_column_text]The cities of Mersin (Turkey), Mishiha (Burundi), Monterrey (Mexico), Recife (Brazil) and Palmira (Colombia) were the five finalist awarded the 2022 International Peace Prize by the UCLG (United Cities and Local Governments). As such, the prize for the city Palmira for its work with local governments was 20,000 euros.<\/p>\n<p>This award recognizes the best governmental strategies in peace building. &#8220;Pazos de Palmira&#8221; is considered one of the most outstanding for their work in the prevention of violence and their positive results. Since its implementation, 600 conflicts with a high percentage of violence have been interrupted. In addition, they work in conjunction with the program Forging Opportunities, which provides psychosocial support to 290 young people. Together, with the help of violence interrupters, they have achieved positive results in the neighborhoods of Villa Diana, Harold Eder, Villa del Rosario, Cainitos, Hugo Varela, La Emilia, La Orlidea, Los Cristales, which include the communes 1,2,3, in addition to the village of Amaime.<\/p>\n<p>This strategy is targeted to young people, since they are the main generators of violence as well as their main victims.<\/p>\n<p>After 17 years, the neighborhood Villa de las Palmas managed to complete 4 consecutive months with the lowest rates of violent deaths, demonstrating the success of the Pazos strategy.[\/vc_column_text][\/vc_column][\/vc_row]<\/p>\n","protected":false},"excerpt":{"rendered":"<p>[vc_row][vc_column][vc_column_text]The cities of Mersin (Turkey), Mishiha (Burundi), Monterrey (Mexico), Recife (Brazil) and Palmira (Colombia) were the five finalist awarded the 2022 International Peace Prize by the UCLG (United Cities and Local Governments). As such, the prize for the city Palmira for its work with local governments was 20,000 euros. This award recognizes the best governmental [&hellip;]<\/p>\n","protected":false},"author":1,"featured_media":3569,"comment_status":"open","ping_status":"open","sticky":false,"template":"","format":"standard","meta":{"footnotes":""},"categories":[3],"tags":[],"class_list":["post-3568","post","type-post","status-publish","format-standard","has-post-thumbnail","hentry","category-news"],"acf":[],"yoast_head":"<!-- This site is optimized with the Yoast SEO Premium plugin v20.8 (Yoast SEO v20.8) - https:\/\/yoast.com\/wordpress\/plugins\/seo\/ -->\n<title>Estrategia Pazos, winner of the world\u2019s most important Peace Prize for cities - Foundation Alvaralice<\/title>\n<meta name=\"description\" content=\"The training sessions of the institutional strengthening process of the civic award \u201cPor una Ciudad Mejor\u201d began last Saturday, January 22nd. This phase of the award will consist of eight meetings in which the 30 finalist initiatives will receive tools that will contribute to strengthen the work they are carrying out for the welfare of their communities.\" \/>\n<meta name=\"robots\" content=\"index, follow, max-snippet:-1, max-image-preview:large, max-video-preview:-1\" \/>\n<link rel=\"canonical\" href=\"https:\/\/alvaralice.org\/en\/news\/estrategia-pazos-winner-of-the-worlds-most-important-peace-prize-for-cities\/\" \/>\n<meta property=\"og:locale\" content=\"en_US\" \/>\n<meta property=\"og:type\" content=\"article\" \/>\n<meta property=\"og:title\" content=\"Estrategia Pazos, winner of the world\u2019s most important Peace Prize for cities\" \/>\n<meta property=\"og:description\" content=\"The training sessions of the institutional strengthening process of the civic award \u201cPor una Ciudad Mejor\u201d began last Saturday, January 22nd. This phase of the award will consist of eight meetings in which the 30 finalist initiatives will receive tools that will contribute to strengthen the work they are carrying out for the welfare of their communities.\" \/>\n<meta property=\"og:url\" content=\"https:\/\/alvaralice.org\/en\/news\/estrategia-pazos-winner-of-the-worlds-most-important-peace-prize-for-cities\/\" \/>\n<meta property=\"og:site_name\" content=\"Foundation Alvaralice\" \/>\n<meta property=\"article:published_time\" content=\"2022-11-04T20:03:56+00:00\" \/>\n<meta property=\"article:modified_time\" content=\"2022-11-11T16:53:21+00:00\" \/>\n<meta property=\"og:image\" content=\"https:\/\/alvaralice.org\/wp-content\/uploads\/sites\/2\/2022\/11\/estrategia-pazos-premio-paz.jpg\" \/>\n\t<meta property=\"og:image:width\" content=\"2048\" \/>\n\t<meta property=\"og:image:height\" content=\"1249\" \/>\n\t<meta property=\"og:image:type\" content=\"image\/jpeg\" \/>\n<meta name=\"author\" content=\"webmaster\" \/>\n<meta name=\"twitter:card\" content=\"summary_large_image\" \/>\n<meta name=\"twitter:label1\" content=\"Written by\" \/>\n\t<meta name=\"twitter:data1\" content=\"webmaster\" \/>\n\t<meta name=\"twitter:label2\" content=\"Est. reading time\" \/>\n\t<meta name=\"twitter:data2\" content=\"1 minute\" \/>\n<script type=\"application\/ld+json\" class=\"yoast-schema-graph\">{\"@context\":\"https:\/\/schema.org\",\"@graph\":[{\"@type\":\"WebPage\",\"@id\":\"https:\/\/alvaralice.org\/en\/news\/estrategia-pazos-winner-of-the-worlds-most-important-peace-prize-for-cities\/\",\"url\":\"https:\/\/alvaralice.org\/en\/news\/estrategia-pazos-winner-of-the-worlds-most-important-peace-prize-for-cities\/\",\"name\":\"Estrategia Pazos, winner of the world\u2019s most important Peace Prize for cities - Foundation Alvaralice\",\"isPartOf\":{\"@id\":\"https:\/\/alvaralice.org\/en\/#website\"},\"datePublished\":\"2022-11-04T20:03:56+00:00\",\"dateModified\":\"2022-11-11T16:53:21+00:00\",\"author\":{\"@id\":\"https:\/\/alvaralice.org\/en\/#\/schema\/person\/5cf4244819020231d315646bab5cb909\"},\"description\":\"The training sessions of the institutional strengthening process of the civic award \u201cPor una Ciudad Mejor\u201d began last Saturday, January 22nd. This phase of the award will consist of eight meetings in which the 30 finalist initiatives will receive tools that will contribute to strengthen the work they are carrying out for the welfare of their communities.\",\"breadcrumb\":{\"@id\":\"https:\/\/alvaralice.org\/en\/news\/estrategia-pazos-winner-of-the-worlds-most-important-peace-prize-for-cities\/#breadcrumb\"},\"inLanguage\":\"en-US\",\"potentialAction\":[{\"@type\":\"ReadAction\",\"target\":[\"https:\/\/alvaralice.org\/en\/news\/estrategia-pazos-winner-of-the-worlds-most-important-peace-prize-for-cities\/\"]}]},{\"@type\":\"BreadcrumbList\",\"@id\":\"https:\/\/alvaralice.org\/en\/news\/estrategia-pazos-winner-of-the-worlds-most-important-peace-prize-for-cities\/#breadcrumb\",\"itemListElement\":[{\"@type\":\"ListItem\",\"position\":1,\"name\":\"Home\",\"item\":\"https:\/\/alvaralice.org\/en\/\"},{\"@type\":\"ListItem\",\"position\":2,\"name\":\"Estrategia Pazos, winner of the world\u2019s most important Peace Prize for cities\"}]},{\"@type\":\"WebSite\",\"@id\":\"https:\/\/alvaralice.org\/en\/#website\",\"url\":\"https:\/\/alvaralice.org\/en\/\",\"name\":\"Foundation Alvaralice\",\"description\":\"La Fundaci\u00f3n Alvaralice es una entidad de car\u00e1cter privado, sin \u00e1nimo de lucro, creada en el 2003 en Cali\",\"potentialAction\":[{\"@type\":\"SearchAction\",\"target\":{\"@type\":\"EntryPoint\",\"urlTemplate\":\"https:\/\/alvaralice.org\/en\/?s={search_term_string}\"},\"query-input\":\"required name=search_term_string\"}],\"inLanguage\":\"en-US\"},{\"@type\":\"Person\",\"@id\":\"https:\/\/alvaralice.org\/en\/#\/schema\/person\/5cf4244819020231d315646bab5cb909\",\"name\":\"webmaster\",\"image\":{\"@type\":\"ImageObject\",\"inLanguage\":\"en-US\",\"@id\":\"https:\/\/alvaralice.org\/en\/#\/schema\/person\/image\/\",\"url\":\"https:\/\/secure.gravatar.com\/avatar\/715e4b0d466276944458f831874125d0?s=96&d=mm&r=g\",\"contentUrl\":\"https:\/\/secure.gravatar.com\/avatar\/715e4b0d466276944458f831874125d0?s=96&d=mm&r=g\",\"caption\":\"webmaster\"},\"url\":\"https:\/\/alvaralice.org\/en\/author\/webmaster\/\"}]}<\/script>\n<!-- \/ Yoast SEO Premium plugin. -->","yoast_head_json":{"title":"Estrategia Pazos, winner of the world\u2019s most important Peace Prize for cities - Foundation Alvaralice","description":"The training sessions of the institutional strengthening process of the civic award \u201cPor una Ciudad Mejor\u201d began last Saturday, January 22nd. This phase of the award will consist of eight meetings in which the 30 finalist initiatives will receive tools that will contribute to strengthen the work they are carrying out for the welfare of their communities.","robots":{"index":"index","follow":"follow","max-snippet":"max-snippet:-1","max-image-preview":"max-image-preview:large","max-video-preview":"max-video-preview:-1"},"canonical":"https:\/\/alvaralice.org\/en\/news\/estrategia-pazos-winner-of-the-worlds-most-important-peace-prize-for-cities\/","og_locale":"en_US","og_type":"article","og_title":"Estrategia Pazos, winner of the world\u2019s most important Peace Prize for cities","og_description":"The training sessions of the institutional strengthening process of the civic award \u201cPor una Ciudad Mejor\u201d began last Saturday, January 22nd. This phase of the award will consist of eight meetings in which the 30 finalist initiatives will receive tools that will contribute to strengthen the work they are carrying out for the welfare of their communities.","og_url":"https:\/\/alvaralice.org\/en\/news\/estrategia-pazos-winner-of-the-worlds-most-important-peace-prize-for-cities\/","og_site_name":"Foundation Alvaralice","article_published_time":"2022-11-04T20:03:56+00:00","article_modified_time":"2022-11-11T16:53:21+00:00","og_image":[{"width":2048,"height":1249,"url":"https:\/\/alvaralice.org\/wp-content\/uploads\/sites\/2\/2022\/11\/estrategia-pazos-premio-paz.jpg","type":"image\/jpeg"}],"author":"webmaster","twitter_card":"summary_large_image","twitter_misc":{"Written by":"webmaster","Est. reading time":"1 minute"},"schema":{"@context":"https:\/\/schema.org","@graph":[{"@type":"WebPage","@id":"https:\/\/alvaralice.org\/en\/news\/estrategia-pazos-winner-of-the-worlds-most-important-peace-prize-for-cities\/","url":"https:\/\/alvaralice.org\/en\/news\/estrategia-pazos-winner-of-the-worlds-most-important-peace-prize-for-cities\/","name":"Estrategia Pazos, winner of the world\u2019s most important Peace Prize for cities - Foundation Alvaralice","isPartOf":{"@id":"https:\/\/alvaralice.org\/en\/#website"},"datePublished":"2022-11-04T20:03:56+00:00","dateModified":"2022-11-11T16:53:21+00:00","author":{"@id":"https:\/\/alvaralice.org\/en\/#\/schema\/person\/5cf4244819020231d315646bab5cb909"},"description":"The training sessions of the institutional strengthening process of the civic award \u201cPor una Ciudad Mejor\u201d began last Saturday, January 22nd. This phase of the award will consist of eight meetings in which the 30 finalist initiatives will receive tools that will contribute to strengthen the work they are carrying out for the welfare of their communities.","breadcrumb":{"@id":"https:\/\/alvaralice.org\/en\/news\/estrategia-pazos-winner-of-the-worlds-most-important-peace-prize-for-cities\/#breadcrumb"},"inLanguage":"en-US","potentialAction":[{"@type":"ReadAction","target":["https:\/\/alvaralice.org\/en\/news\/estrategia-pazos-winner-of-the-worlds-most-important-peace-prize-for-cities\/"]}]},{"@type":"BreadcrumbList","@id":"https:\/\/alvaralice.org\/en\/news\/estrategia-pazos-winner-of-the-worlds-most-important-peace-prize-for-cities\/#breadcrumb","itemListElement":[{"@type":"ListItem","position":1,"name":"Home","item":"https:\/\/alvaralice.org\/en\/"},{"@type":"ListItem","position":2,"name":"Estrategia Pazos, winner of the world\u2019s most important Peace Prize for cities"}]},{"@type":"WebSite","@id":"https:\/\/alvaralice.org\/en\/#website","url":"https:\/\/alvaralice.org\/en\/","name":"Foundation Alvaralice","description":"La Fundaci\u00f3n Alvaralice es una entidad de car\u00e1cter privado, sin \u00e1nimo de lucro, creada en el 2003 en Cali","potentialAction":[{"@type":"SearchAction","target":{"@type":"EntryPoint","urlTemplate":"https:\/\/alvaralice.org\/en\/?s={search_term_string}"},"query-input":"required name=search_term_string"}],"inLanguage":"en-US"},{"@type":"Person","@id":"https:\/\/alvaralice.org\/en\/#\/schema\/person\/5cf4244819020231d315646bab5cb909","name":"webmaster","image":{"@type":"ImageObject","inLanguage":"en-US","@id":"https:\/\/alvaralice.org\/en\/#\/schema\/person\/image\/","url":"https:\/\/secure.gravatar.com\/avatar\/715e4b0d466276944458f831874125d0?s=96&d=mm&r=g","contentUrl":"https:\/\/secure.gravatar.com\/avatar\/715e4b0d466276944458f831874125d0?s=96&d=mm&r=g","caption":"webmaster"},"url":"https:\/\/alvaralice.org\/en\/author\/webmaster\/"}]}},"_links":{"self":[{"href":"https:\/\/alvaralice.org\/en\/wp-json\/wp\/v2\/posts\/3568","targetHints":{"allow":["GET"]}}],"collection":[{"href":"https:\/\/alvaralice.org\/en\/wp-json\/wp\/v2\/posts"}],"about":[{"href":"https:\/\/alvaralice.org\/en\/wp-json\/wp\/v2\/types\/post"}],"author":[{"embeddable":true,"href":"https:\/\/alvaralice.org\/en\/wp-json\/wp\/v2\/users\/1"}],"replies":[{"embeddable":true,"href":"https:\/\/alvaralice.org\/en\/wp-json\/wp\/v2\/comments?post=3568"}],"version-history":[{"count":2,"href":"https:\/\/alvaralice.org\/en\/wp-json\/wp\/v2\/posts\/3568\/revisions"}],"predecessor-version":[{"id":3591,"href":"https:\/\/alvaralice.org\/en\/wp-json\/wp\/v2\/posts\/3568\/revisions\/3591"}],"wp:featuredmedia":[{"embeddable":true,"href":"https:\/\/alvaralice.org\/en\/wp-json\/wp\/v2\/media\/3569"}],"wp:attachment":[{"href":"https:\/\/alvaralice.org\/en\/wp-json\/wp\/v2\/media?parent=3568"}],"wp:term":[{"taxonomy":"category","embeddable":true,"href":"https:\/\/alvaralice.org\/en\/wp-json\/wp\/v2\/categories?post=3568"},{"taxonomy":"post_tag","embeddable":true,"href":"https:\/\/alvaralice.org\/en\/wp-json\/wp\/v2\/tags?post=3568"}],"curies":[{"name":"wp","href":"https:\/\/api.w.org\/{rel}","templated":true}]}}