{"id":3574,"date":"2022-11-04T20:28:50","date_gmt":"2022-11-04T20:28:50","guid":{"rendered":"https:\/\/alvaralice.org\/en\/?p=3574"},"modified":"2022-11-11T17:07:29","modified_gmt":"2022-11-11T17:07:29","slug":"breaking-down-borders-civic-award-winning-initiative-that-builds-peace-and-coexistence-in-commune-18","status":"publish","type":"post","link":"https:\/\/alvaralice.org\/en\/news\/breaking-down-borders-civic-award-winning-initiative-that-builds-peace-and-coexistence-in-commune-18\/","title":{"rendered":"Breaking down borders: Civic award-winning initiative that builds peace and coexistence in commune 18"},"content":{"rendered":"<p>[vc_row][vc_column][vc_video link=&#8221;https:\/\/www.youtube.com\/watch?v=9kUpsmCtSzU&amp;ab_channel=Fundaci%C3%B3nAlvaralice&#8221;][vc_column_text]Fundaci\u00f3n Prisioneros de Esperanza creates environments for young people from the commune 18 to work for the reduction of violence through artistic and cultural expressions. Their objective is to help young people find in art a tool that not only keeps them away from violence, but also opens life opportunities for them.[\/vc_column_text][\/vc_column][\/vc_row][vc_row][vc_column][\/vc_column][\/vc_row]<\/p>\n","protected":false},"excerpt":{"rendered":"<p>[vc_row][vc_column][vc_video link=&#8221;https:\/\/www.youtube.com\/watch?v=9kUpsmCtSzU&amp;ab_channel=Fundaci%C3%B3nAlvaralice&#8221;][vc_column_text]Fundaci\u00f3n Prisioneros de Esperanza creates environments for young people from the commune 18 to work for the reduction of violence through artistic and cultural expressions. Their objective is to help young people find in art a tool that not only keeps them away from violence, but also opens life opportunities for them.[\/vc_column_text][\/vc_column][\/vc_row][vc_row][vc_column][\/vc_column][\/vc_row]<\/p>\n","protected":false},"author":1,"featured_media":3581,"comment_status":"open","ping_status":"open","sticky":false,"template":"","format":"standard","meta":{"footnotes":""},"categories":[3],"tags":[],"class_list":["post-3574","post","type-post","status-publish","format-standard","has-post-thumbnail","hentry","category-news"],"acf":[],"yoast_head":"<!-- This site is optimized with the Yoast SEO Premium plugin v20.8 (Yoast SEO v20.8) - https:\/\/yoast.com\/wordpress\/plugins\/seo\/ -->\n<title>Breaking down borders: Civic award-winning initiative that builds peace and coexistence in commune 18 - Foundation Alvaralice<\/title>\n<meta name=\"description\" content=\"The training sessions of the institutional strengthening process of the civic award \u201cPor una Ciudad Mejor\u201d began last Saturday, January 22nd. This phase of the award will consist of eight meetings in which the 30 finalist initiatives will receive tools that will contribute to strengthen the work they are carrying out for the welfare of their communities.\" \/>\n<meta name=\"robots\" content=\"index, follow, max-snippet:-1, max-image-preview:large, max-video-preview:-1\" \/>\n<link rel=\"canonical\" href=\"https:\/\/alvaralice.org\/en\/news\/breaking-down-borders-civic-award-winning-initiative-that-builds-peace-and-coexistence-in-commune-18\/\" \/>\n<meta property=\"og:locale\" content=\"en_US\" \/>\n<meta property=\"og:type\" content=\"article\" \/>\n<meta property=\"og:title\" content=\"Breaking down borders: Civic award-winning initiative that builds peace and coexistence in commune 18\" \/>\n<meta property=\"og:description\" content=\"The training sessions of the institutional strengthening process of the civic award \u201cPor una Ciudad Mejor\u201d began last Saturday, January 22nd. This phase of the award will consist of eight meetings in which the 30 finalist initiatives will receive tools that will contribute to strengthen the work they are carrying out for the welfare of their communities.\" \/>\n<meta property=\"og:url\" content=\"https:\/\/alvaralice.org\/en\/news\/breaking-down-borders-civic-award-winning-initiative-that-builds-peace-and-coexistence-in-commune-18\/\" \/>\n<meta property=\"og:site_name\" content=\"Foundation Alvaralice\" \/>\n<meta property=\"article:published_time\" content=\"2022-11-04T20:28:50+00:00\" \/>\n<meta property=\"article:modified_time\" content=\"2022-11-11T17:07:29+00:00\" \/>\n<meta property=\"og:image\" content=\"https:\/\/alvaralice.org\/wp-content\/uploads\/sites\/2\/2022\/11\/derribando-fronteras-1.jpg\" \/>\n\t<meta property=\"og:image:width\" content=\"1024\" \/>\n\t<meta property=\"og:image:height\" content=\"724\" \/>\n\t<meta property=\"og:image:type\" content=\"image\/jpeg\" \/>\n<meta name=\"author\" content=\"webmaster\" \/>\n<meta name=\"twitter:card\" content=\"summary_large_image\" \/>\n<meta name=\"twitter:label1\" content=\"Written by\" \/>\n\t<meta name=\"twitter:data1\" content=\"webmaster\" \/>\n\t<meta name=\"twitter:label2\" content=\"Est. reading time\" \/>\n\t<meta name=\"twitter:data2\" content=\"1 minute\" \/>\n<script type=\"application\/ld+json\" class=\"yoast-schema-graph\">{\"@context\":\"https:\/\/schema.org\",\"@graph\":[{\"@type\":\"WebPage\",\"@id\":\"https:\/\/alvaralice.org\/en\/news\/breaking-down-borders-civic-award-winning-initiative-that-builds-peace-and-coexistence-in-commune-18\/\",\"url\":\"https:\/\/alvaralice.org\/en\/news\/breaking-down-borders-civic-award-winning-initiative-that-builds-peace-and-coexistence-in-commune-18\/\",\"name\":\"Breaking down borders: Civic award-winning initiative that builds peace and coexistence in commune 18 - Foundation Alvaralice\",\"isPartOf\":{\"@id\":\"https:\/\/alvaralice.org\/en\/#website\"},\"datePublished\":\"2022-11-04T20:28:50+00:00\",\"dateModified\":\"2022-11-11T17:07:29+00:00\",\"author\":{\"@id\":\"https:\/\/alvaralice.org\/en\/#\/schema\/person\/5cf4244819020231d315646bab5cb909\"},\"description\":\"The training sessions of the institutional strengthening process of the civic award \u201cPor una Ciudad Mejor\u201d began last Saturday, January 22nd. This phase of the award will consist of eight meetings in which the 30 finalist initiatives will receive tools that will contribute to strengthen the work they are carrying out for the welfare of their communities.\",\"breadcrumb\":{\"@id\":\"https:\/\/alvaralice.org\/en\/news\/breaking-down-borders-civic-award-winning-initiative-that-builds-peace-and-coexistence-in-commune-18\/#breadcrumb\"},\"inLanguage\":\"en-US\",\"potentialAction\":[{\"@type\":\"ReadAction\",\"target\":[\"https:\/\/alvaralice.org\/en\/news\/breaking-down-borders-civic-award-winning-initiative-that-builds-peace-and-coexistence-in-commune-18\/\"]}]},{\"@type\":\"BreadcrumbList\",\"@id\":\"https:\/\/alvaralice.org\/en\/news\/breaking-down-borders-civic-award-winning-initiative-that-builds-peace-and-coexistence-in-commune-18\/#breadcrumb\",\"itemListElement\":[{\"@type\":\"ListItem\",\"position\":1,\"name\":\"Home\",\"item\":\"https:\/\/alvaralice.org\/en\/\"},{\"@type\":\"ListItem\",\"position\":2,\"name\":\"Breaking down borders: Civic award-winning initiative that builds peace and coexistence in commune 18\"}]},{\"@type\":\"WebSite\",\"@id\":\"https:\/\/alvaralice.org\/en\/#website\",\"url\":\"https:\/\/alvaralice.org\/en\/\",\"name\":\"Foundation Alvaralice\",\"description\":\"La Fundaci\u00f3n Alvaralice es una entidad de car\u00e1cter privado, sin \u00e1nimo de lucro, creada en el 2003 en Cali\",\"potentialAction\":[{\"@type\":\"SearchAction\",\"target\":{\"@type\":\"EntryPoint\",\"urlTemplate\":\"https:\/\/alvaralice.org\/en\/?s={search_term_string}\"},\"query-input\":\"required name=search_term_string\"}],\"inLanguage\":\"en-US\"},{\"@type\":\"Person\",\"@id\":\"https:\/\/alvaralice.org\/en\/#\/schema\/person\/5cf4244819020231d315646bab5cb909\",\"name\":\"webmaster\",\"image\":{\"@type\":\"ImageObject\",\"inLanguage\":\"en-US\",\"@id\":\"https:\/\/alvaralice.org\/en\/#\/schema\/person\/image\/\",\"url\":\"https:\/\/secure.gravatar.com\/avatar\/715e4b0d466276944458f831874125d0?s=96&d=mm&r=g\",\"contentUrl\":\"https:\/\/secure.gravatar.com\/avatar\/715e4b0d466276944458f831874125d0?s=96&d=mm&r=g\",\"caption\":\"webmaster\"},\"url\":\"https:\/\/alvaralice.org\/en\/author\/webmaster\/\"}]}<\/script>\n<!-- \/ Yoast SEO Premium plugin. -->","yoast_head_json":{"title":"Breaking down borders: Civic award-winning initiative that builds peace and coexistence in commune 18 - Foundation Alvaralice","description":"The training sessions of the institutional strengthening process of the civic award \u201cPor una Ciudad Mejor\u201d began last Saturday, January 22nd. This phase of the award will consist of eight meetings in which the 30 finalist initiatives will receive tools that will contribute to strengthen the work they are carrying out for the welfare of their communities.","robots":{"index":"index","follow":"follow","max-snippet":"max-snippet:-1","max-image-preview":"max-image-preview:large","max-video-preview":"max-video-preview:-1"},"canonical":"https:\/\/alvaralice.org\/en\/news\/breaking-down-borders-civic-award-winning-initiative-that-builds-peace-and-coexistence-in-commune-18\/","og_locale":"en_US","og_type":"article","og_title":"Breaking down borders: Civic award-winning initiative that builds peace and coexistence in commune 18","og_description":"The training sessions of the institutional strengthening process of the civic award \u201cPor una Ciudad Mejor\u201d began last Saturday, January 22nd. This phase of the award will consist of eight meetings in which the 30 finalist initiatives will receive tools that will contribute to strengthen the work they are carrying out for the welfare of their communities.","og_url":"https:\/\/alvaralice.org\/en\/news\/breaking-down-borders-civic-award-winning-initiative-that-builds-peace-and-coexistence-in-commune-18\/","og_site_name":"Foundation Alvaralice","article_published_time":"2022-11-04T20:28:50+00:00","article_modified_time":"2022-11-11T17:07:29+00:00","og_image":[{"width":1024,"height":724,"url":"https:\/\/alvaralice.org\/wp-content\/uploads\/sites\/2\/2022\/11\/derribando-fronteras-1.jpg","type":"image\/jpeg"}],"author":"webmaster","twitter_card":"summary_large_image","twitter_misc":{"Written by":"webmaster","Est. reading time":"1 minute"},"schema":{"@context":"https:\/\/schema.org","@graph":[{"@type":"WebPage","@id":"https:\/\/alvaralice.org\/en\/news\/breaking-down-borders-civic-award-winning-initiative-that-builds-peace-and-coexistence-in-commune-18\/","url":"https:\/\/alvaralice.org\/en\/news\/breaking-down-borders-civic-award-winning-initiative-that-builds-peace-and-coexistence-in-commune-18\/","name":"Breaking down borders: Civic award-winning initiative that builds peace and coexistence in commune 18 - Foundation Alvaralice","isPartOf":{"@id":"https:\/\/alvaralice.org\/en\/#website"},"datePublished":"2022-11-04T20:28:50+00:00","dateModified":"2022-11-11T17:07:29+00:00","author":{"@id":"https:\/\/alvaralice.org\/en\/#\/schema\/person\/5cf4244819020231d315646bab5cb909"},"description":"The training sessions of the institutional strengthening process of the civic award \u201cPor una Ciudad Mejor\u201d began last Saturday, January 22nd. This phase of the award will consist of eight meetings in which the 30 finalist initiatives will receive tools that will contribute to strengthen the work they are carrying out for the welfare of their communities.","breadcrumb":{"@id":"https:\/\/alvaralice.org\/en\/news\/breaking-down-borders-civic-award-winning-initiative-that-builds-peace-and-coexistence-in-commune-18\/#breadcrumb"},"inLanguage":"en-US","potentialAction":[{"@type":"ReadAction","target":["https:\/\/alvaralice.org\/en\/news\/breaking-down-borders-civic-award-winning-initiative-that-builds-peace-and-coexistence-in-commune-18\/"]}]},{"@type":"BreadcrumbList","@id":"https:\/\/alvaralice.org\/en\/news\/breaking-down-borders-civic-award-winning-initiative-that-builds-peace-and-coexistence-in-commune-18\/#breadcrumb","itemListElement":[{"@type":"ListItem","position":1,"name":"Home","item":"https:\/\/alvaralice.org\/en\/"},{"@type":"ListItem","position":2,"name":"Breaking down borders: Civic award-winning initiative that builds peace and coexistence in commune 18"}]},{"@type":"WebSite","@id":"https:\/\/alvaralice.org\/en\/#website","url":"https:\/\/alvaralice.org\/en\/","name":"Foundation Alvaralice","description":"La Fundaci\u00f3n Alvaralice es una entidad de car\u00e1cter privado, sin \u00e1nimo de lucro, creada en el 2003 en Cali","potentialAction":[{"@type":"SearchAction","target":{"@type":"EntryPoint","urlTemplate":"https:\/\/alvaralice.org\/en\/?s={search_term_string}"},"query-input":"required name=search_term_string"}],"inLanguage":"en-US"},{"@type":"Person","@id":"https:\/\/alvaralice.org\/en\/#\/schema\/person\/5cf4244819020231d315646bab5cb909","name":"webmaster","image":{"@type":"ImageObject","inLanguage":"en-US","@id":"https:\/\/alvaralice.org\/en\/#\/schema\/person\/image\/","url":"https:\/\/secure.gravatar.com\/avatar\/715e4b0d466276944458f831874125d0?s=96&d=mm&r=g","contentUrl":"https:\/\/secure.gravatar.com\/avatar\/715e4b0d466276944458f831874125d0?s=96&d=mm&r=g","caption":"webmaster"},"url":"https:\/\/alvaralice.org\/en\/author\/webmaster\/"}]}},"_links":{"self":[{"href":"https:\/\/alvaralice.org\/en\/wp-json\/wp\/v2\/posts\/3574","targetHints":{"allow":["GET"]}}],"collection":[{"href":"https:\/\/alvaralice.org\/en\/wp-json\/wp\/v2\/posts"}],"about":[{"href":"https:\/\/alvaralice.org\/en\/wp-json\/wp\/v2\/types\/post"}],"author":[{"embeddable":true,"href":"https:\/\/alvaralice.org\/en\/wp-json\/wp\/v2\/users\/1"}],"replies":[{"embeddable":true,"href":"https:\/\/alvaralice.org\/en\/wp-json\/wp\/v2\/comments?post=3574"}],"version-history":[{"count":2,"href":"https:\/\/alvaralice.org\/en\/wp-json\/wp\/v2\/posts\/3574\/revisions"}],"predecessor-version":[{"id":3593,"href":"https:\/\/alvaralice.org\/en\/wp-json\/wp\/v2\/posts\/3574\/revisions\/3593"}],"wp:featuredmedia":[{"embeddable":true,"href":"https:\/\/alvaralice.org\/en\/wp-json\/wp\/v2\/media\/3581"}],"wp:attachment":[{"href":"https:\/\/alvaralice.org\/en\/wp-json\/wp\/v2\/media?parent=3574"}],"wp:term":[{"taxonomy":"category","embeddable":true,"href":"https:\/\/alvaralice.org\/en\/wp-json\/wp\/v2\/categories?post=3574"},{"taxonomy":"post_tag","embeddable":true,"href":"https:\/\/alvaralice.org\/en\/wp-json\/wp\/v2\/tags?post=3574"}],"curies":[{"name":"wp","href":"https:\/\/api.w.org\/{rel}","templated":true}]}}