{"id":3605,"date":"2022-12-16T19:33:16","date_gmt":"2022-12-16T19:33:16","guid":{"rendered":"https:\/\/alvaralice.org\/en\/?p=3605"},"modified":"2022-12-16T19:33:16","modified_gmt":"2022-12-16T19:33:16","slug":"colombian-women-stories-that-build-a-collective-biography","status":"publish","type":"post","link":"https:\/\/alvaralice.org\/en\/news\/colombian-women-stories-that-build-a-collective-biography\/","title":{"rendered":"Colombian Women: Stories that Build a Collective Biography"},"content":{"rendered":"<p>[vc_row][vc_column][vc_column_text]Elena Garc\u00e9s&#8217; book, <em>&#8220;Colombia Women&#8221;<\/em> <em>The Struggle out of Silence<\/em>, was the inspiration for creating the transmedia digital platform Colomb!anas: una Biograf\u00eda Colectiva (Colombian Women: a Collective Biography). So far 45 women from different parts of the country have recounted their stories and experiences. They all address the meaning of being a woman in Colombia and the impact of the social context that surrounds them. These audiovisual stories that have been disseminated since 2017, invite reflection and encourage other women who want to share in a similar way their own stories.[\/vc_column_text][vc_column_text]The program seeks to raise awareness among the public about the importance of gender equality and the role of women in Colombia, as mentioned by Daniela D\u00edaz, coordinator of the project:[\/vc_column_text][vc_column_text]<em>&#8220;The interesting thing about these stories is that they generate categories that are not predetermined but arise as the stories are constructed and cover topics such as first love, menstruation, education, professional life, being a woman in Colombia, gender stereotypes, spirituality and beliefs, and even issues of violence and sexual abuse.&#8221;<\/em>[\/vc_column_text][vc_column_text]For this occasion, Colomb!anas, in alliance with the Universidad Aut\u00f3noma de Occidente and its Institute for Sustainability Studies, produced and launched 20 new podcasts on &#8220;Women in Science and the Field&#8221;.[\/vc_column_text][vc_column_text]You can view these podcasts in this link:[\/vc_column_text][\/vc_column][\/vc_row][vc_row][vc_column][vc_video link=&#8221;https:\/\/www.youtube.com\/watch?v=b0VdaJtD1jU&amp;list=PLW_G4d67rl0gykxttq9FTmlvjLCdzb-Cb&amp;ab_channel=Colombianas%3AUnabiograf%C3%ADacolectiva&#8221;][\/vc_column][\/vc_row]<\/p>\n","protected":false},"excerpt":{"rendered":"<p>[vc_row][vc_column][vc_column_text]Elena Garc\u00e9s&#8217; book, &#8220;Colombia Women&#8221; The Struggle out of Silence, was the inspiration for creating the transmedia digital platform Colomb!anas: una Biograf\u00eda Colectiva (Colombian Women: a Collective Biography). So far 45 women from different parts of the country have recounted their stories and experiences. They all address the meaning of being a woman in Colombia [&hellip;]<\/p>\n","protected":false},"author":1,"featured_media":3607,"comment_status":"open","ping_status":"open","sticky":false,"template":"","format":"standard","meta":{"footnotes":""},"categories":[3],"tags":[],"class_list":["post-3605","post","type-post","status-publish","format-standard","has-post-thumbnail","hentry","category-news"],"acf":[],"yoast_head":"<!-- This site is optimized with the Yoast SEO Premium plugin v20.8 (Yoast SEO v20.8) - https:\/\/yoast.com\/wordpress\/plugins\/seo\/ -->\n<title>Colombian Women: Stories that Build a Collective Biography - Foundation Alvaralice<\/title>\n<meta name=\"robots\" content=\"index, follow, max-snippet:-1, max-image-preview:large, max-video-preview:-1\" \/>\n<link rel=\"canonical\" href=\"https:\/\/alvaralice.org\/en\/news\/colombian-women-stories-that-build-a-collective-biography\/\" \/>\n<meta property=\"og:locale\" content=\"en_US\" \/>\n<meta property=\"og:type\" content=\"article\" \/>\n<meta property=\"og:title\" content=\"Colombian Women: Stories that Build a Collective Biography\" \/>\n<meta property=\"og:description\" content=\"[vc_row][vc_column][vc_column_text]Elena Garc\u00e9s&#8217; book, &#8220;Colombia Women&#8221; The Struggle out of Silence, was the inspiration for creating the transmedia digital platform Colomb!anas: una Biograf\u00eda Colectiva (Colombian Women: a Collective Biography). So far 45 women from different parts of the country have recounted their stories and experiences. They all address the meaning of being a woman in Colombia [&hellip;]\" \/>\n<meta property=\"og:url\" content=\"https:\/\/alvaralice.org\/en\/news\/colombian-women-stories-that-build-a-collective-biography\/\" \/>\n<meta property=\"og:site_name\" content=\"Foundation Alvaralice\" \/>\n<meta property=\"article:published_time\" content=\"2022-12-16T19:33:16+00:00\" \/>\n<meta property=\"og:image\" content=\"https:\/\/alvaralice.org\/wp-content\/uploads\/sites\/2\/2022\/12\/Colomb\u00a1anas-scaled-1.jpg\" \/>\n\t<meta property=\"og:image:width\" content=\"2560\" \/>\n\t<meta property=\"og:image:height\" content=\"1707\" \/>\n\t<meta property=\"og:image:type\" content=\"image\/jpeg\" \/>\n<meta name=\"author\" content=\"webmaster\" \/>\n<meta name=\"twitter:card\" content=\"summary_large_image\" \/>\n<meta name=\"twitter:label1\" content=\"Written by\" \/>\n\t<meta name=\"twitter:data1\" content=\"webmaster\" \/>\n\t<meta name=\"twitter:label2\" content=\"Est. reading time\" \/>\n\t<meta name=\"twitter:data2\" content=\"1 minute\" \/>\n<script type=\"application\/ld+json\" class=\"yoast-schema-graph\">{\"@context\":\"https:\/\/schema.org\",\"@graph\":[{\"@type\":\"WebPage\",\"@id\":\"https:\/\/alvaralice.org\/en\/news\/colombian-women-stories-that-build-a-collective-biography\/\",\"url\":\"https:\/\/alvaralice.org\/en\/news\/colombian-women-stories-that-build-a-collective-biography\/\",\"name\":\"Colombian Women: Stories that Build a Collective Biography - Foundation Alvaralice\",\"isPartOf\":{\"@id\":\"https:\/\/alvaralice.org\/en\/#website\"},\"datePublished\":\"2022-12-16T19:33:16+00:00\",\"dateModified\":\"2022-12-16T19:33:16+00:00\",\"author\":{\"@id\":\"https:\/\/alvaralice.org\/en\/#\/schema\/person\/5cf4244819020231d315646bab5cb909\"},\"breadcrumb\":{\"@id\":\"https:\/\/alvaralice.org\/en\/news\/colombian-women-stories-that-build-a-collective-biography\/#breadcrumb\"},\"inLanguage\":\"en-US\",\"potentialAction\":[{\"@type\":\"ReadAction\",\"target\":[\"https:\/\/alvaralice.org\/en\/news\/colombian-women-stories-that-build-a-collective-biography\/\"]}]},{\"@type\":\"BreadcrumbList\",\"@id\":\"https:\/\/alvaralice.org\/en\/news\/colombian-women-stories-that-build-a-collective-biography\/#breadcrumb\",\"itemListElement\":[{\"@type\":\"ListItem\",\"position\":1,\"name\":\"Home\",\"item\":\"https:\/\/alvaralice.org\/en\/\"},{\"@type\":\"ListItem\",\"position\":2,\"name\":\"Colombian Women: Stories that Build a Collective Biography\"}]},{\"@type\":\"WebSite\",\"@id\":\"https:\/\/alvaralice.org\/en\/#website\",\"url\":\"https:\/\/alvaralice.org\/en\/\",\"name\":\"Foundation Alvaralice\",\"description\":\"La Fundaci\u00f3n Alvaralice es una entidad de car\u00e1cter privado, sin \u00e1nimo de lucro, creada en el 2003 en Cali\",\"potentialAction\":[{\"@type\":\"SearchAction\",\"target\":{\"@type\":\"EntryPoint\",\"urlTemplate\":\"https:\/\/alvaralice.org\/en\/?s={search_term_string}\"},\"query-input\":\"required name=search_term_string\"}],\"inLanguage\":\"en-US\"},{\"@type\":\"Person\",\"@id\":\"https:\/\/alvaralice.org\/en\/#\/schema\/person\/5cf4244819020231d315646bab5cb909\",\"name\":\"webmaster\",\"image\":{\"@type\":\"ImageObject\",\"inLanguage\":\"en-US\",\"@id\":\"https:\/\/alvaralice.org\/en\/#\/schema\/person\/image\/\",\"url\":\"https:\/\/secure.gravatar.com\/avatar\/715e4b0d466276944458f831874125d0?s=96&d=mm&r=g\",\"contentUrl\":\"https:\/\/secure.gravatar.com\/avatar\/715e4b0d466276944458f831874125d0?s=96&d=mm&r=g\",\"caption\":\"webmaster\"},\"url\":\"https:\/\/alvaralice.org\/en\/author\/webmaster\/\"}]}<\/script>\n<!-- \/ Yoast SEO Premium plugin. -->","yoast_head_json":{"title":"Colombian Women: Stories that Build a Collective Biography - Foundation Alvaralice","robots":{"index":"index","follow":"follow","max-snippet":"max-snippet:-1","max-image-preview":"max-image-preview:large","max-video-preview":"max-video-preview:-1"},"canonical":"https:\/\/alvaralice.org\/en\/news\/colombian-women-stories-that-build-a-collective-biography\/","og_locale":"en_US","og_type":"article","og_title":"Colombian Women: Stories that Build a Collective Biography","og_description":"[vc_row][vc_column][vc_column_text]Elena Garc\u00e9s&#8217; book, &#8220;Colombia Women&#8221; The Struggle out of Silence, was the inspiration for creating the transmedia digital platform Colomb!anas: una Biograf\u00eda Colectiva (Colombian Women: a Collective Biography). So far 45 women from different parts of the country have recounted their stories and experiences. They all address the meaning of being a woman in Colombia [&hellip;]","og_url":"https:\/\/alvaralice.org\/en\/news\/colombian-women-stories-that-build-a-collective-biography\/","og_site_name":"Foundation Alvaralice","article_published_time":"2022-12-16T19:33:16+00:00","og_image":[{"width":2560,"height":1707,"url":"https:\/\/alvaralice.org\/wp-content\/uploads\/sites\/2\/2022\/12\/Colomb\u00a1anas-scaled-1.jpg","type":"image\/jpeg"}],"author":"webmaster","twitter_card":"summary_large_image","twitter_misc":{"Written by":"webmaster","Est. reading time":"1 minute"},"schema":{"@context":"https:\/\/schema.org","@graph":[{"@type":"WebPage","@id":"https:\/\/alvaralice.org\/en\/news\/colombian-women-stories-that-build-a-collective-biography\/","url":"https:\/\/alvaralice.org\/en\/news\/colombian-women-stories-that-build-a-collective-biography\/","name":"Colombian Women: Stories that Build a Collective Biography - Foundation Alvaralice","isPartOf":{"@id":"https:\/\/alvaralice.org\/en\/#website"},"datePublished":"2022-12-16T19:33:16+00:00","dateModified":"2022-12-16T19:33:16+00:00","author":{"@id":"https:\/\/alvaralice.org\/en\/#\/schema\/person\/5cf4244819020231d315646bab5cb909"},"breadcrumb":{"@id":"https:\/\/alvaralice.org\/en\/news\/colombian-women-stories-that-build-a-collective-biography\/#breadcrumb"},"inLanguage":"en-US","potentialAction":[{"@type":"ReadAction","target":["https:\/\/alvaralice.org\/en\/news\/colombian-women-stories-that-build-a-collective-biography\/"]}]},{"@type":"BreadcrumbList","@id":"https:\/\/alvaralice.org\/en\/news\/colombian-women-stories-that-build-a-collective-biography\/#breadcrumb","itemListElement":[{"@type":"ListItem","position":1,"name":"Home","item":"https:\/\/alvaralice.org\/en\/"},{"@type":"ListItem","position":2,"name":"Colombian Women: Stories that Build a Collective Biography"}]},{"@type":"WebSite","@id":"https:\/\/alvaralice.org\/en\/#website","url":"https:\/\/alvaralice.org\/en\/","name":"Foundation Alvaralice","description":"La Fundaci\u00f3n Alvaralice es una entidad de car\u00e1cter privado, sin \u00e1nimo de lucro, creada en el 2003 en Cali","potentialAction":[{"@type":"SearchAction","target":{"@type":"EntryPoint","urlTemplate":"https:\/\/alvaralice.org\/en\/?s={search_term_string}"},"query-input":"required name=search_term_string"}],"inLanguage":"en-US"},{"@type":"Person","@id":"https:\/\/alvaralice.org\/en\/#\/schema\/person\/5cf4244819020231d315646bab5cb909","name":"webmaster","image":{"@type":"ImageObject","inLanguage":"en-US","@id":"https:\/\/alvaralice.org\/en\/#\/schema\/person\/image\/","url":"https:\/\/secure.gravatar.com\/avatar\/715e4b0d466276944458f831874125d0?s=96&d=mm&r=g","contentUrl":"https:\/\/secure.gravatar.com\/avatar\/715e4b0d466276944458f831874125d0?s=96&d=mm&r=g","caption":"webmaster"},"url":"https:\/\/alvaralice.org\/en\/author\/webmaster\/"}]}},"_links":{"self":[{"href":"https:\/\/alvaralice.org\/en\/wp-json\/wp\/v2\/posts\/3605","targetHints":{"allow":["GET"]}}],"collection":[{"href":"https:\/\/alvaralice.org\/en\/wp-json\/wp\/v2\/posts"}],"about":[{"href":"https:\/\/alvaralice.org\/en\/wp-json\/wp\/v2\/types\/post"}],"author":[{"embeddable":true,"href":"https:\/\/alvaralice.org\/en\/wp-json\/wp\/v2\/users\/1"}],"replies":[{"embeddable":true,"href":"https:\/\/alvaralice.org\/en\/wp-json\/wp\/v2\/comments?post=3605"}],"version-history":[{"count":1,"href":"https:\/\/alvaralice.org\/en\/wp-json\/wp\/v2\/posts\/3605\/revisions"}],"predecessor-version":[{"id":3608,"href":"https:\/\/alvaralice.org\/en\/wp-json\/wp\/v2\/posts\/3605\/revisions\/3608"}],"wp:featuredmedia":[{"embeddable":true,"href":"https:\/\/alvaralice.org\/en\/wp-json\/wp\/v2\/media\/3607"}],"wp:attachment":[{"href":"https:\/\/alvaralice.org\/en\/wp-json\/wp\/v2\/media?parent=3605"}],"wp:term":[{"taxonomy":"category","embeddable":true,"href":"https:\/\/alvaralice.org\/en\/wp-json\/wp\/v2\/categories?post=3605"},{"taxonomy":"post_tag","embeddable":true,"href":"https:\/\/alvaralice.org\/en\/wp-json\/wp\/v2\/tags?post=3605"}],"curies":[{"name":"wp","href":"https:\/\/api.w.org\/{rel}","templated":true}]}}