{"id":3666,"date":"2023-07-27T13:20:51","date_gmt":"2023-07-27T13:20:51","guid":{"rendered":"https:\/\/alvaralice.org\/en\/?p=3666"},"modified":"2023-07-27T13:20:51","modified_gmt":"2023-07-27T13:20:51","slug":"participants-of-the-rumbo-joven-program-receive-a-visit-from-empower","status":"publish","type":"post","link":"https:\/\/alvaralice.org\/en\/news\/participants-of-the-rumbo-joven-program-receive-a-visit-from-empower\/","title":{"rendered":"Participants of the Rumbo Joven program receive a visit from EMpower"},"content":{"rendered":"<p>[vc_row][vc_column][vc_column_text]Representatives and members of the board of directors of the EMpower organization, one of the allies and contributors to the Rumbo Joven program, visited the Tecnocentro Cultural Center Somos Pac\u00edfico where one of the classrooms of the employability program is located. During the visit, the Executive Director of the Alvaralice Foundation, Juan Camilo Cock, presented a report on the progress and achievements made thus far. In addition, the visitors had the opportunity to see firsthand the impact the program is having on the community and how it is being managed. &nbsp;they were also able to talk with the young participants of the 2023 cohort, who expressed their motivation to be trained in both work and life skills.<\/p>\n<p>Additionally, the EMpower representatives visited the facilities of Bivien, one of the companies associated with the program that is committed to social welfare and has provided labor opportunities to the young graduates of Rumbo Joven. The visitors from Empower were glad to have the opportunity to learn about the processes of the young people in the company and how the Rumbo Joven program has had such a positive impact on their life projects and job placement.<\/p>\n<p>&#8220;<em>It was an added bonus to be able to visit Bivien, hear from an employer and, of course, the wonderful words of three Rumbo Joven participants. Their stories will stay with us for many years to come<\/em>&#8221; Julie and Jeremy Llewelyn.<\/p>\n<p>Bivien&#8217;s young employees highlighted the professional and personal impact that Rumbo Joven had on their lives, which has allowed them to increase their motivation, creativity and ability to interact with their environment, helping them to develop skills to face different situations in their life projects.[\/vc_column_text][\/vc_column][\/vc_row]<\/p>\n","protected":false},"excerpt":{"rendered":"<p>[vc_row][vc_column][vc_column_text]Representatives and members of the board of directors of the EMpower organization, one of the allies and contributors to the Rumbo Joven program, visited the Tecnocentro Cultural Center Somos Pac\u00edfico where one of the classrooms of the employability program is located. During the visit, the Executive Director of the Alvaralice Foundation, Juan Camilo Cock, presented [&hellip;]<\/p>\n","protected":false},"author":1,"featured_media":3668,"comment_status":"open","ping_status":"open","sticky":false,"template":"","format":"standard","meta":{"footnotes":""},"categories":[3],"tags":[],"class_list":["post-3666","post","type-post","status-publish","format-standard","has-post-thumbnail","hentry","category-news"],"acf":[],"yoast_head":"<!-- This site is optimized with the Yoast SEO Premium plugin v20.8 (Yoast SEO v20.8) - https:\/\/yoast.com\/wordpress\/plugins\/seo\/ -->\n<title>Participants of the Rumbo Joven program receive a visit from EMpower - Foundation Alvaralice<\/title>\n<meta name=\"robots\" content=\"index, follow, max-snippet:-1, max-image-preview:large, max-video-preview:-1\" \/>\n<link rel=\"canonical\" href=\"https:\/\/alvaralice.org\/en\/news\/participants-of-the-rumbo-joven-program-receive-a-visit-from-empower\/\" \/>\n<meta property=\"og:locale\" content=\"en_US\" \/>\n<meta property=\"og:type\" content=\"article\" \/>\n<meta property=\"og:title\" content=\"Participants of the Rumbo Joven program receive a visit from EMpower\" \/>\n<meta property=\"og:description\" content=\"[vc_row][vc_column][vc_column_text]Representatives and members of the board of directors of the EMpower organization, one of the allies and contributors to the Rumbo Joven program, visited the Tecnocentro Cultural Center Somos Pac\u00edfico where one of the classrooms of the employability program is located. During the visit, the Executive Director of the Alvaralice Foundation, Juan Camilo Cock, presented [&hellip;]\" \/>\n<meta property=\"og:url\" content=\"https:\/\/alvaralice.org\/en\/news\/participants-of-the-rumbo-joven-program-receive-a-visit-from-empower\/\" \/>\n<meta property=\"og:site_name\" content=\"Foundation Alvaralice\" \/>\n<meta property=\"article:published_time\" content=\"2023-07-27T13:20:51+00:00\" \/>\n<meta property=\"og:image\" content=\"https:\/\/alvaralice.org\/wp-content\/uploads\/sites\/2\/2023\/07\/Visita-EMpower-scaled-1.jpg\" \/>\n\t<meta property=\"og:image:width\" content=\"2560\" \/>\n\t<meta property=\"og:image:height\" content=\"1536\" \/>\n\t<meta property=\"og:image:type\" content=\"image\/jpeg\" \/>\n<meta name=\"author\" content=\"webmaster\" \/>\n<meta name=\"twitter:card\" content=\"summary_large_image\" \/>\n<meta name=\"twitter:label1\" content=\"Written by\" \/>\n\t<meta name=\"twitter:data1\" content=\"webmaster\" \/>\n\t<meta name=\"twitter:label2\" content=\"Est. reading time\" \/>\n\t<meta name=\"twitter:data2\" content=\"1 minute\" \/>\n<script type=\"application\/ld+json\" class=\"yoast-schema-graph\">{\"@context\":\"https:\/\/schema.org\",\"@graph\":[{\"@type\":\"WebPage\",\"@id\":\"https:\/\/alvaralice.org\/en\/news\/participants-of-the-rumbo-joven-program-receive-a-visit-from-empower\/\",\"url\":\"https:\/\/alvaralice.org\/en\/news\/participants-of-the-rumbo-joven-program-receive-a-visit-from-empower\/\",\"name\":\"Participants of the Rumbo Joven program receive a visit from EMpower - Foundation Alvaralice\",\"isPartOf\":{\"@id\":\"https:\/\/alvaralice.org\/en\/#website\"},\"datePublished\":\"2023-07-27T13:20:51+00:00\",\"dateModified\":\"2023-07-27T13:20:51+00:00\",\"author\":{\"@id\":\"https:\/\/alvaralice.org\/en\/#\/schema\/person\/5cf4244819020231d315646bab5cb909\"},\"breadcrumb\":{\"@id\":\"https:\/\/alvaralice.org\/en\/news\/participants-of-the-rumbo-joven-program-receive-a-visit-from-empower\/#breadcrumb\"},\"inLanguage\":\"en-US\",\"potentialAction\":[{\"@type\":\"ReadAction\",\"target\":[\"https:\/\/alvaralice.org\/en\/news\/participants-of-the-rumbo-joven-program-receive-a-visit-from-empower\/\"]}]},{\"@type\":\"BreadcrumbList\",\"@id\":\"https:\/\/alvaralice.org\/en\/news\/participants-of-the-rumbo-joven-program-receive-a-visit-from-empower\/#breadcrumb\",\"itemListElement\":[{\"@type\":\"ListItem\",\"position\":1,\"name\":\"Home\",\"item\":\"https:\/\/alvaralice.org\/en\/\"},{\"@type\":\"ListItem\",\"position\":2,\"name\":\"Participants of the Rumbo Joven program receive a visit from EMpower\"}]},{\"@type\":\"WebSite\",\"@id\":\"https:\/\/alvaralice.org\/en\/#website\",\"url\":\"https:\/\/alvaralice.org\/en\/\",\"name\":\"Foundation Alvaralice\",\"description\":\"La Fundaci\u00f3n Alvaralice es una entidad de car\u00e1cter privado, sin \u00e1nimo de lucro, creada en el 2003 en Cali\",\"potentialAction\":[{\"@type\":\"SearchAction\",\"target\":{\"@type\":\"EntryPoint\",\"urlTemplate\":\"https:\/\/alvaralice.org\/en\/?s={search_term_string}\"},\"query-input\":\"required name=search_term_string\"}],\"inLanguage\":\"en-US\"},{\"@type\":\"Person\",\"@id\":\"https:\/\/alvaralice.org\/en\/#\/schema\/person\/5cf4244819020231d315646bab5cb909\",\"name\":\"webmaster\",\"image\":{\"@type\":\"ImageObject\",\"inLanguage\":\"en-US\",\"@id\":\"https:\/\/alvaralice.org\/en\/#\/schema\/person\/image\/\",\"url\":\"https:\/\/secure.gravatar.com\/avatar\/715e4b0d466276944458f831874125d0?s=96&d=mm&r=g\",\"contentUrl\":\"https:\/\/secure.gravatar.com\/avatar\/715e4b0d466276944458f831874125d0?s=96&d=mm&r=g\",\"caption\":\"webmaster\"},\"url\":\"https:\/\/alvaralice.org\/en\/author\/webmaster\/\"}]}<\/script>\n<!-- \/ Yoast SEO Premium plugin. -->","yoast_head_json":{"title":"Participants of the Rumbo Joven program receive a visit from EMpower - Foundation Alvaralice","robots":{"index":"index","follow":"follow","max-snippet":"max-snippet:-1","max-image-preview":"max-image-preview:large","max-video-preview":"max-video-preview:-1"},"canonical":"https:\/\/alvaralice.org\/en\/news\/participants-of-the-rumbo-joven-program-receive-a-visit-from-empower\/","og_locale":"en_US","og_type":"article","og_title":"Participants of the Rumbo Joven program receive a visit from EMpower","og_description":"[vc_row][vc_column][vc_column_text]Representatives and members of the board of directors of the EMpower organization, one of the allies and contributors to the Rumbo Joven program, visited the Tecnocentro Cultural Center Somos Pac\u00edfico where one of the classrooms of the employability program is located. During the visit, the Executive Director of the Alvaralice Foundation, Juan Camilo Cock, presented [&hellip;]","og_url":"https:\/\/alvaralice.org\/en\/news\/participants-of-the-rumbo-joven-program-receive-a-visit-from-empower\/","og_site_name":"Foundation Alvaralice","article_published_time":"2023-07-27T13:20:51+00:00","og_image":[{"width":2560,"height":1536,"url":"https:\/\/alvaralice.org\/wp-content\/uploads\/sites\/2\/2023\/07\/Visita-EMpower-scaled-1.jpg","type":"image\/jpeg"}],"author":"webmaster","twitter_card":"summary_large_image","twitter_misc":{"Written by":"webmaster","Est. reading time":"1 minute"},"schema":{"@context":"https:\/\/schema.org","@graph":[{"@type":"WebPage","@id":"https:\/\/alvaralice.org\/en\/news\/participants-of-the-rumbo-joven-program-receive-a-visit-from-empower\/","url":"https:\/\/alvaralice.org\/en\/news\/participants-of-the-rumbo-joven-program-receive-a-visit-from-empower\/","name":"Participants of the Rumbo Joven program receive a visit from EMpower - Foundation Alvaralice","isPartOf":{"@id":"https:\/\/alvaralice.org\/en\/#website"},"datePublished":"2023-07-27T13:20:51+00:00","dateModified":"2023-07-27T13:20:51+00:00","author":{"@id":"https:\/\/alvaralice.org\/en\/#\/schema\/person\/5cf4244819020231d315646bab5cb909"},"breadcrumb":{"@id":"https:\/\/alvaralice.org\/en\/news\/participants-of-the-rumbo-joven-program-receive-a-visit-from-empower\/#breadcrumb"},"inLanguage":"en-US","potentialAction":[{"@type":"ReadAction","target":["https:\/\/alvaralice.org\/en\/news\/participants-of-the-rumbo-joven-program-receive-a-visit-from-empower\/"]}]},{"@type":"BreadcrumbList","@id":"https:\/\/alvaralice.org\/en\/news\/participants-of-the-rumbo-joven-program-receive-a-visit-from-empower\/#breadcrumb","itemListElement":[{"@type":"ListItem","position":1,"name":"Home","item":"https:\/\/alvaralice.org\/en\/"},{"@type":"ListItem","position":2,"name":"Participants of the Rumbo Joven program receive a visit from EMpower"}]},{"@type":"WebSite","@id":"https:\/\/alvaralice.org\/en\/#website","url":"https:\/\/alvaralice.org\/en\/","name":"Foundation Alvaralice","description":"La Fundaci\u00f3n Alvaralice es una entidad de car\u00e1cter privado, sin \u00e1nimo de lucro, creada en el 2003 en Cali","potentialAction":[{"@type":"SearchAction","target":{"@type":"EntryPoint","urlTemplate":"https:\/\/alvaralice.org\/en\/?s={search_term_string}"},"query-input":"required name=search_term_string"}],"inLanguage":"en-US"},{"@type":"Person","@id":"https:\/\/alvaralice.org\/en\/#\/schema\/person\/5cf4244819020231d315646bab5cb909","name":"webmaster","image":{"@type":"ImageObject","inLanguage":"en-US","@id":"https:\/\/alvaralice.org\/en\/#\/schema\/person\/image\/","url":"https:\/\/secure.gravatar.com\/avatar\/715e4b0d466276944458f831874125d0?s=96&d=mm&r=g","contentUrl":"https:\/\/secure.gravatar.com\/avatar\/715e4b0d466276944458f831874125d0?s=96&d=mm&r=g","caption":"webmaster"},"url":"https:\/\/alvaralice.org\/en\/author\/webmaster\/"}]}},"_links":{"self":[{"href":"https:\/\/alvaralice.org\/en\/wp-json\/wp\/v2\/posts\/3666","targetHints":{"allow":["GET"]}}],"collection":[{"href":"https:\/\/alvaralice.org\/en\/wp-json\/wp\/v2\/posts"}],"about":[{"href":"https:\/\/alvaralice.org\/en\/wp-json\/wp\/v2\/types\/post"}],"author":[{"embeddable":true,"href":"https:\/\/alvaralice.org\/en\/wp-json\/wp\/v2\/users\/1"}],"replies":[{"embeddable":true,"href":"https:\/\/alvaralice.org\/en\/wp-json\/wp\/v2\/comments?post=3666"}],"version-history":[{"count":1,"href":"https:\/\/alvaralice.org\/en\/wp-json\/wp\/v2\/posts\/3666\/revisions"}],"predecessor-version":[{"id":3669,"href":"https:\/\/alvaralice.org\/en\/wp-json\/wp\/v2\/posts\/3666\/revisions\/3669"}],"wp:featuredmedia":[{"embeddable":true,"href":"https:\/\/alvaralice.org\/en\/wp-json\/wp\/v2\/media\/3668"}],"wp:attachment":[{"href":"https:\/\/alvaralice.org\/en\/wp-json\/wp\/v2\/media?parent=3666"}],"wp:term":[{"taxonomy":"category","embeddable":true,"href":"https:\/\/alvaralice.org\/en\/wp-json\/wp\/v2\/categories?post=3666"},{"taxonomy":"post_tag","embeddable":true,"href":"https:\/\/alvaralice.org\/en\/wp-json\/wp\/v2\/tags?post=3666"}],"curies":[{"name":"wp","href":"https:\/\/api.w.org\/{rel}","templated":true}]}}