{"id":3674,"date":"2024-02-02T20:11:29","date_gmt":"2024-02-02T20:11:29","guid":{"rendered":"https:\/\/alvaralice.org\/en\/?p=3674"},"modified":"2024-04-19T13:57:11","modified_gmt":"2024-04-19T13:57:11","slug":"the-alvaralice-foundation-celebrates-two-decades-of-work-in-the-peace-building-and-equity-in-the-city-of-cali","status":"publish","type":"post","link":"https:\/\/alvaralice.org\/en\/news\/the-alvaralice-foundation-celebrates-two-decades-of-work-in-the-peace-building-and-equity-in-the-city-of-cali\/","title":{"rendered":"The Alvaralice Foundation celebrates two decades of work in the peace building and equity in the city of Cali"},"content":{"rendered":"<p>[vc_row][vc_column][vc_column_text]The Alvaralice Foundation will commemorate its twentieth anniversary in an event including founders, partners, project participants and friends of the organization. The Foundation was created in 2003 by the Garc\u00e9s Echavarr\u00eda siblings to honor the memory and philanthropy of their parents, Alvaro Garces Giraldo and Alice Echavarr\u00eda Olozaga. Since its creation, the Foundation has committed itself to promoting peace and generating opportunities for vulnerable communities, working tirelessly to create a more inclusive and peaceful society.<\/p>\n<p>Foundation president, Mar\u00eda Eugenia Garces Echavarr\u00eda, highlights the vision she and her siblings had when they established the organization, \u201cWe proposed to create an organization that would help generate opportunities and contribute to building a more just and peaceful society.\u201d<\/p>\n<p>In its twenty years of existence, the Alvaralice Foundation has had a significant impact in its chosen sphere. It pioneered promotion of restorative justice and microfinance in Colombia by organizing large symposiums on these topics.<\/p>\n<p>Among the Alvaralice Foundation\u2019s most exceptional projects is creation of the Tecnocentro Cultural Somos Pac\u00edfico (<em>We are the Pacific Cultural Technocenter)<\/em>; the Foundation played a significant role in construction management. Currently, the Tecnocentro Cultural (<em>Cultural Technocenter<\/em>) is eastern Cali\u2019s preeminent educational community center for the arts, music, dance, and technology. It directly and indirectly benefits more than 3900 children, youth, and senior citizens. From the moment of construction, we have supported the Tecnocentro (<em>Technocenter<\/em>), managing and mobilizing considerable resources for its day-to-day operations, sustainability, and maintenance.<\/p>\n<p>The Alvaralice Foundation has also spearheaded development of methods to reduce conflict and provide opportunities for youth in urban areas characterized by elevated levels of violence.&nbsp; In 2018, it launched Abriendo Caminos (<em>Opening Pathways<\/em>), a project which targets providing alternative justice options, strengthening trust within communities, promoting social inclusion and peacefully mediating conflict. Its impact has led to increased social cohesion and improved relations between communities and institutions in specific territories.&nbsp; Successfully operating a network of mediators made up of volunteers and leaders, Abriendo Caminos (<em>Opening Pathways<\/em>) has guided 1,775 young people toward lawful, peaceful lifestyles, with an average reduction of 58% in consumption of illegal substances, an increase of 68% of lawful income through employment or self-employment, an 83% increase in development of participant use of conflict resolution skills.&nbsp; Impressively, 13,412 conflicts \u2013 more than 50% of which were at risk of escalated violence \u2013 were resolved, with an average success rate of 83%.<\/p>\n<p>The Foundation has also provided youth with opportunities through its income generation program, Rumbo Joven (<em>Youth on Course)<\/em>, which during nine years of existence has focused on training and development for vulnerable youth. It focuses on socio-emotional development and job skills, emphasizing training, connection and support. Since its inception, 964 young people have found formal employment through the program.<\/p>\n<p>In 2006, the Foundation began to operate Premio Civico Por Una Mejor Ciudad (<em>Civic Prize for a Better City<\/em>), in collaboration with partners and allies in Cali. The program seeks to recognize, highlight and strengthen the impact of innovative social initiatives which address the city\u2019s problems in a sustainable and replicable manner.&nbsp; The program has recognized more than 1100 social initiatives, strengthened 131 organizations, and provided more than 400,000,000 Colombian pesos seed capital given in kind to 70 prize winners.<\/p>\n<p>The Alvaralice Foundation is one of the founders and an implementing organization of Compromiso Valle (<em>Commitment to Valle<\/em>), the most ambitious social transformation effort in recent years, which unites efforts of companies, individuals, social leaders and civil society organizations.[\/vc_column_text][\/vc_column][\/vc_row]<\/p>\n","protected":false},"excerpt":{"rendered":"<p>[vc_row][vc_column][vc_column_text]The Alvaralice Foundation will commemorate its twentieth anniversary in an event including founders, partners, project participants and friends of the organization. The Foundation was created in 2003 by the Garc\u00e9s Echavarr\u00eda siblings to honor the memory and philanthropy of their parents, Alvaro Garces Giraldo and Alice Echavarr\u00eda Olozaga. Since its creation, the Foundation has committed [&hellip;]<\/p>\n","protected":false},"author":1,"featured_media":3675,"comment_status":"open","ping_status":"open","sticky":false,"template":"","format":"standard","meta":{"footnotes":""},"categories":[3],"tags":[],"class_list":["post-3674","post","type-post","status-publish","format-standard","has-post-thumbnail","hentry","category-news"],"acf":[],"yoast_head":"<!-- This site is optimized with the Yoast SEO Premium plugin v20.8 (Yoast SEO v20.8) - https:\/\/yoast.com\/wordpress\/plugins\/seo\/ -->\n<title>The Alvaralice Foundation celebrates two decades of work in the peace building and equity in the city of Cali - Foundation Alvaralice<\/title>\n<meta name=\"robots\" content=\"index, follow, max-snippet:-1, max-image-preview:large, max-video-preview:-1\" \/>\n<link rel=\"canonical\" href=\"https:\/\/alvaralice.org\/en\/news\/the-alvaralice-foundation-celebrates-two-decades-of-work-in-the-peace-building-and-equity-in-the-city-of-cali\/\" \/>\n<meta property=\"og:locale\" content=\"en_US\" \/>\n<meta property=\"og:type\" content=\"article\" \/>\n<meta property=\"og:title\" content=\"The Alvaralice Foundation celebrates two decades of work in the peace building and equity in the city of Cali\" \/>\n<meta property=\"og:description\" content=\"[vc_row][vc_column][vc_column_text]The Alvaralice Foundation will commemorate its twentieth anniversary in an event including founders, partners, project participants and friends of the organization. The Foundation was created in 2003 by the Garc\u00e9s Echavarr\u00eda siblings to honor the memory and philanthropy of their parents, Alvaro Garces Giraldo and Alice Echavarr\u00eda Olozaga. Since its creation, the Foundation has committed [&hellip;]\" \/>\n<meta property=\"og:url\" content=\"https:\/\/alvaralice.org\/en\/news\/the-alvaralice-foundation-celebrates-two-decades-of-work-in-the-peace-building-and-equity-in-the-city-of-cali\/\" \/>\n<meta property=\"og:site_name\" content=\"Foundation Alvaralice\" \/>\n<meta property=\"article:published_time\" content=\"2024-02-02T20:11:29+00:00\" \/>\n<meta property=\"article:modified_time\" content=\"2024-04-19T13:57:11+00:00\" \/>\n<meta property=\"og:image\" content=\"https:\/\/alvaralice.org\/wp-content\/uploads\/sites\/2\/2024\/02\/featured-alvaralice-20-bg.jpg\" \/>\n\t<meta property=\"og:image:width\" content=\"1200\" \/>\n\t<meta property=\"og:image:height\" content=\"628\" \/>\n\t<meta property=\"og:image:type\" content=\"image\/jpeg\" \/>\n<meta name=\"author\" content=\"webmaster\" \/>\n<meta name=\"twitter:card\" content=\"summary_large_image\" \/>\n<meta name=\"twitter:label1\" content=\"Written by\" \/>\n\t<meta name=\"twitter:data1\" content=\"webmaster\" \/>\n\t<meta name=\"twitter:label2\" content=\"Est. reading time\" \/>\n\t<meta name=\"twitter:data2\" content=\"3 minutes\" \/>\n<script type=\"application\/ld+json\" class=\"yoast-schema-graph\">{\"@context\":\"https:\/\/schema.org\",\"@graph\":[{\"@type\":\"WebPage\",\"@id\":\"https:\/\/alvaralice.org\/en\/news\/the-alvaralice-foundation-celebrates-two-decades-of-work-in-the-peace-building-and-equity-in-the-city-of-cali\/\",\"url\":\"https:\/\/alvaralice.org\/en\/news\/the-alvaralice-foundation-celebrates-two-decades-of-work-in-the-peace-building-and-equity-in-the-city-of-cali\/\",\"name\":\"The Alvaralice Foundation celebrates two decades of work in the peace building and equity in the city of Cali - Foundation Alvaralice\",\"isPartOf\":{\"@id\":\"https:\/\/alvaralice.org\/en\/#website\"},\"datePublished\":\"2024-02-02T20:11:29+00:00\",\"dateModified\":\"2024-04-19T13:57:11+00:00\",\"author\":{\"@id\":\"https:\/\/alvaralice.org\/en\/#\/schema\/person\/5cf4244819020231d315646bab5cb909\"},\"breadcrumb\":{\"@id\":\"https:\/\/alvaralice.org\/en\/news\/the-alvaralice-foundation-celebrates-two-decades-of-work-in-the-peace-building-and-equity-in-the-city-of-cali\/#breadcrumb\"},\"inLanguage\":\"en-US\",\"potentialAction\":[{\"@type\":\"ReadAction\",\"target\":[\"https:\/\/alvaralice.org\/en\/news\/the-alvaralice-foundation-celebrates-two-decades-of-work-in-the-peace-building-and-equity-in-the-city-of-cali\/\"]}]},{\"@type\":\"BreadcrumbList\",\"@id\":\"https:\/\/alvaralice.org\/en\/news\/the-alvaralice-foundation-celebrates-two-decades-of-work-in-the-peace-building-and-equity-in-the-city-of-cali\/#breadcrumb\",\"itemListElement\":[{\"@type\":\"ListItem\",\"position\":1,\"name\":\"Home\",\"item\":\"https:\/\/alvaralice.org\/en\/\"},{\"@type\":\"ListItem\",\"position\":2,\"name\":\"The Alvaralice Foundation celebrates two decades of work in the peace building and equity in the city of Cali\"}]},{\"@type\":\"WebSite\",\"@id\":\"https:\/\/alvaralice.org\/en\/#website\",\"url\":\"https:\/\/alvaralice.org\/en\/\",\"name\":\"Foundation Alvaralice\",\"description\":\"La Fundaci\u00f3n Alvaralice es una entidad de car\u00e1cter privado, sin \u00e1nimo de lucro, creada en el 2003 en Cali\",\"potentialAction\":[{\"@type\":\"SearchAction\",\"target\":{\"@type\":\"EntryPoint\",\"urlTemplate\":\"https:\/\/alvaralice.org\/en\/?s={search_term_string}\"},\"query-input\":\"required name=search_term_string\"}],\"inLanguage\":\"en-US\"},{\"@type\":\"Person\",\"@id\":\"https:\/\/alvaralice.org\/en\/#\/schema\/person\/5cf4244819020231d315646bab5cb909\",\"name\":\"webmaster\",\"image\":{\"@type\":\"ImageObject\",\"inLanguage\":\"en-US\",\"@id\":\"https:\/\/alvaralice.org\/en\/#\/schema\/person\/image\/\",\"url\":\"https:\/\/secure.gravatar.com\/avatar\/715e4b0d466276944458f831874125d0?s=96&d=mm&r=g\",\"contentUrl\":\"https:\/\/secure.gravatar.com\/avatar\/715e4b0d466276944458f831874125d0?s=96&d=mm&r=g\",\"caption\":\"webmaster\"},\"url\":\"https:\/\/alvaralice.org\/en\/author\/webmaster\/\"}]}<\/script>\n<!-- \/ Yoast SEO Premium plugin. -->","yoast_head_json":{"title":"The Alvaralice Foundation celebrates two decades of work in the peace building and equity in the city of Cali - Foundation Alvaralice","robots":{"index":"index","follow":"follow","max-snippet":"max-snippet:-1","max-image-preview":"max-image-preview:large","max-video-preview":"max-video-preview:-1"},"canonical":"https:\/\/alvaralice.org\/en\/news\/the-alvaralice-foundation-celebrates-two-decades-of-work-in-the-peace-building-and-equity-in-the-city-of-cali\/","og_locale":"en_US","og_type":"article","og_title":"The Alvaralice Foundation celebrates two decades of work in the peace building and equity in the city of Cali","og_description":"[vc_row][vc_column][vc_column_text]The Alvaralice Foundation will commemorate its twentieth anniversary in an event including founders, partners, project participants and friends of the organization. The Foundation was created in 2003 by the Garc\u00e9s Echavarr\u00eda siblings to honor the memory and philanthropy of their parents, Alvaro Garces Giraldo and Alice Echavarr\u00eda Olozaga. Since its creation, the Foundation has committed [&hellip;]","og_url":"https:\/\/alvaralice.org\/en\/news\/the-alvaralice-foundation-celebrates-two-decades-of-work-in-the-peace-building-and-equity-in-the-city-of-cali\/","og_site_name":"Foundation Alvaralice","article_published_time":"2024-02-02T20:11:29+00:00","article_modified_time":"2024-04-19T13:57:11+00:00","og_image":[{"width":1200,"height":628,"url":"https:\/\/alvaralice.org\/wp-content\/uploads\/sites\/2\/2024\/02\/featured-alvaralice-20-bg.jpg","type":"image\/jpeg"}],"author":"webmaster","twitter_card":"summary_large_image","twitter_misc":{"Written by":"webmaster","Est. reading time":"3 minutes"},"schema":{"@context":"https:\/\/schema.org","@graph":[{"@type":"WebPage","@id":"https:\/\/alvaralice.org\/en\/news\/the-alvaralice-foundation-celebrates-two-decades-of-work-in-the-peace-building-and-equity-in-the-city-of-cali\/","url":"https:\/\/alvaralice.org\/en\/news\/the-alvaralice-foundation-celebrates-two-decades-of-work-in-the-peace-building-and-equity-in-the-city-of-cali\/","name":"The Alvaralice Foundation celebrates two decades of work in the peace building and equity in the city of Cali - Foundation Alvaralice","isPartOf":{"@id":"https:\/\/alvaralice.org\/en\/#website"},"datePublished":"2024-02-02T20:11:29+00:00","dateModified":"2024-04-19T13:57:11+00:00","author":{"@id":"https:\/\/alvaralice.org\/en\/#\/schema\/person\/5cf4244819020231d315646bab5cb909"},"breadcrumb":{"@id":"https:\/\/alvaralice.org\/en\/news\/the-alvaralice-foundation-celebrates-two-decades-of-work-in-the-peace-building-and-equity-in-the-city-of-cali\/#breadcrumb"},"inLanguage":"en-US","potentialAction":[{"@type":"ReadAction","target":["https:\/\/alvaralice.org\/en\/news\/the-alvaralice-foundation-celebrates-two-decades-of-work-in-the-peace-building-and-equity-in-the-city-of-cali\/"]}]},{"@type":"BreadcrumbList","@id":"https:\/\/alvaralice.org\/en\/news\/the-alvaralice-foundation-celebrates-two-decades-of-work-in-the-peace-building-and-equity-in-the-city-of-cali\/#breadcrumb","itemListElement":[{"@type":"ListItem","position":1,"name":"Home","item":"https:\/\/alvaralice.org\/en\/"},{"@type":"ListItem","position":2,"name":"The Alvaralice Foundation celebrates two decades of work in the peace building and equity in the city of Cali"}]},{"@type":"WebSite","@id":"https:\/\/alvaralice.org\/en\/#website","url":"https:\/\/alvaralice.org\/en\/","name":"Foundation Alvaralice","description":"La Fundaci\u00f3n Alvaralice es una entidad de car\u00e1cter privado, sin \u00e1nimo de lucro, creada en el 2003 en Cali","potentialAction":[{"@type":"SearchAction","target":{"@type":"EntryPoint","urlTemplate":"https:\/\/alvaralice.org\/en\/?s={search_term_string}"},"query-input":"required name=search_term_string"}],"inLanguage":"en-US"},{"@type":"Person","@id":"https:\/\/alvaralice.org\/en\/#\/schema\/person\/5cf4244819020231d315646bab5cb909","name":"webmaster","image":{"@type":"ImageObject","inLanguage":"en-US","@id":"https:\/\/alvaralice.org\/en\/#\/schema\/person\/image\/","url":"https:\/\/secure.gravatar.com\/avatar\/715e4b0d466276944458f831874125d0?s=96&d=mm&r=g","contentUrl":"https:\/\/secure.gravatar.com\/avatar\/715e4b0d466276944458f831874125d0?s=96&d=mm&r=g","caption":"webmaster"},"url":"https:\/\/alvaralice.org\/en\/author\/webmaster\/"}]}},"_links":{"self":[{"href":"https:\/\/alvaralice.org\/en\/wp-json\/wp\/v2\/posts\/3674","targetHints":{"allow":["GET"]}}],"collection":[{"href":"https:\/\/alvaralice.org\/en\/wp-json\/wp\/v2\/posts"}],"about":[{"href":"https:\/\/alvaralice.org\/en\/wp-json\/wp\/v2\/types\/post"}],"author":[{"embeddable":true,"href":"https:\/\/alvaralice.org\/en\/wp-json\/wp\/v2\/users\/1"}],"replies":[{"embeddable":true,"href":"https:\/\/alvaralice.org\/en\/wp-json\/wp\/v2\/comments?post=3674"}],"version-history":[{"count":2,"href":"https:\/\/alvaralice.org\/en\/wp-json\/wp\/v2\/posts\/3674\/revisions"}],"predecessor-version":[{"id":3686,"href":"https:\/\/alvaralice.org\/en\/wp-json\/wp\/v2\/posts\/3674\/revisions\/3686"}],"wp:featuredmedia":[{"embeddable":true,"href":"https:\/\/alvaralice.org\/en\/wp-json\/wp\/v2\/media\/3675"}],"wp:attachment":[{"href":"https:\/\/alvaralice.org\/en\/wp-json\/wp\/v2\/media?parent=3674"}],"wp:term":[{"taxonomy":"category","embeddable":true,"href":"https:\/\/alvaralice.org\/en\/wp-json\/wp\/v2\/categories?post=3674"},{"taxonomy":"post_tag","embeddable":true,"href":"https:\/\/alvaralice.org\/en\/wp-json\/wp\/v2\/tags?post=3674"}],"curies":[{"name":"wp","href":"https:\/\/api.w.org\/{rel}","templated":true}]}}