{"id":3714,"date":"2024-10-09T14:01:19","date_gmt":"2024-10-09T14:01:19","guid":{"rendered":"https:\/\/alvaralice.org\/en\/?p=3714"},"modified":"2024-10-09T14:13:42","modified_gmt":"2024-10-09T14:13:42","slug":"why-should-the-socioeconomic-inclusion-of-venezuelan-immigrants-in-cali-matter-to-us","status":"publish","type":"post","link":"https:\/\/alvaralice.org\/en\/news\/why-should-the-socioeconomic-inclusion-of-venezuelan-immigrants-in-cali-matter-to-us\/","title":{"rendered":"Why Should the Socioeconomic Inclusion of Venezuelan Immigrants in Cali Matter to Us?"},"content":{"rendered":"<p>[vc_row][vc_column][vc_column_text]<strong>By: \u201cCali: How Are We Doing?\u201d (<em>Cali C\u00f3mo Vamos<\/em>)<\/strong><\/p>\n<p>Throughout its history, the city of Cali has received many immigrants: 40% of Cali\u2019s inhabitants are from other municipalities, and an additional 6% come from other countries. One of the most challenging waves of immigration has been that of Venezuela. In 2023, 124,502 Venezuelans lived in Cali: 64,903 women and 58,599 men. This group is much younger than non-migrants and represents 5% of the city\u2019s population.<\/p>\n<p>There are two major reasons why it is important to strengthen this group\u2019s socioeconomic inclusion. According to analyses conducted by \u201cCali: How Are We Doing?\u201d (<em>Cali C\u00f3mo Vamos<\/em>), the Santo Domingo Foundation and CUSO International, the first is related to the UN\u2019s sustainable development goals (SDG), and its clear intention, known as \u201cno one left behind\u201d. This implies that development efforts must include those groups whose development is lagging. Half of Cali\u2019s Venezuelan immigrants are monetarily poor, double the municipal average.<\/p>\n<p>Secondly, according to Colombia\u2019s National Administrative Department of Statistics (DANE), 82% of immigrants over 15 years of age intend to remain in Colombia. They reside in the nation\u2019s major cities. This scenario requires moving from relief aid and assistance toward a process of socioeconomic integration. In 2023, this group\u2019s access to health services was ten times lower than that of the non-migrant population. They also experience greater overcrowding and lower rates of home ownership, among other indicators.<\/p>\n<p>In the labor market, Venezuelan immigrants have 74% lower salaries, higher labor informality and greater female unemployment.<\/p>\n<p><strong><em>Sources: Integral Home Census DANE, CUSO International, Santo Domingo Foundation and CUSO CVC Report.<\/em><\/strong>[\/vc_column_text][\/vc_column][\/vc_row]<\/p>\n","protected":false},"excerpt":{"rendered":"<p>[vc_row][vc_column][vc_column_text]By: \u201cCali: How Are We Doing?\u201d (Cali C\u00f3mo Vamos) Throughout its history, the city of Cali has received many immigrants: 40% of Cali\u2019s inhabitants are from other municipalities, and an additional 6% come from other countries. One of the most challenging waves of immigration has been that of Venezuela. In 2023, 124,502 Venezuelans lived in [&hellip;]<\/p>\n","protected":false},"author":1,"featured_media":3715,"comment_status":"open","ping_status":"open","sticky":false,"template":"","format":"standard","meta":{"footnotes":""},"categories":[3],"tags":[],"class_list":["post-3714","post","type-post","status-publish","format-standard","has-post-thumbnail","hentry","category-news"],"acf":[],"yoast_head":"<!-- This site is optimized with the Yoast SEO Premium plugin v20.8 (Yoast SEO v20.8) - https:\/\/yoast.com\/wordpress\/plugins\/seo\/ -->\n<title>Why Should the Socioeconomic Inclusion of Venezuelan Immigrants in Cali Matter to Us? - Foundation Alvaralice<\/title>\n<meta name=\"robots\" content=\"index, follow, max-snippet:-1, max-image-preview:large, max-video-preview:-1\" \/>\n<link rel=\"canonical\" href=\"https:\/\/alvaralice.org\/en\/news\/why-should-the-socioeconomic-inclusion-of-venezuelan-immigrants-in-cali-matter-to-us\/\" \/>\n<meta property=\"og:locale\" content=\"en_US\" \/>\n<meta property=\"og:type\" content=\"article\" \/>\n<meta property=\"og:title\" content=\"Why Should the Socioeconomic Inclusion of Venezuelan Immigrants in Cali Matter to Us?\" \/>\n<meta property=\"og:description\" content=\"[vc_row][vc_column][vc_column_text]By: \u201cCali: How Are We Doing?\u201d (Cali C\u00f3mo Vamos) Throughout its history, the city of Cali has received many immigrants: 40% of Cali\u2019s inhabitants are from other municipalities, and an additional 6% come from other countries. One of the most challenging waves of immigration has been that of Venezuela. In 2023, 124,502 Venezuelans lived in [&hellip;]\" \/>\n<meta property=\"og:url\" content=\"https:\/\/alvaralice.org\/en\/news\/why-should-the-socioeconomic-inclusion-of-venezuelan-immigrants-in-cali-matter-to-us\/\" \/>\n<meta property=\"og:site_name\" content=\"Foundation Alvaralice\" \/>\n<meta property=\"article:published_time\" content=\"2024-10-09T14:01:19+00:00\" \/>\n<meta property=\"article:modified_time\" content=\"2024-10-09T14:13:42+00:00\" \/>\n<meta property=\"og:image\" content=\"https:\/\/alvaralice.org\/wp-content\/uploads\/sites\/2\/2024\/10\/inclusion-socioeconomica-cali-como-vamos.jpg\" \/>\n\t<meta property=\"og:image:width\" content=\"1200\" \/>\n\t<meta property=\"og:image:height\" content=\"800\" \/>\n\t<meta property=\"og:image:type\" content=\"image\/jpeg\" \/>\n<meta name=\"author\" content=\"webmaster\" \/>\n<meta name=\"twitter:card\" content=\"summary_large_image\" \/>\n<meta name=\"twitter:label1\" content=\"Written by\" \/>\n\t<meta name=\"twitter:data1\" content=\"webmaster\" \/>\n\t<meta name=\"twitter:label2\" content=\"Est. reading time\" \/>\n\t<meta name=\"twitter:data2\" content=\"1 minute\" \/>\n<script type=\"application\/ld+json\" class=\"yoast-schema-graph\">{\"@context\":\"https:\/\/schema.org\",\"@graph\":[{\"@type\":\"WebPage\",\"@id\":\"https:\/\/alvaralice.org\/en\/news\/why-should-the-socioeconomic-inclusion-of-venezuelan-immigrants-in-cali-matter-to-us\/\",\"url\":\"https:\/\/alvaralice.org\/en\/news\/why-should-the-socioeconomic-inclusion-of-venezuelan-immigrants-in-cali-matter-to-us\/\",\"name\":\"Why Should the Socioeconomic Inclusion of Venezuelan Immigrants in Cali Matter to Us? - Foundation Alvaralice\",\"isPartOf\":{\"@id\":\"https:\/\/alvaralice.org\/en\/#website\"},\"datePublished\":\"2024-10-09T14:01:19+00:00\",\"dateModified\":\"2024-10-09T14:13:42+00:00\",\"author\":{\"@id\":\"https:\/\/alvaralice.org\/en\/#\/schema\/person\/5cf4244819020231d315646bab5cb909\"},\"breadcrumb\":{\"@id\":\"https:\/\/alvaralice.org\/en\/news\/why-should-the-socioeconomic-inclusion-of-venezuelan-immigrants-in-cali-matter-to-us\/#breadcrumb\"},\"inLanguage\":\"en-US\",\"potentialAction\":[{\"@type\":\"ReadAction\",\"target\":[\"https:\/\/alvaralice.org\/en\/news\/why-should-the-socioeconomic-inclusion-of-venezuelan-immigrants-in-cali-matter-to-us\/\"]}]},{\"@type\":\"BreadcrumbList\",\"@id\":\"https:\/\/alvaralice.org\/en\/news\/why-should-the-socioeconomic-inclusion-of-venezuelan-immigrants-in-cali-matter-to-us\/#breadcrumb\",\"itemListElement\":[{\"@type\":\"ListItem\",\"position\":1,\"name\":\"Home\",\"item\":\"https:\/\/alvaralice.org\/en\/\"},{\"@type\":\"ListItem\",\"position\":2,\"name\":\"Why Should the Socioeconomic Inclusion of Venezuelan Immigrants in Cali Matter to Us?\"}]},{\"@type\":\"WebSite\",\"@id\":\"https:\/\/alvaralice.org\/en\/#website\",\"url\":\"https:\/\/alvaralice.org\/en\/\",\"name\":\"Foundation Alvaralice\",\"description\":\"La Fundaci\u00f3n Alvaralice es una entidad de car\u00e1cter privado, sin \u00e1nimo de lucro, creada en el 2003 en Cali\",\"potentialAction\":[{\"@type\":\"SearchAction\",\"target\":{\"@type\":\"EntryPoint\",\"urlTemplate\":\"https:\/\/alvaralice.org\/en\/?s={search_term_string}\"},\"query-input\":\"required name=search_term_string\"}],\"inLanguage\":\"en-US\"},{\"@type\":\"Person\",\"@id\":\"https:\/\/alvaralice.org\/en\/#\/schema\/person\/5cf4244819020231d315646bab5cb909\",\"name\":\"webmaster\",\"image\":{\"@type\":\"ImageObject\",\"inLanguage\":\"en-US\",\"@id\":\"https:\/\/alvaralice.org\/en\/#\/schema\/person\/image\/\",\"url\":\"https:\/\/secure.gravatar.com\/avatar\/715e4b0d466276944458f831874125d0?s=96&d=mm&r=g\",\"contentUrl\":\"https:\/\/secure.gravatar.com\/avatar\/715e4b0d466276944458f831874125d0?s=96&d=mm&r=g\",\"caption\":\"webmaster\"},\"url\":\"https:\/\/alvaralice.org\/en\/author\/webmaster\/\"}]}<\/script>\n<!-- \/ Yoast SEO Premium plugin. -->","yoast_head_json":{"title":"Why Should the Socioeconomic Inclusion of Venezuelan Immigrants in Cali Matter to Us? - Foundation Alvaralice","robots":{"index":"index","follow":"follow","max-snippet":"max-snippet:-1","max-image-preview":"max-image-preview:large","max-video-preview":"max-video-preview:-1"},"canonical":"https:\/\/alvaralice.org\/en\/news\/why-should-the-socioeconomic-inclusion-of-venezuelan-immigrants-in-cali-matter-to-us\/","og_locale":"en_US","og_type":"article","og_title":"Why Should the Socioeconomic Inclusion of Venezuelan Immigrants in Cali Matter to Us?","og_description":"[vc_row][vc_column][vc_column_text]By: \u201cCali: How Are We Doing?\u201d (Cali C\u00f3mo Vamos) Throughout its history, the city of Cali has received many immigrants: 40% of Cali\u2019s inhabitants are from other municipalities, and an additional 6% come from other countries. One of the most challenging waves of immigration has been that of Venezuela. In 2023, 124,502 Venezuelans lived in [&hellip;]","og_url":"https:\/\/alvaralice.org\/en\/news\/why-should-the-socioeconomic-inclusion-of-venezuelan-immigrants-in-cali-matter-to-us\/","og_site_name":"Foundation Alvaralice","article_published_time":"2024-10-09T14:01:19+00:00","article_modified_time":"2024-10-09T14:13:42+00:00","og_image":[{"width":1200,"height":800,"url":"https:\/\/alvaralice.org\/wp-content\/uploads\/sites\/2\/2024\/10\/inclusion-socioeconomica-cali-como-vamos.jpg","type":"image\/jpeg"}],"author":"webmaster","twitter_card":"summary_large_image","twitter_misc":{"Written by":"webmaster","Est. reading time":"1 minute"},"schema":{"@context":"https:\/\/schema.org","@graph":[{"@type":"WebPage","@id":"https:\/\/alvaralice.org\/en\/news\/why-should-the-socioeconomic-inclusion-of-venezuelan-immigrants-in-cali-matter-to-us\/","url":"https:\/\/alvaralice.org\/en\/news\/why-should-the-socioeconomic-inclusion-of-venezuelan-immigrants-in-cali-matter-to-us\/","name":"Why Should the Socioeconomic Inclusion of Venezuelan Immigrants in Cali Matter to Us? - Foundation Alvaralice","isPartOf":{"@id":"https:\/\/alvaralice.org\/en\/#website"},"datePublished":"2024-10-09T14:01:19+00:00","dateModified":"2024-10-09T14:13:42+00:00","author":{"@id":"https:\/\/alvaralice.org\/en\/#\/schema\/person\/5cf4244819020231d315646bab5cb909"},"breadcrumb":{"@id":"https:\/\/alvaralice.org\/en\/news\/why-should-the-socioeconomic-inclusion-of-venezuelan-immigrants-in-cali-matter-to-us\/#breadcrumb"},"inLanguage":"en-US","potentialAction":[{"@type":"ReadAction","target":["https:\/\/alvaralice.org\/en\/news\/why-should-the-socioeconomic-inclusion-of-venezuelan-immigrants-in-cali-matter-to-us\/"]}]},{"@type":"BreadcrumbList","@id":"https:\/\/alvaralice.org\/en\/news\/why-should-the-socioeconomic-inclusion-of-venezuelan-immigrants-in-cali-matter-to-us\/#breadcrumb","itemListElement":[{"@type":"ListItem","position":1,"name":"Home","item":"https:\/\/alvaralice.org\/en\/"},{"@type":"ListItem","position":2,"name":"Why Should the Socioeconomic Inclusion of Venezuelan Immigrants in Cali Matter to Us?"}]},{"@type":"WebSite","@id":"https:\/\/alvaralice.org\/en\/#website","url":"https:\/\/alvaralice.org\/en\/","name":"Foundation Alvaralice","description":"La Fundaci\u00f3n Alvaralice es una entidad de car\u00e1cter privado, sin \u00e1nimo de lucro, creada en el 2003 en Cali","potentialAction":[{"@type":"SearchAction","target":{"@type":"EntryPoint","urlTemplate":"https:\/\/alvaralice.org\/en\/?s={search_term_string}"},"query-input":"required name=search_term_string"}],"inLanguage":"en-US"},{"@type":"Person","@id":"https:\/\/alvaralice.org\/en\/#\/schema\/person\/5cf4244819020231d315646bab5cb909","name":"webmaster","image":{"@type":"ImageObject","inLanguage":"en-US","@id":"https:\/\/alvaralice.org\/en\/#\/schema\/person\/image\/","url":"https:\/\/secure.gravatar.com\/avatar\/715e4b0d466276944458f831874125d0?s=96&d=mm&r=g","contentUrl":"https:\/\/secure.gravatar.com\/avatar\/715e4b0d466276944458f831874125d0?s=96&d=mm&r=g","caption":"webmaster"},"url":"https:\/\/alvaralice.org\/en\/author\/webmaster\/"}]}},"_links":{"self":[{"href":"https:\/\/alvaralice.org\/en\/wp-json\/wp\/v2\/posts\/3714","targetHints":{"allow":["GET"]}}],"collection":[{"href":"https:\/\/alvaralice.org\/en\/wp-json\/wp\/v2\/posts"}],"about":[{"href":"https:\/\/alvaralice.org\/en\/wp-json\/wp\/v2\/types\/post"}],"author":[{"embeddable":true,"href":"https:\/\/alvaralice.org\/en\/wp-json\/wp\/v2\/users\/1"}],"replies":[{"embeddable":true,"href":"https:\/\/alvaralice.org\/en\/wp-json\/wp\/v2\/comments?post=3714"}],"version-history":[{"count":1,"href":"https:\/\/alvaralice.org\/en\/wp-json\/wp\/v2\/posts\/3714\/revisions"}],"predecessor-version":[{"id":3716,"href":"https:\/\/alvaralice.org\/en\/wp-json\/wp\/v2\/posts\/3714\/revisions\/3716"}],"wp:featuredmedia":[{"embeddable":true,"href":"https:\/\/alvaralice.org\/en\/wp-json\/wp\/v2\/media\/3715"}],"wp:attachment":[{"href":"https:\/\/alvaralice.org\/en\/wp-json\/wp\/v2\/media?parent=3714"}],"wp:term":[{"taxonomy":"category","embeddable":true,"href":"https:\/\/alvaralice.org\/en\/wp-json\/wp\/v2\/categories?post=3714"},{"taxonomy":"post_tag","embeddable":true,"href":"https:\/\/alvaralice.org\/en\/wp-json\/wp\/v2\/tags?post=3714"}],"curies":[{"name":"wp","href":"https:\/\/api.w.org\/{rel}","templated":true}]}}