{"id":3717,"date":"2024-10-09T14:04:20","date_gmt":"2024-10-09T14:04:20","guid":{"rendered":"https:\/\/alvaralice.org\/en\/?p=3717"},"modified":"2024-10-09T14:13:35","modified_gmt":"2024-10-09T14:13:35","slug":"alvaralice-foundation-president-honored","status":"publish","type":"post","link":"https:\/\/alvaralice.org\/en\/news\/alvaralice-foundation-president-honored\/","title":{"rendered":"Alvaralice Foundation President Honored"},"content":{"rendered":"<p>[vc_row][vc_column][vc_column_text]Maria Eugenia Garces Echavarria, president of the Alvaralice Foundation, was recognized with Valle del Cauca\u2019s Grand Cross Order of Merit for her outstanding efforts in development, well- being and strengthening Valle del Cauca\u2019s social network.<\/p>\n<p>Over more than two decades, Maria Eugenia has shown exceptional leadership in fundraising for social projects and organizing events promoting peace. Among these events are the Symposium for Restorative Justice, and the Microfinance and Peace-building Symposium. Her efforts to raise and manage funds has led to implementation of programs reducing social inequality in the region\u2019s most vulnerable sectors.<\/p>\n<p>In addition, her efforts between 2009 and 2013 were essential for eastern Cali. During this period, she skillfully united public and private entities for construction of <strong>\u201c<i>Somos Pac\u00edfico<\/i>\u201d<\/strong> Cultural Technocenter, which provides training in the arts, culture and technology for the Potrero Grande neighborhood and surrounding areas.<\/p>\n<p>Maria Eugenia Garces Echavarr\u00eda has left her indelible mark on Valle del Cauca. Her work has not only transformed lives but has also inspired the Foundation\u2019s beneficiaries to dream of a better and more just future.[\/vc_column_text][\/vc_column][\/vc_row]<\/p>\n","protected":false},"excerpt":{"rendered":"<p>[vc_row][vc_column][vc_column_text]Maria Eugenia Garces Echavarria, president of the Alvaralice Foundation, was recognized with Valle del Cauca\u2019s Grand Cross Order of Merit for her outstanding efforts in development, well- being and strengthening Valle del Cauca\u2019s social network. Over more than two decades, Maria Eugenia has shown exceptional leadership in fundraising for social projects and organizing events promoting [&hellip;]<\/p>\n","protected":false},"author":1,"featured_media":3718,"comment_status":"open","ping_status":"open","sticky":false,"template":"","format":"standard","meta":{"footnotes":""},"categories":[3],"tags":[],"class_list":["post-3717","post","type-post","status-publish","format-standard","has-post-thumbnail","hentry","category-news"],"acf":[],"yoast_head":"<!-- This site is optimized with the Yoast SEO Premium plugin v20.8 (Yoast SEO v20.8) - https:\/\/yoast.com\/wordpress\/plugins\/seo\/ -->\n<title>Alvaralice Foundation President Honored - Foundation Alvaralice<\/title>\n<meta name=\"robots\" content=\"index, follow, max-snippet:-1, max-image-preview:large, max-video-preview:-1\" \/>\n<link rel=\"canonical\" href=\"https:\/\/alvaralice.org\/en\/news\/alvaralice-foundation-president-honored\/\" \/>\n<meta property=\"og:locale\" content=\"en_US\" \/>\n<meta property=\"og:type\" content=\"article\" \/>\n<meta property=\"og:title\" content=\"Alvaralice Foundation President Honored\" \/>\n<meta property=\"og:description\" content=\"[vc_row][vc_column][vc_column_text]Maria Eugenia Garces Echavarria, president of the Alvaralice Foundation, was recognized with Valle del Cauca\u2019s Grand Cross Order of Merit for her outstanding efforts in development, well- being and strengthening Valle del Cauca\u2019s social network. Over more than two decades, Maria Eugenia has shown exceptional leadership in fundraising for social projects and organizing events promoting [&hellip;]\" \/>\n<meta property=\"og:url\" content=\"https:\/\/alvaralice.org\/en\/news\/alvaralice-foundation-president-honored\/\" \/>\n<meta property=\"og:site_name\" content=\"Foundation Alvaralice\" \/>\n<meta property=\"article:published_time\" content=\"2024-10-09T14:04:20+00:00\" \/>\n<meta property=\"article:modified_time\" content=\"2024-10-09T14:13:35+00:00\" \/>\n<meta property=\"og:image\" content=\"https:\/\/alvaralice.org\/wp-content\/uploads\/sites\/2\/2024\/10\/condecoracion-para-la-presidenta-de-la-fundacion-alvaralice-f-1.jpg\" \/>\n\t<meta property=\"og:image:width\" content=\"1200\" \/>\n\t<meta property=\"og:image:height\" content=\"800\" \/>\n\t<meta property=\"og:image:type\" content=\"image\/jpeg\" \/>\n<meta name=\"author\" content=\"webmaster\" \/>\n<meta name=\"twitter:card\" content=\"summary_large_image\" \/>\n<meta name=\"twitter:label1\" content=\"Written by\" \/>\n\t<meta name=\"twitter:data1\" content=\"webmaster\" \/>\n\t<meta name=\"twitter:label2\" content=\"Est. reading time\" \/>\n\t<meta name=\"twitter:data2\" content=\"1 minute\" \/>\n<script type=\"application\/ld+json\" class=\"yoast-schema-graph\">{\"@context\":\"https:\/\/schema.org\",\"@graph\":[{\"@type\":\"WebPage\",\"@id\":\"https:\/\/alvaralice.org\/en\/news\/alvaralice-foundation-president-honored\/\",\"url\":\"https:\/\/alvaralice.org\/en\/news\/alvaralice-foundation-president-honored\/\",\"name\":\"Alvaralice Foundation President Honored - Foundation Alvaralice\",\"isPartOf\":{\"@id\":\"https:\/\/alvaralice.org\/en\/#website\"},\"datePublished\":\"2024-10-09T14:04:20+00:00\",\"dateModified\":\"2024-10-09T14:13:35+00:00\",\"author\":{\"@id\":\"https:\/\/alvaralice.org\/en\/#\/schema\/person\/5cf4244819020231d315646bab5cb909\"},\"breadcrumb\":{\"@id\":\"https:\/\/alvaralice.org\/en\/news\/alvaralice-foundation-president-honored\/#breadcrumb\"},\"inLanguage\":\"en-US\",\"potentialAction\":[{\"@type\":\"ReadAction\",\"target\":[\"https:\/\/alvaralice.org\/en\/news\/alvaralice-foundation-president-honored\/\"]}]},{\"@type\":\"BreadcrumbList\",\"@id\":\"https:\/\/alvaralice.org\/en\/news\/alvaralice-foundation-president-honored\/#breadcrumb\",\"itemListElement\":[{\"@type\":\"ListItem\",\"position\":1,\"name\":\"Home\",\"item\":\"https:\/\/alvaralice.org\/en\/\"},{\"@type\":\"ListItem\",\"position\":2,\"name\":\"Alvaralice Foundation President Honored\"}]},{\"@type\":\"WebSite\",\"@id\":\"https:\/\/alvaralice.org\/en\/#website\",\"url\":\"https:\/\/alvaralice.org\/en\/\",\"name\":\"Foundation Alvaralice\",\"description\":\"La Fundaci\u00f3n Alvaralice es una entidad de car\u00e1cter privado, sin \u00e1nimo de lucro, creada en el 2003 en Cali\",\"potentialAction\":[{\"@type\":\"SearchAction\",\"target\":{\"@type\":\"EntryPoint\",\"urlTemplate\":\"https:\/\/alvaralice.org\/en\/?s={search_term_string}\"},\"query-input\":\"required name=search_term_string\"}],\"inLanguage\":\"en-US\"},{\"@type\":\"Person\",\"@id\":\"https:\/\/alvaralice.org\/en\/#\/schema\/person\/5cf4244819020231d315646bab5cb909\",\"name\":\"webmaster\",\"image\":{\"@type\":\"ImageObject\",\"inLanguage\":\"en-US\",\"@id\":\"https:\/\/alvaralice.org\/en\/#\/schema\/person\/image\/\",\"url\":\"https:\/\/secure.gravatar.com\/avatar\/715e4b0d466276944458f831874125d0?s=96&d=mm&r=g\",\"contentUrl\":\"https:\/\/secure.gravatar.com\/avatar\/715e4b0d466276944458f831874125d0?s=96&d=mm&r=g\",\"caption\":\"webmaster\"},\"url\":\"https:\/\/alvaralice.org\/en\/author\/webmaster\/\"}]}<\/script>\n<!-- \/ Yoast SEO Premium plugin. -->","yoast_head_json":{"title":"Alvaralice Foundation President Honored - Foundation Alvaralice","robots":{"index":"index","follow":"follow","max-snippet":"max-snippet:-1","max-image-preview":"max-image-preview:large","max-video-preview":"max-video-preview:-1"},"canonical":"https:\/\/alvaralice.org\/en\/news\/alvaralice-foundation-president-honored\/","og_locale":"en_US","og_type":"article","og_title":"Alvaralice Foundation President Honored","og_description":"[vc_row][vc_column][vc_column_text]Maria Eugenia Garces Echavarria, president of the Alvaralice Foundation, was recognized with Valle del Cauca\u2019s Grand Cross Order of Merit for her outstanding efforts in development, well- being and strengthening Valle del Cauca\u2019s social network. Over more than two decades, Maria Eugenia has shown exceptional leadership in fundraising for social projects and organizing events promoting [&hellip;]","og_url":"https:\/\/alvaralice.org\/en\/news\/alvaralice-foundation-president-honored\/","og_site_name":"Foundation Alvaralice","article_published_time":"2024-10-09T14:04:20+00:00","article_modified_time":"2024-10-09T14:13:35+00:00","og_image":[{"width":1200,"height":800,"url":"https:\/\/alvaralice.org\/wp-content\/uploads\/sites\/2\/2024\/10\/condecoracion-para-la-presidenta-de-la-fundacion-alvaralice-f-1.jpg","type":"image\/jpeg"}],"author":"webmaster","twitter_card":"summary_large_image","twitter_misc":{"Written by":"webmaster","Est. reading time":"1 minute"},"schema":{"@context":"https:\/\/schema.org","@graph":[{"@type":"WebPage","@id":"https:\/\/alvaralice.org\/en\/news\/alvaralice-foundation-president-honored\/","url":"https:\/\/alvaralice.org\/en\/news\/alvaralice-foundation-president-honored\/","name":"Alvaralice Foundation President Honored - Foundation Alvaralice","isPartOf":{"@id":"https:\/\/alvaralice.org\/en\/#website"},"datePublished":"2024-10-09T14:04:20+00:00","dateModified":"2024-10-09T14:13:35+00:00","author":{"@id":"https:\/\/alvaralice.org\/en\/#\/schema\/person\/5cf4244819020231d315646bab5cb909"},"breadcrumb":{"@id":"https:\/\/alvaralice.org\/en\/news\/alvaralice-foundation-president-honored\/#breadcrumb"},"inLanguage":"en-US","potentialAction":[{"@type":"ReadAction","target":["https:\/\/alvaralice.org\/en\/news\/alvaralice-foundation-president-honored\/"]}]},{"@type":"BreadcrumbList","@id":"https:\/\/alvaralice.org\/en\/news\/alvaralice-foundation-president-honored\/#breadcrumb","itemListElement":[{"@type":"ListItem","position":1,"name":"Home","item":"https:\/\/alvaralice.org\/en\/"},{"@type":"ListItem","position":2,"name":"Alvaralice Foundation President Honored"}]},{"@type":"WebSite","@id":"https:\/\/alvaralice.org\/en\/#website","url":"https:\/\/alvaralice.org\/en\/","name":"Foundation Alvaralice","description":"La Fundaci\u00f3n Alvaralice es una entidad de car\u00e1cter privado, sin \u00e1nimo de lucro, creada en el 2003 en Cali","potentialAction":[{"@type":"SearchAction","target":{"@type":"EntryPoint","urlTemplate":"https:\/\/alvaralice.org\/en\/?s={search_term_string}"},"query-input":"required name=search_term_string"}],"inLanguage":"en-US"},{"@type":"Person","@id":"https:\/\/alvaralice.org\/en\/#\/schema\/person\/5cf4244819020231d315646bab5cb909","name":"webmaster","image":{"@type":"ImageObject","inLanguage":"en-US","@id":"https:\/\/alvaralice.org\/en\/#\/schema\/person\/image\/","url":"https:\/\/secure.gravatar.com\/avatar\/715e4b0d466276944458f831874125d0?s=96&d=mm&r=g","contentUrl":"https:\/\/secure.gravatar.com\/avatar\/715e4b0d466276944458f831874125d0?s=96&d=mm&r=g","caption":"webmaster"},"url":"https:\/\/alvaralice.org\/en\/author\/webmaster\/"}]}},"_links":{"self":[{"href":"https:\/\/alvaralice.org\/en\/wp-json\/wp\/v2\/posts\/3717","targetHints":{"allow":["GET"]}}],"collection":[{"href":"https:\/\/alvaralice.org\/en\/wp-json\/wp\/v2\/posts"}],"about":[{"href":"https:\/\/alvaralice.org\/en\/wp-json\/wp\/v2\/types\/post"}],"author":[{"embeddable":true,"href":"https:\/\/alvaralice.org\/en\/wp-json\/wp\/v2\/users\/1"}],"replies":[{"embeddable":true,"href":"https:\/\/alvaralice.org\/en\/wp-json\/wp\/v2\/comments?post=3717"}],"version-history":[{"count":2,"href":"https:\/\/alvaralice.org\/en\/wp-json\/wp\/v2\/posts\/3717\/revisions"}],"predecessor-version":[{"id":3725,"href":"https:\/\/alvaralice.org\/en\/wp-json\/wp\/v2\/posts\/3717\/revisions\/3725"}],"wp:featuredmedia":[{"embeddable":true,"href":"https:\/\/alvaralice.org\/en\/wp-json\/wp\/v2\/media\/3718"}],"wp:attachment":[{"href":"https:\/\/alvaralice.org\/en\/wp-json\/wp\/v2\/media?parent=3717"}],"wp:term":[{"taxonomy":"category","embeddable":true,"href":"https:\/\/alvaralice.org\/en\/wp-json\/wp\/v2\/categories?post=3717"},{"taxonomy":"post_tag","embeddable":true,"href":"https:\/\/alvaralice.org\/en\/wp-json\/wp\/v2\/tags?post=3717"}],"curies":[{"name":"wp","href":"https:\/\/api.w.org\/{rel}","templated":true}]}}