{"id":3720,"date":"2024-10-09T14:09:20","date_gmt":"2024-10-09T14:09:20","guid":{"rendered":"https:\/\/alvaralice.org\/en\/?p=3720"},"modified":"2024-10-09T14:17:49","modified_gmt":"2024-10-09T14:17:49","slug":"seed-capital-awarded-to-civic-prize-winners-initiatives","status":"publish","type":"post","link":"https:\/\/alvaralice.org\/en\/news\/seed-capital-awarded-to-civic-prize-winners-initiatives\/","title":{"rendered":"Seed Capital Awarded to Civic Prize Winners\u2019 Initiatives"},"content":{"rendered":"<p>[vc_row][vc_column][vc_column_text]Within the framework of the 2023-2024 edition of the Civic Prize for a Better City, winning initiatives were awarded their seed capital. This is a significant step toward strengthening projects that positively impact vulnerable communities, allowing them to expand their scope and include more participants.<\/p>\n<p>Winning initiatives include a wide range of activities: education, environment, sports, communication, entrepreneurship, culture, coexistence and peace. Each project underwent training to help them determine how to best invest their seed capital. To date, 80% of the 20 winning initiatives have received their total funds, and follow-up visits have been made to verify their achievements after having received their prizes.<\/p>\n<p>Visits were made to urban and rural areas of the cities of Cali, Yumbo and Palmira. Initiatives in sports, education and music were especially striking. For the project leaders visited by<\/p>\n<p>Committee members, the Prize is a crucial factor for increased visibility and strength, which in turn may project widen scope and improve tools for program beneficiaries.<\/p>\n<p><em>\u201cThanks to Commitment to Valle, the Civic Prize and all their allies, we have been able to improve conditions for all the boys and girls who attend school support activities. They now have more comfortable chairs and tables, which help them learn. The learning atmosphere is better, since it is not as hot when they arrive,\u201d <\/em>explained Lonis Murillo, leader of Education for Life, which though the Altos de Menga Talent Foundation, provides educational support to area children.<\/p>\n<p>This is how the Civic Prize for a Better City supports community development projects with seed capital, institutional reinforcement, as well as local and regional visibility.<\/p>\n<p>&nbsp;<br \/>\n<a href=\"https:\/\/alvaralice.org\/wp-content\/uploads\/sites\/2\/2024\/10\/infografia-ingles.jpg\"><img fetchpriority=\"high\" decoding=\"async\" class=\"alignnone size-full wp-image-3722\" src=\"https:\/\/alvaralice.org\/wp-content\/uploads\/sites\/2\/2024\/10\/infografia-ingles.jpg\" alt=\"\" width=\"1000\" height=\"1493\" srcset=\"https:\/\/alvaralice.org\/wp-content\/uploads\/sites\/2\/2024\/10\/infografia-ingles.jpg 1000w, https:\/\/alvaralice.org\/wp-content\/uploads\/sites\/2\/2024\/10\/infografia-ingles-201x300.jpg 201w, https:\/\/alvaralice.org\/wp-content\/uploads\/sites\/2\/2024\/10\/infografia-ingles-686x1024.jpg 686w, https:\/\/alvaralice.org\/wp-content\/uploads\/sites\/2\/2024\/10\/infografia-ingles-768x1147.jpg 768w\" sizes=\"(max-width: 1000px) 100vw, 1000px\" \/><\/a>[\/vc_column_text][\/vc_column][\/vc_row]<\/p>\n","protected":false},"excerpt":{"rendered":"<p>[vc_row][vc_column][vc_column_text]Within the framework of the 2023-2024 edition of the Civic Prize for a Better City, winning initiatives were awarded their seed capital. This is a significant step toward strengthening projects that positively impact vulnerable communities, allowing them to expand their scope and include more participants. Winning initiatives include a wide range of activities: education, environment, [&hellip;]<\/p>\n","protected":false},"author":1,"featured_media":3721,"comment_status":"open","ping_status":"open","sticky":false,"template":"","format":"standard","meta":{"footnotes":""},"categories":[3],"tags":[],"class_list":["post-3720","post","type-post","status-publish","format-standard","has-post-thumbnail","hentry","category-news"],"acf":[],"yoast_head":"<!-- This site is optimized with the Yoast SEO Premium plugin v20.8 (Yoast SEO v20.8) - https:\/\/yoast.com\/wordpress\/plugins\/seo\/ -->\n<title>Seed Capital Awarded to Civic Prize Winners\u2019 Initiatives - Foundation Alvaralice<\/title>\n<meta name=\"robots\" content=\"index, follow, max-snippet:-1, max-image-preview:large, max-video-preview:-1\" \/>\n<link rel=\"canonical\" href=\"https:\/\/alvaralice.org\/en\/news\/seed-capital-awarded-to-civic-prize-winners-initiatives\/\" \/>\n<meta property=\"og:locale\" content=\"en_US\" \/>\n<meta property=\"og:type\" content=\"article\" \/>\n<meta property=\"og:title\" content=\"Seed Capital Awarded to Civic Prize Winners\u2019 Initiatives\" \/>\n<meta property=\"og:description\" content=\"[vc_row][vc_column][vc_column_text]Within the framework of the 2023-2024 edition of the Civic Prize for a Better City, winning initiatives were awarded their seed capital. This is a significant step toward strengthening projects that positively impact vulnerable communities, allowing them to expand their scope and include more participants. Winning initiatives include a wide range of activities: education, environment, [&hellip;]\" \/>\n<meta property=\"og:url\" content=\"https:\/\/alvaralice.org\/en\/news\/seed-capital-awarded-to-civic-prize-winners-initiatives\/\" \/>\n<meta property=\"og:site_name\" content=\"Foundation Alvaralice\" \/>\n<meta property=\"article:published_time\" content=\"2024-10-09T14:09:20+00:00\" \/>\n<meta property=\"article:modified_time\" content=\"2024-10-09T14:17:49+00:00\" \/>\n<meta property=\"og:image\" content=\"https:\/\/alvaralice.org\/wp-content\/uploads\/sites\/2\/2024\/10\/insumos-que-fortalecen.jpg\" \/>\n\t<meta property=\"og:image:width\" content=\"1200\" \/>\n\t<meta property=\"og:image:height\" content=\"800\" \/>\n\t<meta property=\"og:image:type\" content=\"image\/jpeg\" \/>\n<meta name=\"author\" content=\"webmaster\" \/>\n<meta name=\"twitter:card\" content=\"summary_large_image\" \/>\n<meta name=\"twitter:label1\" content=\"Written by\" \/>\n\t<meta name=\"twitter:data1\" content=\"webmaster\" \/>\n\t<meta name=\"twitter:label2\" content=\"Est. reading time\" \/>\n\t<meta name=\"twitter:data2\" content=\"1 minute\" \/>\n<script type=\"application\/ld+json\" class=\"yoast-schema-graph\">{\"@context\":\"https:\/\/schema.org\",\"@graph\":[{\"@type\":\"WebPage\",\"@id\":\"https:\/\/alvaralice.org\/en\/news\/seed-capital-awarded-to-civic-prize-winners-initiatives\/\",\"url\":\"https:\/\/alvaralice.org\/en\/news\/seed-capital-awarded-to-civic-prize-winners-initiatives\/\",\"name\":\"Seed Capital Awarded to Civic Prize Winners\u2019 Initiatives - Foundation Alvaralice\",\"isPartOf\":{\"@id\":\"https:\/\/alvaralice.org\/en\/#website\"},\"datePublished\":\"2024-10-09T14:09:20+00:00\",\"dateModified\":\"2024-10-09T14:17:49+00:00\",\"author\":{\"@id\":\"https:\/\/alvaralice.org\/en\/#\/schema\/person\/5cf4244819020231d315646bab5cb909\"},\"breadcrumb\":{\"@id\":\"https:\/\/alvaralice.org\/en\/news\/seed-capital-awarded-to-civic-prize-winners-initiatives\/#breadcrumb\"},\"inLanguage\":\"en-US\",\"potentialAction\":[{\"@type\":\"ReadAction\",\"target\":[\"https:\/\/alvaralice.org\/en\/news\/seed-capital-awarded-to-civic-prize-winners-initiatives\/\"]}]},{\"@type\":\"BreadcrumbList\",\"@id\":\"https:\/\/alvaralice.org\/en\/news\/seed-capital-awarded-to-civic-prize-winners-initiatives\/#breadcrumb\",\"itemListElement\":[{\"@type\":\"ListItem\",\"position\":1,\"name\":\"Home\",\"item\":\"https:\/\/alvaralice.org\/en\/\"},{\"@type\":\"ListItem\",\"position\":2,\"name\":\"Seed Capital Awarded to Civic Prize Winners\u2019 Initiatives\"}]},{\"@type\":\"WebSite\",\"@id\":\"https:\/\/alvaralice.org\/en\/#website\",\"url\":\"https:\/\/alvaralice.org\/en\/\",\"name\":\"Foundation Alvaralice\",\"description\":\"La Fundaci\u00f3n Alvaralice es una entidad de car\u00e1cter privado, sin \u00e1nimo de lucro, creada en el 2003 en Cali\",\"potentialAction\":[{\"@type\":\"SearchAction\",\"target\":{\"@type\":\"EntryPoint\",\"urlTemplate\":\"https:\/\/alvaralice.org\/en\/?s={search_term_string}\"},\"query-input\":\"required name=search_term_string\"}],\"inLanguage\":\"en-US\"},{\"@type\":\"Person\",\"@id\":\"https:\/\/alvaralice.org\/en\/#\/schema\/person\/5cf4244819020231d315646bab5cb909\",\"name\":\"webmaster\",\"image\":{\"@type\":\"ImageObject\",\"inLanguage\":\"en-US\",\"@id\":\"https:\/\/alvaralice.org\/en\/#\/schema\/person\/image\/\",\"url\":\"https:\/\/secure.gravatar.com\/avatar\/715e4b0d466276944458f831874125d0?s=96&d=mm&r=g\",\"contentUrl\":\"https:\/\/secure.gravatar.com\/avatar\/715e4b0d466276944458f831874125d0?s=96&d=mm&r=g\",\"caption\":\"webmaster\"},\"url\":\"https:\/\/alvaralice.org\/en\/author\/webmaster\/\"}]}<\/script>\n<!-- \/ Yoast SEO Premium plugin. -->","yoast_head_json":{"title":"Seed Capital Awarded to Civic Prize Winners\u2019 Initiatives - Foundation Alvaralice","robots":{"index":"index","follow":"follow","max-snippet":"max-snippet:-1","max-image-preview":"max-image-preview:large","max-video-preview":"max-video-preview:-1"},"canonical":"https:\/\/alvaralice.org\/en\/news\/seed-capital-awarded-to-civic-prize-winners-initiatives\/","og_locale":"en_US","og_type":"article","og_title":"Seed Capital Awarded to Civic Prize Winners\u2019 Initiatives","og_description":"[vc_row][vc_column][vc_column_text]Within the framework of the 2023-2024 edition of the Civic Prize for a Better City, winning initiatives were awarded their seed capital. This is a significant step toward strengthening projects that positively impact vulnerable communities, allowing them to expand their scope and include more participants. Winning initiatives include a wide range of activities: education, environment, [&hellip;]","og_url":"https:\/\/alvaralice.org\/en\/news\/seed-capital-awarded-to-civic-prize-winners-initiatives\/","og_site_name":"Foundation Alvaralice","article_published_time":"2024-10-09T14:09:20+00:00","article_modified_time":"2024-10-09T14:17:49+00:00","og_image":[{"width":1200,"height":800,"url":"https:\/\/alvaralice.org\/wp-content\/uploads\/sites\/2\/2024\/10\/insumos-que-fortalecen.jpg","type":"image\/jpeg"}],"author":"webmaster","twitter_card":"summary_large_image","twitter_misc":{"Written by":"webmaster","Est. reading time":"1 minute"},"schema":{"@context":"https:\/\/schema.org","@graph":[{"@type":"WebPage","@id":"https:\/\/alvaralice.org\/en\/news\/seed-capital-awarded-to-civic-prize-winners-initiatives\/","url":"https:\/\/alvaralice.org\/en\/news\/seed-capital-awarded-to-civic-prize-winners-initiatives\/","name":"Seed Capital Awarded to Civic Prize Winners\u2019 Initiatives - Foundation Alvaralice","isPartOf":{"@id":"https:\/\/alvaralice.org\/en\/#website"},"datePublished":"2024-10-09T14:09:20+00:00","dateModified":"2024-10-09T14:17:49+00:00","author":{"@id":"https:\/\/alvaralice.org\/en\/#\/schema\/person\/5cf4244819020231d315646bab5cb909"},"breadcrumb":{"@id":"https:\/\/alvaralice.org\/en\/news\/seed-capital-awarded-to-civic-prize-winners-initiatives\/#breadcrumb"},"inLanguage":"en-US","potentialAction":[{"@type":"ReadAction","target":["https:\/\/alvaralice.org\/en\/news\/seed-capital-awarded-to-civic-prize-winners-initiatives\/"]}]},{"@type":"BreadcrumbList","@id":"https:\/\/alvaralice.org\/en\/news\/seed-capital-awarded-to-civic-prize-winners-initiatives\/#breadcrumb","itemListElement":[{"@type":"ListItem","position":1,"name":"Home","item":"https:\/\/alvaralice.org\/en\/"},{"@type":"ListItem","position":2,"name":"Seed Capital Awarded to Civic Prize Winners\u2019 Initiatives"}]},{"@type":"WebSite","@id":"https:\/\/alvaralice.org\/en\/#website","url":"https:\/\/alvaralice.org\/en\/","name":"Foundation Alvaralice","description":"La Fundaci\u00f3n Alvaralice es una entidad de car\u00e1cter privado, sin \u00e1nimo de lucro, creada en el 2003 en Cali","potentialAction":[{"@type":"SearchAction","target":{"@type":"EntryPoint","urlTemplate":"https:\/\/alvaralice.org\/en\/?s={search_term_string}"},"query-input":"required name=search_term_string"}],"inLanguage":"en-US"},{"@type":"Person","@id":"https:\/\/alvaralice.org\/en\/#\/schema\/person\/5cf4244819020231d315646bab5cb909","name":"webmaster","image":{"@type":"ImageObject","inLanguage":"en-US","@id":"https:\/\/alvaralice.org\/en\/#\/schema\/person\/image\/","url":"https:\/\/secure.gravatar.com\/avatar\/715e4b0d466276944458f831874125d0?s=96&d=mm&r=g","contentUrl":"https:\/\/secure.gravatar.com\/avatar\/715e4b0d466276944458f831874125d0?s=96&d=mm&r=g","caption":"webmaster"},"url":"https:\/\/alvaralice.org\/en\/author\/webmaster\/"}]}},"_links":{"self":[{"href":"https:\/\/alvaralice.org\/en\/wp-json\/wp\/v2\/posts\/3720","targetHints":{"allow":["GET"]}}],"collection":[{"href":"https:\/\/alvaralice.org\/en\/wp-json\/wp\/v2\/posts"}],"about":[{"href":"https:\/\/alvaralice.org\/en\/wp-json\/wp\/v2\/types\/post"}],"author":[{"embeddable":true,"href":"https:\/\/alvaralice.org\/en\/wp-json\/wp\/v2\/users\/1"}],"replies":[{"embeddable":true,"href":"https:\/\/alvaralice.org\/en\/wp-json\/wp\/v2\/comments?post=3720"}],"version-history":[{"count":2,"href":"https:\/\/alvaralice.org\/en\/wp-json\/wp\/v2\/posts\/3720\/revisions"}],"predecessor-version":[{"id":3724,"href":"https:\/\/alvaralice.org\/en\/wp-json\/wp\/v2\/posts\/3720\/revisions\/3724"}],"wp:featuredmedia":[{"embeddable":true,"href":"https:\/\/alvaralice.org\/en\/wp-json\/wp\/v2\/media\/3721"}],"wp:attachment":[{"href":"https:\/\/alvaralice.org\/en\/wp-json\/wp\/v2\/media?parent=3720"}],"wp:term":[{"taxonomy":"category","embeddable":true,"href":"https:\/\/alvaralice.org\/en\/wp-json\/wp\/v2\/categories?post=3720"},{"taxonomy":"post_tag","embeddable":true,"href":"https:\/\/alvaralice.org\/en\/wp-json\/wp\/v2\/tags?post=3720"}],"curies":[{"name":"wp","href":"https:\/\/api.w.org\/{rel}","templated":true}]}}