{"id":3822,"date":"2024-12-23T15:43:42","date_gmt":"2024-12-23T15:43:42","guid":{"rendered":"https:\/\/alvaralice.org\/en\/?p=3822"},"modified":"2024-12-23T15:43:42","modified_gmt":"2024-12-23T15:43:42","slug":"the-inspiring-tour-that-connects-communities-and-social-projects-in-the-region","status":"publish","type":"post","link":"https:\/\/alvaralice.org\/en\/news\/the-inspiring-tour-that-connects-communities-and-social-projects-in-the-region\/","title":{"rendered":"The Inspiring Tour that Connects Communities and Social Projects in the region"},"content":{"rendered":"<p>[vc_row][vc_column][vc_column_text]The Laboratory for Community Ideation: From Words to Action (<em>Laboratorio<\/em><em> de Ideaci\u00f3n Comunitaria<\/em><\/p>\n<p><em>\u00a1del Dicho al Hecho!) <\/em>is a project designed to promote and consolidate ideas or initiatives of leaders seeking to make a social impact in their communities. Through training models and seed capital, their ideas may evolve into tangible, viable projects which can become reality. Currently, the program is implemented in the municipalities of Candelaria and Jamund\u00ed.<\/p>\n<p>During the idea materialization process, program participants took part in an Inspiration Tour, which sent participants from Candelaria y Jamund\u00ed to visit social initiatives that had won the Civic Prize for a Better City in Cali y Yumbo. The Tour\u2019s objective was to show social leader\u2019s examples of positive change, beginning in Yumbo, where they visited two outstanding projects: Off-Road and Trails, (<em>Trocha y Ruta), <\/em>which uses mountain biking as a developmental process for children and youth, and Protectors of My Territory (<em>Protectores de Mi Territorio<\/em>), a project committed to recovery of public space and environmental protection.<\/p>\n<p>The Tour continued in Cali, with a visit to the Calima Trail Mother Garden (<em>Huerta Madre Sendero Calima<\/em>), which promotes food security and sustainability through urban agriculture and environmental preservation. The tour ended with Candy Hell Women\u2019s Collective (<em>Colectivo Femenino Candy Hell<\/em>), an organization that empowers female skateboarders in an activity traditionally dominated by men. During each of these visits, Tour participants could hear first-hand stories and understand the process of strengthening projects, which has allowed the initiatives to contribute to community social development.<\/p>\n<p>The Inspiration Tour showed the leaders examples of resilience and community work, while offering them the tools and motivation to replicate similar models in their own communities. This enrichment experience offered a clear vision of how collective action and focus on the common good can transform reality and generate a positive local impact.[\/vc_column_text][\/vc_column][\/vc_row]<\/p>\n","protected":false},"excerpt":{"rendered":"<p>[vc_row][vc_column][vc_column_text]The Laboratory for Community Ideation: From Words to Action (Laboratorio de Ideaci\u00f3n Comunitaria \u00a1del Dicho al Hecho!) is a project designed to promote and consolidate ideas or initiatives of leaders seeking to make a social impact in their communities. Through training models and seed capital, their ideas may evolve into tangible, viable projects which can [&hellip;]<\/p>\n","protected":false},"author":3,"featured_media":3823,"comment_status":"open","ping_status":"open","sticky":false,"template":"","format":"standard","meta":{"footnotes":""},"categories":[3],"tags":[],"class_list":["post-3822","post","type-post","status-publish","format-standard","has-post-thumbnail","hentry","category-news"],"acf":[],"yoast_head":"<!-- This site is optimized with the Yoast SEO Premium plugin v20.8 (Yoast SEO v20.8) - https:\/\/yoast.com\/wordpress\/plugins\/seo\/ -->\n<title>The Inspiring Tour that Connects Communities and Social Projects in the region - Foundation Alvaralice<\/title>\n<meta name=\"robots\" content=\"index, follow, max-snippet:-1, max-image-preview:large, max-video-preview:-1\" \/>\n<link rel=\"canonical\" href=\"https:\/\/alvaralice.org\/en\/news\/the-inspiring-tour-that-connects-communities-and-social-projects-in-the-region\/\" \/>\n<meta property=\"og:locale\" content=\"en_US\" \/>\n<meta property=\"og:type\" content=\"article\" \/>\n<meta property=\"og:title\" content=\"The Inspiring Tour that Connects Communities and Social Projects in the region\" \/>\n<meta property=\"og:description\" content=\"[vc_row][vc_column][vc_column_text]The Laboratory for Community Ideation: From Words to Action (Laboratorio de Ideaci\u00f3n Comunitaria \u00a1del Dicho al Hecho!) is a project designed to promote and consolidate ideas or initiatives of leaders seeking to make a social impact in their communities. Through training models and seed capital, their ideas may evolve into tangible, viable projects which can [&hellip;]\" \/>\n<meta property=\"og:url\" content=\"https:\/\/alvaralice.org\/en\/news\/the-inspiring-tour-that-connects-communities-and-social-projects-in-the-region\/\" \/>\n<meta property=\"og:site_name\" content=\"Foundation Alvaralice\" \/>\n<meta property=\"article:published_time\" content=\"2024-12-23T15:43:42+00:00\" \/>\n<meta property=\"og:image\" content=\"https:\/\/alvaralice.org\/wp-content\/uploads\/sites\/2\/2024\/12\/Lab-Ideacion-Gira-Inspiracional-1024x683.jpg\" \/>\n\t<meta property=\"og:image:width\" content=\"1024\" \/>\n\t<meta property=\"og:image:height\" content=\"683\" \/>\n\t<meta property=\"og:image:type\" content=\"image\/jpeg\" \/>\n<meta name=\"author\" content=\"alvaralice\" \/>\n<meta name=\"twitter:card\" content=\"summary_large_image\" \/>\n<meta name=\"twitter:label1\" content=\"Written by\" \/>\n\t<meta name=\"twitter:data1\" content=\"alvaralice\" \/>\n\t<meta name=\"twitter:label2\" content=\"Est. reading time\" \/>\n\t<meta name=\"twitter:data2\" content=\"2 minutes\" \/>\n<script type=\"application\/ld+json\" class=\"yoast-schema-graph\">{\"@context\":\"https:\/\/schema.org\",\"@graph\":[{\"@type\":\"WebPage\",\"@id\":\"https:\/\/alvaralice.org\/en\/news\/the-inspiring-tour-that-connects-communities-and-social-projects-in-the-region\/\",\"url\":\"https:\/\/alvaralice.org\/en\/news\/the-inspiring-tour-that-connects-communities-and-social-projects-in-the-region\/\",\"name\":\"The Inspiring Tour that Connects Communities and Social Projects in the region - Foundation Alvaralice\",\"isPartOf\":{\"@id\":\"https:\/\/alvaralice.org\/en\/#website\"},\"datePublished\":\"2024-12-23T15:43:42+00:00\",\"dateModified\":\"2024-12-23T15:43:42+00:00\",\"author\":{\"@id\":\"https:\/\/alvaralice.org\/en\/#\/schema\/person\/75e5ffc1c0b995deaaa8bd021dfabd2f\"},\"breadcrumb\":{\"@id\":\"https:\/\/alvaralice.org\/en\/news\/the-inspiring-tour-that-connects-communities-and-social-projects-in-the-region\/#breadcrumb\"},\"inLanguage\":\"en-US\",\"potentialAction\":[{\"@type\":\"ReadAction\",\"target\":[\"https:\/\/alvaralice.org\/en\/news\/the-inspiring-tour-that-connects-communities-and-social-projects-in-the-region\/\"]}]},{\"@type\":\"BreadcrumbList\",\"@id\":\"https:\/\/alvaralice.org\/en\/news\/the-inspiring-tour-that-connects-communities-and-social-projects-in-the-region\/#breadcrumb\",\"itemListElement\":[{\"@type\":\"ListItem\",\"position\":1,\"name\":\"Home\",\"item\":\"https:\/\/alvaralice.org\/en\/\"},{\"@type\":\"ListItem\",\"position\":2,\"name\":\"The Inspiring Tour that Connects Communities and Social Projects in the region\"}]},{\"@type\":\"WebSite\",\"@id\":\"https:\/\/alvaralice.org\/en\/#website\",\"url\":\"https:\/\/alvaralice.org\/en\/\",\"name\":\"Foundation Alvaralice\",\"description\":\"La Fundaci\u00f3n Alvaralice es una entidad de car\u00e1cter privado, sin \u00e1nimo de lucro, creada en el 2003 en Cali\",\"potentialAction\":[{\"@type\":\"SearchAction\",\"target\":{\"@type\":\"EntryPoint\",\"urlTemplate\":\"https:\/\/alvaralice.org\/en\/?s={search_term_string}\"},\"query-input\":\"required name=search_term_string\"}],\"inLanguage\":\"en-US\"},{\"@type\":\"Person\",\"@id\":\"https:\/\/alvaralice.org\/en\/#\/schema\/person\/75e5ffc1c0b995deaaa8bd021dfabd2f\",\"name\":\"alvaralice\",\"image\":{\"@type\":\"ImageObject\",\"inLanguage\":\"en-US\",\"@id\":\"https:\/\/alvaralice.org\/en\/#\/schema\/person\/image\/\",\"url\":\"https:\/\/secure.gravatar.com\/avatar\/7bbb218fe2ca7d93c0d52f3eadd6e2c4?s=96&d=mm&r=g\",\"contentUrl\":\"https:\/\/secure.gravatar.com\/avatar\/7bbb218fe2ca7d93c0d52f3eadd6e2c4?s=96&d=mm&r=g\",\"caption\":\"alvaralice\"},\"url\":\"https:\/\/alvaralice.org\/en\/author\/alvaralice\/\"}]}<\/script>\n<!-- \/ Yoast SEO Premium plugin. -->","yoast_head_json":{"title":"The Inspiring Tour that Connects Communities and Social Projects in the region - Foundation Alvaralice","robots":{"index":"index","follow":"follow","max-snippet":"max-snippet:-1","max-image-preview":"max-image-preview:large","max-video-preview":"max-video-preview:-1"},"canonical":"https:\/\/alvaralice.org\/en\/news\/the-inspiring-tour-that-connects-communities-and-social-projects-in-the-region\/","og_locale":"en_US","og_type":"article","og_title":"The Inspiring Tour that Connects Communities and Social Projects in the region","og_description":"[vc_row][vc_column][vc_column_text]The Laboratory for Community Ideation: From Words to Action (Laboratorio de Ideaci\u00f3n Comunitaria \u00a1del Dicho al Hecho!) is a project designed to promote and consolidate ideas or initiatives of leaders seeking to make a social impact in their communities. Through training models and seed capital, their ideas may evolve into tangible, viable projects which can [&hellip;]","og_url":"https:\/\/alvaralice.org\/en\/news\/the-inspiring-tour-that-connects-communities-and-social-projects-in-the-region\/","og_site_name":"Foundation Alvaralice","article_published_time":"2024-12-23T15:43:42+00:00","og_image":[{"width":1024,"height":683,"url":"https:\/\/alvaralice.org\/wp-content\/uploads\/sites\/2\/2024\/12\/Lab-Ideacion-Gira-Inspiracional-1024x683.jpg","type":"image\/jpeg"}],"author":"alvaralice","twitter_card":"summary_large_image","twitter_misc":{"Written by":"alvaralice","Est. reading time":"2 minutes"},"schema":{"@context":"https:\/\/schema.org","@graph":[{"@type":"WebPage","@id":"https:\/\/alvaralice.org\/en\/news\/the-inspiring-tour-that-connects-communities-and-social-projects-in-the-region\/","url":"https:\/\/alvaralice.org\/en\/news\/the-inspiring-tour-that-connects-communities-and-social-projects-in-the-region\/","name":"The Inspiring Tour that Connects Communities and Social Projects in the region - Foundation Alvaralice","isPartOf":{"@id":"https:\/\/alvaralice.org\/en\/#website"},"datePublished":"2024-12-23T15:43:42+00:00","dateModified":"2024-12-23T15:43:42+00:00","author":{"@id":"https:\/\/alvaralice.org\/en\/#\/schema\/person\/75e5ffc1c0b995deaaa8bd021dfabd2f"},"breadcrumb":{"@id":"https:\/\/alvaralice.org\/en\/news\/the-inspiring-tour-that-connects-communities-and-social-projects-in-the-region\/#breadcrumb"},"inLanguage":"en-US","potentialAction":[{"@type":"ReadAction","target":["https:\/\/alvaralice.org\/en\/news\/the-inspiring-tour-that-connects-communities-and-social-projects-in-the-region\/"]}]},{"@type":"BreadcrumbList","@id":"https:\/\/alvaralice.org\/en\/news\/the-inspiring-tour-that-connects-communities-and-social-projects-in-the-region\/#breadcrumb","itemListElement":[{"@type":"ListItem","position":1,"name":"Home","item":"https:\/\/alvaralice.org\/en\/"},{"@type":"ListItem","position":2,"name":"The Inspiring Tour that Connects Communities and Social Projects in the region"}]},{"@type":"WebSite","@id":"https:\/\/alvaralice.org\/en\/#website","url":"https:\/\/alvaralice.org\/en\/","name":"Foundation Alvaralice","description":"La Fundaci\u00f3n Alvaralice es una entidad de car\u00e1cter privado, sin \u00e1nimo de lucro, creada en el 2003 en Cali","potentialAction":[{"@type":"SearchAction","target":{"@type":"EntryPoint","urlTemplate":"https:\/\/alvaralice.org\/en\/?s={search_term_string}"},"query-input":"required name=search_term_string"}],"inLanguage":"en-US"},{"@type":"Person","@id":"https:\/\/alvaralice.org\/en\/#\/schema\/person\/75e5ffc1c0b995deaaa8bd021dfabd2f","name":"alvaralice","image":{"@type":"ImageObject","inLanguage":"en-US","@id":"https:\/\/alvaralice.org\/en\/#\/schema\/person\/image\/","url":"https:\/\/secure.gravatar.com\/avatar\/7bbb218fe2ca7d93c0d52f3eadd6e2c4?s=96&d=mm&r=g","contentUrl":"https:\/\/secure.gravatar.com\/avatar\/7bbb218fe2ca7d93c0d52f3eadd6e2c4?s=96&d=mm&r=g","caption":"alvaralice"},"url":"https:\/\/alvaralice.org\/en\/author\/alvaralice\/"}]}},"_links":{"self":[{"href":"https:\/\/alvaralice.org\/en\/wp-json\/wp\/v2\/posts\/3822","targetHints":{"allow":["GET"]}}],"collection":[{"href":"https:\/\/alvaralice.org\/en\/wp-json\/wp\/v2\/posts"}],"about":[{"href":"https:\/\/alvaralice.org\/en\/wp-json\/wp\/v2\/types\/post"}],"author":[{"embeddable":true,"href":"https:\/\/alvaralice.org\/en\/wp-json\/wp\/v2\/users\/3"}],"replies":[{"embeddable":true,"href":"https:\/\/alvaralice.org\/en\/wp-json\/wp\/v2\/comments?post=3822"}],"version-history":[{"count":1,"href":"https:\/\/alvaralice.org\/en\/wp-json\/wp\/v2\/posts\/3822\/revisions"}],"predecessor-version":[{"id":3824,"href":"https:\/\/alvaralice.org\/en\/wp-json\/wp\/v2\/posts\/3822\/revisions\/3824"}],"wp:featuredmedia":[{"embeddable":true,"href":"https:\/\/alvaralice.org\/en\/wp-json\/wp\/v2\/media\/3823"}],"wp:attachment":[{"href":"https:\/\/alvaralice.org\/en\/wp-json\/wp\/v2\/media?parent=3822"}],"wp:term":[{"taxonomy":"category","embeddable":true,"href":"https:\/\/alvaralice.org\/en\/wp-json\/wp\/v2\/categories?post=3822"},{"taxonomy":"post_tag","embeddable":true,"href":"https:\/\/alvaralice.org\/en\/wp-json\/wp\/v2\/tags?post=3822"}],"curies":[{"name":"wp","href":"https:\/\/api.w.org\/{rel}","templated":true}]}}