{"id":3842,"date":"2025-05-09T12:55:59","date_gmt":"2025-05-09T12:55:59","guid":{"rendered":"https:\/\/alvaralice.org\/en\/?p=3842"},"modified":"2025-05-09T12:58:14","modified_gmt":"2025-05-09T12:58:14","slug":"pricesmart-foundation-a-new-ally-in-the-youth-on-course-employability-program","status":"publish","type":"post","link":"https:\/\/alvaralice.org\/en\/news\/pricesmart-foundation-a-new-ally-in-the-youth-on-course-employability-program\/","title":{"rendered":"PriceSmart Foundation, a New Ally in the Youth on Course Employability Program"},"content":{"rendered":"<p>[vc_row][vc_column][vc_column_text]Rumbo Joven (<em>Youth on Course<\/em>) has gained a new ally, thanks to the <em>PriceSmart Foundation<\/em>, which has committed to a two-year grant. This collaboration will permit us to widen the program\u2019s scope and develop new tools and resources for participants by providing an effective program to strengthen their life projects and face job market challenges.<\/p>\n<p>Thanks to this support Rumbo Joven (<em>Youth on <\/em>Course) will continue training in the Jamund\u00ed municipality, allowing more youth the opportunity for formal employment. This effort seeks to reduce the youth employment gap, providing both jobs and a solid personal development platform.<\/p>\n<p>The initiative is a clear example of how alliances among social organizations and private enterprise can generate a positive community impact, especially in areas in which youth employment has become an increasingly serious challenge. With this support, Rumbo Joven (<em>Youth on Course<\/em>) consolidates itself as a key program for building more inclusive futures for youth in the region.[\/vc_column_text][\/vc_column][\/vc_row]<\/p>\n","protected":false},"excerpt":{"rendered":"<p>[vc_row][vc_column][vc_column_text]Rumbo Joven (Youth on Course) has gained a new ally, thanks to the PriceSmart Foundation, which has committed to a two-year grant. This collaboration will permit us to widen the program\u2019s scope and develop new tools and resources for participants by providing an effective program to strengthen their life projects and face job market challenges. [&hellip;]<\/p>\n","protected":false},"author":1,"featured_media":3845,"comment_status":"closed","ping_status":"closed","sticky":false,"template":"","format":"standard","meta":{"footnotes":""},"categories":[3],"tags":[],"class_list":["post-3842","post","type-post","status-publish","format-standard","has-post-thumbnail","hentry","category-news"],"acf":[],"yoast_head":"<!-- This site is optimized with the Yoast SEO Premium plugin v20.8 (Yoast SEO v20.8) - https:\/\/yoast.com\/wordpress\/plugins\/seo\/ -->\n<title>PriceSmart Foundation, a New Ally in the Youth on Course Employability Program - Foundation Alvaralice<\/title>\n<meta name=\"robots\" content=\"index, follow, max-snippet:-1, max-image-preview:large, max-video-preview:-1\" \/>\n<link rel=\"canonical\" href=\"https:\/\/alvaralice.org\/en\/news\/pricesmart-foundation-a-new-ally-in-the-youth-on-course-employability-program\/\" \/>\n<meta property=\"og:locale\" content=\"en_US\" \/>\n<meta property=\"og:type\" content=\"article\" \/>\n<meta property=\"og:title\" content=\"PriceSmart Foundation, a New Ally in the Youth on Course Employability Program\" \/>\n<meta property=\"og:description\" content=\"[vc_row][vc_column][vc_column_text]Rumbo Joven (Youth on Course) has gained a new ally, thanks to the PriceSmart Foundation, which has committed to a two-year grant. This collaboration will permit us to widen the program\u2019s scope and develop new tools and resources for participants by providing an effective program to strengthen their life projects and face job market challenges. [&hellip;]\" \/>\n<meta property=\"og:url\" content=\"https:\/\/alvaralice.org\/en\/news\/pricesmart-foundation-a-new-ally-in-the-youth-on-course-employability-program\/\" \/>\n<meta property=\"og:site_name\" content=\"Foundation Alvaralice\" \/>\n<meta property=\"article:published_time\" content=\"2025-05-09T12:55:59+00:00\" \/>\n<meta property=\"article:modified_time\" content=\"2025-05-09T12:58:14+00:00\" \/>\n<meta property=\"og:image\" content=\"https:\/\/alvaralice.org\/wp-content\/uploads\/sites\/2\/2025\/05\/PriceSmart-Foundation.jpg\" \/>\n\t<meta property=\"og:image:width\" content=\"1200\" \/>\n\t<meta property=\"og:image:height\" content=\"800\" \/>\n\t<meta property=\"og:image:type\" content=\"image\/jpeg\" \/>\n<meta name=\"author\" content=\"webmaster\" \/>\n<meta name=\"twitter:card\" content=\"summary_large_image\" \/>\n<meta name=\"twitter:label1\" content=\"Written by\" \/>\n\t<meta name=\"twitter:data1\" content=\"webmaster\" \/>\n\t<meta name=\"twitter:label2\" content=\"Est. reading time\" \/>\n\t<meta name=\"twitter:data2\" content=\"1 minute\" \/>\n<script type=\"application\/ld+json\" class=\"yoast-schema-graph\">{\"@context\":\"https:\/\/schema.org\",\"@graph\":[{\"@type\":\"WebPage\",\"@id\":\"https:\/\/alvaralice.org\/en\/news\/pricesmart-foundation-a-new-ally-in-the-youth-on-course-employability-program\/\",\"url\":\"https:\/\/alvaralice.org\/en\/news\/pricesmart-foundation-a-new-ally-in-the-youth-on-course-employability-program\/\",\"name\":\"PriceSmart Foundation, a New Ally in the Youth on Course Employability Program - Foundation Alvaralice\",\"isPartOf\":{\"@id\":\"https:\/\/alvaralice.org\/en\/#website\"},\"datePublished\":\"2025-05-09T12:55:59+00:00\",\"dateModified\":\"2025-05-09T12:58:14+00:00\",\"author\":{\"@id\":\"https:\/\/alvaralice.org\/en\/#\/schema\/person\/5cf4244819020231d315646bab5cb909\"},\"breadcrumb\":{\"@id\":\"https:\/\/alvaralice.org\/en\/news\/pricesmart-foundation-a-new-ally-in-the-youth-on-course-employability-program\/#breadcrumb\"},\"inLanguage\":\"en-US\",\"potentialAction\":[{\"@type\":\"ReadAction\",\"target\":[\"https:\/\/alvaralice.org\/en\/news\/pricesmart-foundation-a-new-ally-in-the-youth-on-course-employability-program\/\"]}]},{\"@type\":\"BreadcrumbList\",\"@id\":\"https:\/\/alvaralice.org\/en\/news\/pricesmart-foundation-a-new-ally-in-the-youth-on-course-employability-program\/#breadcrumb\",\"itemListElement\":[{\"@type\":\"ListItem\",\"position\":1,\"name\":\"Home\",\"item\":\"https:\/\/alvaralice.org\/en\/\"},{\"@type\":\"ListItem\",\"position\":2,\"name\":\"PriceSmart Foundation, a New Ally in the Youth on Course Employability Program\"}]},{\"@type\":\"WebSite\",\"@id\":\"https:\/\/alvaralice.org\/en\/#website\",\"url\":\"https:\/\/alvaralice.org\/en\/\",\"name\":\"Foundation Alvaralice\",\"description\":\"La Fundaci\u00f3n Alvaralice es una entidad de car\u00e1cter privado, sin \u00e1nimo de lucro, creada en el 2003 en Cali\",\"potentialAction\":[{\"@type\":\"SearchAction\",\"target\":{\"@type\":\"EntryPoint\",\"urlTemplate\":\"https:\/\/alvaralice.org\/en\/?s={search_term_string}\"},\"query-input\":\"required name=search_term_string\"}],\"inLanguage\":\"en-US\"},{\"@type\":\"Person\",\"@id\":\"https:\/\/alvaralice.org\/en\/#\/schema\/person\/5cf4244819020231d315646bab5cb909\",\"name\":\"webmaster\",\"image\":{\"@type\":\"ImageObject\",\"inLanguage\":\"en-US\",\"@id\":\"https:\/\/alvaralice.org\/en\/#\/schema\/person\/image\/\",\"url\":\"https:\/\/secure.gravatar.com\/avatar\/715e4b0d466276944458f831874125d0?s=96&d=mm&r=g\",\"contentUrl\":\"https:\/\/secure.gravatar.com\/avatar\/715e4b0d466276944458f831874125d0?s=96&d=mm&r=g\",\"caption\":\"webmaster\"},\"url\":\"https:\/\/alvaralice.org\/en\/author\/webmaster\/\"}]}<\/script>\n<!-- \/ Yoast SEO Premium plugin. -->","yoast_head_json":{"title":"PriceSmart Foundation, a New Ally in the Youth on Course Employability Program - Foundation Alvaralice","robots":{"index":"index","follow":"follow","max-snippet":"max-snippet:-1","max-image-preview":"max-image-preview:large","max-video-preview":"max-video-preview:-1"},"canonical":"https:\/\/alvaralice.org\/en\/news\/pricesmart-foundation-a-new-ally-in-the-youth-on-course-employability-program\/","og_locale":"en_US","og_type":"article","og_title":"PriceSmart Foundation, a New Ally in the Youth on Course Employability Program","og_description":"[vc_row][vc_column][vc_column_text]Rumbo Joven (Youth on Course) has gained a new ally, thanks to the PriceSmart Foundation, which has committed to a two-year grant. This collaboration will permit us to widen the program\u2019s scope and develop new tools and resources for participants by providing an effective program to strengthen their life projects and face job market challenges. [&hellip;]","og_url":"https:\/\/alvaralice.org\/en\/news\/pricesmart-foundation-a-new-ally-in-the-youth-on-course-employability-program\/","og_site_name":"Foundation Alvaralice","article_published_time":"2025-05-09T12:55:59+00:00","article_modified_time":"2025-05-09T12:58:14+00:00","og_image":[{"width":1200,"height":800,"url":"https:\/\/alvaralice.org\/wp-content\/uploads\/sites\/2\/2025\/05\/PriceSmart-Foundation.jpg","type":"image\/jpeg"}],"author":"webmaster","twitter_card":"summary_large_image","twitter_misc":{"Written by":"webmaster","Est. reading time":"1 minute"},"schema":{"@context":"https:\/\/schema.org","@graph":[{"@type":"WebPage","@id":"https:\/\/alvaralice.org\/en\/news\/pricesmart-foundation-a-new-ally-in-the-youth-on-course-employability-program\/","url":"https:\/\/alvaralice.org\/en\/news\/pricesmart-foundation-a-new-ally-in-the-youth-on-course-employability-program\/","name":"PriceSmart Foundation, a New Ally in the Youth on Course Employability Program - Foundation Alvaralice","isPartOf":{"@id":"https:\/\/alvaralice.org\/en\/#website"},"datePublished":"2025-05-09T12:55:59+00:00","dateModified":"2025-05-09T12:58:14+00:00","author":{"@id":"https:\/\/alvaralice.org\/en\/#\/schema\/person\/5cf4244819020231d315646bab5cb909"},"breadcrumb":{"@id":"https:\/\/alvaralice.org\/en\/news\/pricesmart-foundation-a-new-ally-in-the-youth-on-course-employability-program\/#breadcrumb"},"inLanguage":"en-US","potentialAction":[{"@type":"ReadAction","target":["https:\/\/alvaralice.org\/en\/news\/pricesmart-foundation-a-new-ally-in-the-youth-on-course-employability-program\/"]}]},{"@type":"BreadcrumbList","@id":"https:\/\/alvaralice.org\/en\/news\/pricesmart-foundation-a-new-ally-in-the-youth-on-course-employability-program\/#breadcrumb","itemListElement":[{"@type":"ListItem","position":1,"name":"Home","item":"https:\/\/alvaralice.org\/en\/"},{"@type":"ListItem","position":2,"name":"PriceSmart Foundation, a New Ally in the Youth on Course Employability Program"}]},{"@type":"WebSite","@id":"https:\/\/alvaralice.org\/en\/#website","url":"https:\/\/alvaralice.org\/en\/","name":"Foundation Alvaralice","description":"La Fundaci\u00f3n Alvaralice es una entidad de car\u00e1cter privado, sin \u00e1nimo de lucro, creada en el 2003 en Cali","potentialAction":[{"@type":"SearchAction","target":{"@type":"EntryPoint","urlTemplate":"https:\/\/alvaralice.org\/en\/?s={search_term_string}"},"query-input":"required name=search_term_string"}],"inLanguage":"en-US"},{"@type":"Person","@id":"https:\/\/alvaralice.org\/en\/#\/schema\/person\/5cf4244819020231d315646bab5cb909","name":"webmaster","image":{"@type":"ImageObject","inLanguage":"en-US","@id":"https:\/\/alvaralice.org\/en\/#\/schema\/person\/image\/","url":"https:\/\/secure.gravatar.com\/avatar\/715e4b0d466276944458f831874125d0?s=96&d=mm&r=g","contentUrl":"https:\/\/secure.gravatar.com\/avatar\/715e4b0d466276944458f831874125d0?s=96&d=mm&r=g","caption":"webmaster"},"url":"https:\/\/alvaralice.org\/en\/author\/webmaster\/"}]}},"_links":{"self":[{"href":"https:\/\/alvaralice.org\/en\/wp-json\/wp\/v2\/posts\/3842","targetHints":{"allow":["GET"]}}],"collection":[{"href":"https:\/\/alvaralice.org\/en\/wp-json\/wp\/v2\/posts"}],"about":[{"href":"https:\/\/alvaralice.org\/en\/wp-json\/wp\/v2\/types\/post"}],"author":[{"embeddable":true,"href":"https:\/\/alvaralice.org\/en\/wp-json\/wp\/v2\/users\/1"}],"replies":[{"embeddable":true,"href":"https:\/\/alvaralice.org\/en\/wp-json\/wp\/v2\/comments?post=3842"}],"version-history":[{"count":3,"href":"https:\/\/alvaralice.org\/en\/wp-json\/wp\/v2\/posts\/3842\/revisions"}],"predecessor-version":[{"id":3846,"href":"https:\/\/alvaralice.org\/en\/wp-json\/wp\/v2\/posts\/3842\/revisions\/3846"}],"wp:featuredmedia":[{"embeddable":true,"href":"https:\/\/alvaralice.org\/en\/wp-json\/wp\/v2\/media\/3845"}],"wp:attachment":[{"href":"https:\/\/alvaralice.org\/en\/wp-json\/wp\/v2\/media?parent=3842"}],"wp:term":[{"taxonomy":"category","embeddable":true,"href":"https:\/\/alvaralice.org\/en\/wp-json\/wp\/v2\/categories?post=3842"},{"taxonomy":"post_tag","embeddable":true,"href":"https:\/\/alvaralice.org\/en\/wp-json\/wp\/v2\/tags?post=3842"}],"curies":[{"name":"wp","href":"https:\/\/api.w.org\/{rel}","templated":true}]}}