{"id":3847,"date":"2025-05-09T12:59:15","date_gmt":"2025-05-09T12:59:15","guid":{"rendered":"https:\/\/alvaralice.org\/en\/?p=3847"},"modified":"2025-05-09T12:59:56","modified_gmt":"2025-05-09T12:59:56","slug":"closing-ceremony-for-laboratorio-de-ideacion-comunitaria-del-dicho-al-hecho-laboratory-for-community-ideation-from-words-to-action-program","status":"publish","type":"post","link":"https:\/\/alvaralice.org\/en\/news\/closing-ceremony-for-laboratorio-de-ideacion-comunitaria-del-dicho-al-hecho-laboratory-for-community-ideation-from-words-to-action-program\/","title":{"rendered":"Closing Ceremony for Laboratorio de Ideaci\u00f3n Comunitaria: \u00a1Del Dicho al Hecho! (Laboratory for Community Ideation: From Words to Action) Program"},"content":{"rendered":"<p>[vc_row][vc_column][vc_column_text]The Bah\u00e1&#8217;\u00ed Adoration House, located in the municipality of Villa Rica, Cauca, hosted the closing ceremony for Laboratorio de Ideaci\u00f3n Comunitaria: \u00a1Del Dicho al Hecho! (<em>Laboratory for Community Ideation: From Words to Action<\/em>) program. This event celebrated the consolidation and startup of ideas proposed by twenty community leaders in Jamund\u00ed and Candelaria, culminating with certificates granted for completion of the program\u2019s ten training modules.<\/p>\n<p>The closing ceremony was a celebration of collective effort and recognition of the impact new ideas can generate in the community. During the event, participants shared their progress, challenges faced and lessons learned throughout the process.<\/p>\n<p>A fundamental aspect of the project was the seed capital granted to participants, essential economic backing to move their ideas to the next level and begin their implementation. Thanks to this backing, the proposals evolved toward tangible, viable initiatives.<\/p>\n<p>This program is an important milestone for participants in Jamund\u00ed and Candelaria, who now have the tools and support needed to continue working in their regions. The project\u2019s closing ceremony is not an end, but rather the beginning of a new chapter for those who, through their ideas and actions, show that when work is carried out with passion and purpose, words become actions.[\/vc_column_text][\/vc_column][\/vc_row]<\/p>\n","protected":false},"excerpt":{"rendered":"<p>[vc_row][vc_column][vc_column_text]The Bah\u00e1&#8217;\u00ed Adoration House, located in the municipality of Villa Rica, Cauca, hosted the closing ceremony for Laboratorio de Ideaci\u00f3n Comunitaria: \u00a1Del Dicho al Hecho! (Laboratory for Community Ideation: From Words to Action) program. This event celebrated the consolidation and startup of ideas proposed by twenty community leaders in Jamund\u00ed and Candelaria, culminating with certificates [&hellip;]<\/p>\n","protected":false},"author":1,"featured_media":3849,"comment_status":"closed","ping_status":"closed","sticky":false,"template":"","format":"standard","meta":{"footnotes":""},"categories":[3],"tags":[],"class_list":["post-3847","post","type-post","status-publish","format-standard","has-post-thumbnail","hentry","category-news"],"acf":[],"yoast_head":"<!-- This site is optimized with the Yoast SEO Premium plugin v20.8 (Yoast SEO v20.8) - https:\/\/yoast.com\/wordpress\/plugins\/seo\/ -->\n<title>Closing Ceremony for Laboratorio de Ideaci\u00f3n Comunitaria: \u00a1Del Dicho al Hecho! (Laboratory for Community Ideation: From Words to Action) Program - Foundation Alvaralice<\/title>\n<meta name=\"robots\" content=\"index, follow, max-snippet:-1, max-image-preview:large, max-video-preview:-1\" \/>\n<link rel=\"canonical\" href=\"https:\/\/alvaralice.org\/en\/news\/closing-ceremony-for-laboratorio-de-ideacion-comunitaria-del-dicho-al-hecho-laboratory-for-community-ideation-from-words-to-action-program\/\" \/>\n<meta property=\"og:locale\" content=\"en_US\" \/>\n<meta property=\"og:type\" content=\"article\" \/>\n<meta property=\"og:title\" content=\"Closing Ceremony for Laboratorio de Ideaci\u00f3n Comunitaria: \u00a1Del Dicho al Hecho! (Laboratory for Community Ideation: From Words to Action) Program\" \/>\n<meta property=\"og:description\" content=\"[vc_row][vc_column][vc_column_text]The Bah\u00e1&#8217;\u00ed Adoration House, located in the municipality of Villa Rica, Cauca, hosted the closing ceremony for Laboratorio de Ideaci\u00f3n Comunitaria: \u00a1Del Dicho al Hecho! (Laboratory for Community Ideation: From Words to Action) program. This event celebrated the consolidation and startup of ideas proposed by twenty community leaders in Jamund\u00ed and Candelaria, culminating with certificates [&hellip;]\" \/>\n<meta property=\"og:url\" content=\"https:\/\/alvaralice.org\/en\/news\/closing-ceremony-for-laboratorio-de-ideacion-comunitaria-del-dicho-al-hecho-laboratory-for-community-ideation-from-words-to-action-program\/\" \/>\n<meta property=\"og:site_name\" content=\"Foundation Alvaralice\" \/>\n<meta property=\"article:published_time\" content=\"2025-05-09T12:59:15+00:00\" \/>\n<meta property=\"article:modified_time\" content=\"2025-05-09T12:59:56+00:00\" \/>\n<meta property=\"og:image\" content=\"https:\/\/alvaralice.org\/wp-content\/uploads\/sites\/2\/2025\/05\/Laboratorio-de-Ideacion-Comunitaria.jpg\" \/>\n\t<meta property=\"og:image:width\" content=\"1200\" \/>\n\t<meta property=\"og:image:height\" content=\"800\" \/>\n\t<meta property=\"og:image:type\" content=\"image\/jpeg\" \/>\n<meta name=\"author\" content=\"webmaster\" \/>\n<meta name=\"twitter:card\" content=\"summary_large_image\" \/>\n<meta name=\"twitter:label1\" content=\"Written by\" \/>\n\t<meta name=\"twitter:data1\" content=\"webmaster\" \/>\n\t<meta name=\"twitter:label2\" content=\"Est. reading time\" \/>\n\t<meta name=\"twitter:data2\" content=\"1 minute\" \/>\n<script type=\"application\/ld+json\" class=\"yoast-schema-graph\">{\"@context\":\"https:\/\/schema.org\",\"@graph\":[{\"@type\":\"WebPage\",\"@id\":\"https:\/\/alvaralice.org\/en\/news\/closing-ceremony-for-laboratorio-de-ideacion-comunitaria-del-dicho-al-hecho-laboratory-for-community-ideation-from-words-to-action-program\/\",\"url\":\"https:\/\/alvaralice.org\/en\/news\/closing-ceremony-for-laboratorio-de-ideacion-comunitaria-del-dicho-al-hecho-laboratory-for-community-ideation-from-words-to-action-program\/\",\"name\":\"Closing Ceremony for Laboratorio de Ideaci\u00f3n Comunitaria: \u00a1Del Dicho al Hecho! (Laboratory for Community Ideation: From Words to Action) Program - Foundation Alvaralice\",\"isPartOf\":{\"@id\":\"https:\/\/alvaralice.org\/en\/#website\"},\"datePublished\":\"2025-05-09T12:59:15+00:00\",\"dateModified\":\"2025-05-09T12:59:56+00:00\",\"author\":{\"@id\":\"https:\/\/alvaralice.org\/en\/#\/schema\/person\/5cf4244819020231d315646bab5cb909\"},\"breadcrumb\":{\"@id\":\"https:\/\/alvaralice.org\/en\/news\/closing-ceremony-for-laboratorio-de-ideacion-comunitaria-del-dicho-al-hecho-laboratory-for-community-ideation-from-words-to-action-program\/#breadcrumb\"},\"inLanguage\":\"en-US\",\"potentialAction\":[{\"@type\":\"ReadAction\",\"target\":[\"https:\/\/alvaralice.org\/en\/news\/closing-ceremony-for-laboratorio-de-ideacion-comunitaria-del-dicho-al-hecho-laboratory-for-community-ideation-from-words-to-action-program\/\"]}]},{\"@type\":\"BreadcrumbList\",\"@id\":\"https:\/\/alvaralice.org\/en\/news\/closing-ceremony-for-laboratorio-de-ideacion-comunitaria-del-dicho-al-hecho-laboratory-for-community-ideation-from-words-to-action-program\/#breadcrumb\",\"itemListElement\":[{\"@type\":\"ListItem\",\"position\":1,\"name\":\"Home\",\"item\":\"https:\/\/alvaralice.org\/en\/\"},{\"@type\":\"ListItem\",\"position\":2,\"name\":\"Closing Ceremony for Laboratorio de Ideaci\u00f3n Comunitaria: \u00a1Del Dicho al Hecho! (Laboratory for Community Ideation: From Words to Action) Program\"}]},{\"@type\":\"WebSite\",\"@id\":\"https:\/\/alvaralice.org\/en\/#website\",\"url\":\"https:\/\/alvaralice.org\/en\/\",\"name\":\"Foundation Alvaralice\",\"description\":\"La Fundaci\u00f3n Alvaralice es una entidad de car\u00e1cter privado, sin \u00e1nimo de lucro, creada en el 2003 en Cali\",\"potentialAction\":[{\"@type\":\"SearchAction\",\"target\":{\"@type\":\"EntryPoint\",\"urlTemplate\":\"https:\/\/alvaralice.org\/en\/?s={search_term_string}\"},\"query-input\":\"required name=search_term_string\"}],\"inLanguage\":\"en-US\"},{\"@type\":\"Person\",\"@id\":\"https:\/\/alvaralice.org\/en\/#\/schema\/person\/5cf4244819020231d315646bab5cb909\",\"name\":\"webmaster\",\"image\":{\"@type\":\"ImageObject\",\"inLanguage\":\"en-US\",\"@id\":\"https:\/\/alvaralice.org\/en\/#\/schema\/person\/image\/\",\"url\":\"https:\/\/secure.gravatar.com\/avatar\/715e4b0d466276944458f831874125d0?s=96&d=mm&r=g\",\"contentUrl\":\"https:\/\/secure.gravatar.com\/avatar\/715e4b0d466276944458f831874125d0?s=96&d=mm&r=g\",\"caption\":\"webmaster\"},\"url\":\"https:\/\/alvaralice.org\/en\/author\/webmaster\/\"}]}<\/script>\n<!-- \/ Yoast SEO Premium plugin. -->","yoast_head_json":{"title":"Closing Ceremony for Laboratorio de Ideaci\u00f3n Comunitaria: \u00a1Del Dicho al Hecho! (Laboratory for Community Ideation: From Words to Action) Program - Foundation Alvaralice","robots":{"index":"index","follow":"follow","max-snippet":"max-snippet:-1","max-image-preview":"max-image-preview:large","max-video-preview":"max-video-preview:-1"},"canonical":"https:\/\/alvaralice.org\/en\/news\/closing-ceremony-for-laboratorio-de-ideacion-comunitaria-del-dicho-al-hecho-laboratory-for-community-ideation-from-words-to-action-program\/","og_locale":"en_US","og_type":"article","og_title":"Closing Ceremony for Laboratorio de Ideaci\u00f3n Comunitaria: \u00a1Del Dicho al Hecho! (Laboratory for Community Ideation: From Words to Action) Program","og_description":"[vc_row][vc_column][vc_column_text]The Bah\u00e1&#8217;\u00ed Adoration House, located in the municipality of Villa Rica, Cauca, hosted the closing ceremony for Laboratorio de Ideaci\u00f3n Comunitaria: \u00a1Del Dicho al Hecho! (Laboratory for Community Ideation: From Words to Action) program. This event celebrated the consolidation and startup of ideas proposed by twenty community leaders in Jamund\u00ed and Candelaria, culminating with certificates [&hellip;]","og_url":"https:\/\/alvaralice.org\/en\/news\/closing-ceremony-for-laboratorio-de-ideacion-comunitaria-del-dicho-al-hecho-laboratory-for-community-ideation-from-words-to-action-program\/","og_site_name":"Foundation Alvaralice","article_published_time":"2025-05-09T12:59:15+00:00","article_modified_time":"2025-05-09T12:59:56+00:00","og_image":[{"width":1200,"height":800,"url":"https:\/\/alvaralice.org\/wp-content\/uploads\/sites\/2\/2025\/05\/Laboratorio-de-Ideacion-Comunitaria.jpg","type":"image\/jpeg"}],"author":"webmaster","twitter_card":"summary_large_image","twitter_misc":{"Written by":"webmaster","Est. reading time":"1 minute"},"schema":{"@context":"https:\/\/schema.org","@graph":[{"@type":"WebPage","@id":"https:\/\/alvaralice.org\/en\/news\/closing-ceremony-for-laboratorio-de-ideacion-comunitaria-del-dicho-al-hecho-laboratory-for-community-ideation-from-words-to-action-program\/","url":"https:\/\/alvaralice.org\/en\/news\/closing-ceremony-for-laboratorio-de-ideacion-comunitaria-del-dicho-al-hecho-laboratory-for-community-ideation-from-words-to-action-program\/","name":"Closing Ceremony for Laboratorio de Ideaci\u00f3n Comunitaria: \u00a1Del Dicho al Hecho! (Laboratory for Community Ideation: From Words to Action) Program - Foundation Alvaralice","isPartOf":{"@id":"https:\/\/alvaralice.org\/en\/#website"},"datePublished":"2025-05-09T12:59:15+00:00","dateModified":"2025-05-09T12:59:56+00:00","author":{"@id":"https:\/\/alvaralice.org\/en\/#\/schema\/person\/5cf4244819020231d315646bab5cb909"},"breadcrumb":{"@id":"https:\/\/alvaralice.org\/en\/news\/closing-ceremony-for-laboratorio-de-ideacion-comunitaria-del-dicho-al-hecho-laboratory-for-community-ideation-from-words-to-action-program\/#breadcrumb"},"inLanguage":"en-US","potentialAction":[{"@type":"ReadAction","target":["https:\/\/alvaralice.org\/en\/news\/closing-ceremony-for-laboratorio-de-ideacion-comunitaria-del-dicho-al-hecho-laboratory-for-community-ideation-from-words-to-action-program\/"]}]},{"@type":"BreadcrumbList","@id":"https:\/\/alvaralice.org\/en\/news\/closing-ceremony-for-laboratorio-de-ideacion-comunitaria-del-dicho-al-hecho-laboratory-for-community-ideation-from-words-to-action-program\/#breadcrumb","itemListElement":[{"@type":"ListItem","position":1,"name":"Home","item":"https:\/\/alvaralice.org\/en\/"},{"@type":"ListItem","position":2,"name":"Closing Ceremony for Laboratorio de Ideaci\u00f3n Comunitaria: \u00a1Del Dicho al Hecho! (Laboratory for Community Ideation: From Words to Action) Program"}]},{"@type":"WebSite","@id":"https:\/\/alvaralice.org\/en\/#website","url":"https:\/\/alvaralice.org\/en\/","name":"Foundation Alvaralice","description":"La Fundaci\u00f3n Alvaralice es una entidad de car\u00e1cter privado, sin \u00e1nimo de lucro, creada en el 2003 en Cali","potentialAction":[{"@type":"SearchAction","target":{"@type":"EntryPoint","urlTemplate":"https:\/\/alvaralice.org\/en\/?s={search_term_string}"},"query-input":"required name=search_term_string"}],"inLanguage":"en-US"},{"@type":"Person","@id":"https:\/\/alvaralice.org\/en\/#\/schema\/person\/5cf4244819020231d315646bab5cb909","name":"webmaster","image":{"@type":"ImageObject","inLanguage":"en-US","@id":"https:\/\/alvaralice.org\/en\/#\/schema\/person\/image\/","url":"https:\/\/secure.gravatar.com\/avatar\/715e4b0d466276944458f831874125d0?s=96&d=mm&r=g","contentUrl":"https:\/\/secure.gravatar.com\/avatar\/715e4b0d466276944458f831874125d0?s=96&d=mm&r=g","caption":"webmaster"},"url":"https:\/\/alvaralice.org\/en\/author\/webmaster\/"}]}},"_links":{"self":[{"href":"https:\/\/alvaralice.org\/en\/wp-json\/wp\/v2\/posts\/3847","targetHints":{"allow":["GET"]}}],"collection":[{"href":"https:\/\/alvaralice.org\/en\/wp-json\/wp\/v2\/posts"}],"about":[{"href":"https:\/\/alvaralice.org\/en\/wp-json\/wp\/v2\/types\/post"}],"author":[{"embeddable":true,"href":"https:\/\/alvaralice.org\/en\/wp-json\/wp\/v2\/users\/1"}],"replies":[{"embeddable":true,"href":"https:\/\/alvaralice.org\/en\/wp-json\/wp\/v2\/comments?post=3847"}],"version-history":[{"count":2,"href":"https:\/\/alvaralice.org\/en\/wp-json\/wp\/v2\/posts\/3847\/revisions"}],"predecessor-version":[{"id":3850,"href":"https:\/\/alvaralice.org\/en\/wp-json\/wp\/v2\/posts\/3847\/revisions\/3850"}],"wp:featuredmedia":[{"embeddable":true,"href":"https:\/\/alvaralice.org\/en\/wp-json\/wp\/v2\/media\/3849"}],"wp:attachment":[{"href":"https:\/\/alvaralice.org\/en\/wp-json\/wp\/v2\/media?parent=3847"}],"wp:term":[{"taxonomy":"category","embeddable":true,"href":"https:\/\/alvaralice.org\/en\/wp-json\/wp\/v2\/categories?post=3847"},{"taxonomy":"post_tag","embeddable":true,"href":"https:\/\/alvaralice.org\/en\/wp-json\/wp\/v2\/tags?post=3847"}],"curies":[{"name":"wp","href":"https:\/\/api.w.org\/{rel}","templated":true}]}}