{"id":511,"date":"2016-09-23T15:20:30","date_gmt":"2016-09-23T15:20:30","guid":{"rendered":"http:\/\/www.mindsas.com\/alvaralice-wp\/?p=511"},"modified":"2016-09-26T22:29:10","modified_gmt":"2016-09-26T22:29:10","slug":"president-alvaralice-foundation-awarded-amazing-work-calis-social-development","status":"publish","type":"post","link":"https:\/\/alvaralice.org\/en\/news\/president-alvaralice-foundation-awarded-amazing-work-calis-social-development\/","title":{"rendered":"The President of the Alvaralice Foundation was awarded for her amazing work on Cali\u00b4s social development."},"content":{"rendered":"<p>[vc_row][vc_column][vc_column_text]On June 9, 2016 , Maria Eugenia Garc\u00e9s Echavarria, the president of the Alvaralice Foundation, was awarded by the Society of Public Improvements with the Medal of Merit for her work on social development of Cali and the region. Her work benefits and strengthens communities with limited resources. Other receipients of the medal were: Maria Isabel Gutierrez Martinez, the Cisalva Director; Sixta Paz de Aljure , Director of the Department of the Society of Public Improvements; Emilio Aljure Nasser , former rector of the National University and Valle University; the artist Oscar Mu\u00f1oz and Fanalca Foundation. At the same event, the former Mayor of Cali, Rodrigo Guerrero Velazco , received the Civic Medal.[\/vc_column_text][\/vc_column][\/vc_row]<\/p>\n","protected":false},"excerpt":{"rendered":"<p>[vc_row][vc_column][vc_column_text]On June 9, 2016 , Maria Eugenia Garc\u00e9s Echavarria, the president of the Alvaralice Foundation, was awarded by the Society of Public Improvements with the Medal of Merit for her work on social development of Cali and the region. Her work benefits and strengthens communities with limited resources. Other receipients of the medal were: Maria [&hellip;]<\/p>\n","protected":false},"author":1,"featured_media":1072,"comment_status":"open","ping_status":"open","sticky":false,"template":"","format":"standard","meta":{"footnotes":""},"categories":[3],"tags":[],"class_list":["post-511","post","type-post","status-publish","format-standard","has-post-thumbnail","hentry","category-news"],"acf":[],"yoast_head":"<!-- This site is optimized with the Yoast SEO Premium plugin v20.8 (Yoast SEO v20.8) - https:\/\/yoast.com\/wordpress\/plugins\/seo\/ -->\n<title>The President of the Alvaralice Foundation was awarded for her amazing work on Cali\u00b4s social development. - Foundation Alvaralice<\/title>\n<meta name=\"robots\" content=\"index, follow, max-snippet:-1, max-image-preview:large, max-video-preview:-1\" \/>\n<link rel=\"canonical\" href=\"https:\/\/alvaralice.org\/en\/news\/president-alvaralice-foundation-awarded-amazing-work-calis-social-development\/\" \/>\n<meta property=\"og:locale\" content=\"en_US\" \/>\n<meta property=\"og:type\" content=\"article\" \/>\n<meta property=\"og:title\" content=\"The President of the Alvaralice Foundation was awarded for her amazing work on Cali\u00b4s social development.\" \/>\n<meta property=\"og:description\" content=\"[vc_row][vc_column][vc_column_text]On June 9, 2016 , Maria Eugenia Garc\u00e9s Echavarria, the president of the Alvaralice Foundation, was awarded by the Society of Public Improvements with the Medal of Merit for her work on social development of Cali and the region. Her work benefits and strengthens communities with limited resources. Other receipients of the medal were: Maria [&hellip;]\" \/>\n<meta property=\"og:url\" content=\"https:\/\/alvaralice.org\/en\/news\/president-alvaralice-foundation-awarded-amazing-work-calis-social-development\/\" \/>\n<meta property=\"og:site_name\" content=\"Foundation Alvaralice\" \/>\n<meta property=\"article:published_time\" content=\"2016-09-23T15:20:30+00:00\" \/>\n<meta property=\"article:modified_time\" content=\"2016-09-26T22:29:10+00:00\" \/>\n<meta property=\"og:image\" content=\"https:\/\/alvaralice.org\/wp-content\/uploads\/sites\/2\/2016\/07\/noticia-1.jpg\" \/>\n\t<meta property=\"og:image:width\" content=\"500\" \/>\n\t<meta property=\"og:image:height\" content=\"500\" \/>\n\t<meta property=\"og:image:type\" content=\"image\/jpeg\" \/>\n<meta name=\"author\" content=\"webmaster\" \/>\n<meta name=\"twitter:card\" content=\"summary_large_image\" \/>\n<meta name=\"twitter:label1\" content=\"Written by\" \/>\n\t<meta name=\"twitter:data1\" content=\"webmaster\" \/>\n\t<meta name=\"twitter:label2\" content=\"Est. reading time\" \/>\n\t<meta name=\"twitter:data2\" content=\"1 minute\" \/>\n<script type=\"application\/ld+json\" class=\"yoast-schema-graph\">{\"@context\":\"https:\/\/schema.org\",\"@graph\":[{\"@type\":\"WebPage\",\"@id\":\"https:\/\/alvaralice.org\/en\/news\/president-alvaralice-foundation-awarded-amazing-work-calis-social-development\/\",\"url\":\"https:\/\/alvaralice.org\/en\/news\/president-alvaralice-foundation-awarded-amazing-work-calis-social-development\/\",\"name\":\"The President of the Alvaralice Foundation was awarded for her amazing work on Cali\u00b4s social development. - Foundation Alvaralice\",\"isPartOf\":{\"@id\":\"https:\/\/alvaralice.org\/en\/#website\"},\"datePublished\":\"2016-09-23T15:20:30+00:00\",\"dateModified\":\"2016-09-26T22:29:10+00:00\",\"author\":{\"@id\":\"https:\/\/alvaralice.org\/en\/#\/schema\/person\/5cf4244819020231d315646bab5cb909\"},\"breadcrumb\":{\"@id\":\"https:\/\/alvaralice.org\/en\/news\/president-alvaralice-foundation-awarded-amazing-work-calis-social-development\/#breadcrumb\"},\"inLanguage\":\"en-US\",\"potentialAction\":[{\"@type\":\"ReadAction\",\"target\":[\"https:\/\/alvaralice.org\/en\/news\/president-alvaralice-foundation-awarded-amazing-work-calis-social-development\/\"]}]},{\"@type\":\"BreadcrumbList\",\"@id\":\"https:\/\/alvaralice.org\/en\/news\/president-alvaralice-foundation-awarded-amazing-work-calis-social-development\/#breadcrumb\",\"itemListElement\":[{\"@type\":\"ListItem\",\"position\":1,\"name\":\"Home\",\"item\":\"https:\/\/alvaralice.org\/en\/\"},{\"@type\":\"ListItem\",\"position\":2,\"name\":\"The President of the Alvaralice Foundation was awarded for her amazing work on Cali\u00b4s social development.\"}]},{\"@type\":\"WebSite\",\"@id\":\"https:\/\/alvaralice.org\/en\/#website\",\"url\":\"https:\/\/alvaralice.org\/en\/\",\"name\":\"Foundation Alvaralice\",\"description\":\"La Fundaci\u00f3n Alvaralice es una entidad de car\u00e1cter privado, sin \u00e1nimo de lucro, creada en el 2003 en Cali\",\"potentialAction\":[{\"@type\":\"SearchAction\",\"target\":{\"@type\":\"EntryPoint\",\"urlTemplate\":\"https:\/\/alvaralice.org\/en\/?s={search_term_string}\"},\"query-input\":\"required name=search_term_string\"}],\"inLanguage\":\"en-US\"},{\"@type\":\"Person\",\"@id\":\"https:\/\/alvaralice.org\/en\/#\/schema\/person\/5cf4244819020231d315646bab5cb909\",\"name\":\"webmaster\",\"image\":{\"@type\":\"ImageObject\",\"inLanguage\":\"en-US\",\"@id\":\"https:\/\/alvaralice.org\/en\/#\/schema\/person\/image\/\",\"url\":\"https:\/\/secure.gravatar.com\/avatar\/715e4b0d466276944458f831874125d0?s=96&d=mm&r=g\",\"contentUrl\":\"https:\/\/secure.gravatar.com\/avatar\/715e4b0d466276944458f831874125d0?s=96&d=mm&r=g\",\"caption\":\"webmaster\"},\"url\":\"https:\/\/alvaralice.org\/en\/author\/webmaster\/\"}]}<\/script>\n<!-- \/ Yoast SEO Premium plugin. -->","yoast_head_json":{"title":"The President of the Alvaralice Foundation was awarded for her amazing work on Cali\u00b4s social development. - Foundation Alvaralice","robots":{"index":"index","follow":"follow","max-snippet":"max-snippet:-1","max-image-preview":"max-image-preview:large","max-video-preview":"max-video-preview:-1"},"canonical":"https:\/\/alvaralice.org\/en\/news\/president-alvaralice-foundation-awarded-amazing-work-calis-social-development\/","og_locale":"en_US","og_type":"article","og_title":"The President of the Alvaralice Foundation was awarded for her amazing work on Cali\u00b4s social development.","og_description":"[vc_row][vc_column][vc_column_text]On June 9, 2016 , Maria Eugenia Garc\u00e9s Echavarria, the president of the Alvaralice Foundation, was awarded by the Society of Public Improvements with the Medal of Merit for her work on social development of Cali and the region. Her work benefits and strengthens communities with limited resources. Other receipients of the medal were: Maria [&hellip;]","og_url":"https:\/\/alvaralice.org\/en\/news\/president-alvaralice-foundation-awarded-amazing-work-calis-social-development\/","og_site_name":"Foundation Alvaralice","article_published_time":"2016-09-23T15:20:30+00:00","article_modified_time":"2016-09-26T22:29:10+00:00","og_image":[{"width":500,"height":500,"url":"https:\/\/alvaralice.org\/wp-content\/uploads\/sites\/2\/2016\/07\/noticia-1.jpg","type":"image\/jpeg"}],"author":"webmaster","twitter_card":"summary_large_image","twitter_misc":{"Written by":"webmaster","Est. reading time":"1 minute"},"schema":{"@context":"https:\/\/schema.org","@graph":[{"@type":"WebPage","@id":"https:\/\/alvaralice.org\/en\/news\/president-alvaralice-foundation-awarded-amazing-work-calis-social-development\/","url":"https:\/\/alvaralice.org\/en\/news\/president-alvaralice-foundation-awarded-amazing-work-calis-social-development\/","name":"The President of the Alvaralice Foundation was awarded for her amazing work on Cali\u00b4s social development. - Foundation Alvaralice","isPartOf":{"@id":"https:\/\/alvaralice.org\/en\/#website"},"datePublished":"2016-09-23T15:20:30+00:00","dateModified":"2016-09-26T22:29:10+00:00","author":{"@id":"https:\/\/alvaralice.org\/en\/#\/schema\/person\/5cf4244819020231d315646bab5cb909"},"breadcrumb":{"@id":"https:\/\/alvaralice.org\/en\/news\/president-alvaralice-foundation-awarded-amazing-work-calis-social-development\/#breadcrumb"},"inLanguage":"en-US","potentialAction":[{"@type":"ReadAction","target":["https:\/\/alvaralice.org\/en\/news\/president-alvaralice-foundation-awarded-amazing-work-calis-social-development\/"]}]},{"@type":"BreadcrumbList","@id":"https:\/\/alvaralice.org\/en\/news\/president-alvaralice-foundation-awarded-amazing-work-calis-social-development\/#breadcrumb","itemListElement":[{"@type":"ListItem","position":1,"name":"Home","item":"https:\/\/alvaralice.org\/en\/"},{"@type":"ListItem","position":2,"name":"The President of the Alvaralice Foundation was awarded for her amazing work on Cali\u00b4s social development."}]},{"@type":"WebSite","@id":"https:\/\/alvaralice.org\/en\/#website","url":"https:\/\/alvaralice.org\/en\/","name":"Foundation Alvaralice","description":"La Fundaci\u00f3n Alvaralice es una entidad de car\u00e1cter privado, sin \u00e1nimo de lucro, creada en el 2003 en Cali","potentialAction":[{"@type":"SearchAction","target":{"@type":"EntryPoint","urlTemplate":"https:\/\/alvaralice.org\/en\/?s={search_term_string}"},"query-input":"required name=search_term_string"}],"inLanguage":"en-US"},{"@type":"Person","@id":"https:\/\/alvaralice.org\/en\/#\/schema\/person\/5cf4244819020231d315646bab5cb909","name":"webmaster","image":{"@type":"ImageObject","inLanguage":"en-US","@id":"https:\/\/alvaralice.org\/en\/#\/schema\/person\/image\/","url":"https:\/\/secure.gravatar.com\/avatar\/715e4b0d466276944458f831874125d0?s=96&d=mm&r=g","contentUrl":"https:\/\/secure.gravatar.com\/avatar\/715e4b0d466276944458f831874125d0?s=96&d=mm&r=g","caption":"webmaster"},"url":"https:\/\/alvaralice.org\/en\/author\/webmaster\/"}]}},"_links":{"self":[{"href":"https:\/\/alvaralice.org\/en\/wp-json\/wp\/v2\/posts\/511","targetHints":{"allow":["GET"]}}],"collection":[{"href":"https:\/\/alvaralice.org\/en\/wp-json\/wp\/v2\/posts"}],"about":[{"href":"https:\/\/alvaralice.org\/en\/wp-json\/wp\/v2\/types\/post"}],"author":[{"embeddable":true,"href":"https:\/\/alvaralice.org\/en\/wp-json\/wp\/v2\/users\/1"}],"replies":[{"embeddable":true,"href":"https:\/\/alvaralice.org\/en\/wp-json\/wp\/v2\/comments?post=511"}],"version-history":[{"count":4,"href":"https:\/\/alvaralice.org\/en\/wp-json\/wp\/v2\/posts\/511\/revisions"}],"predecessor-version":[{"id":1418,"href":"https:\/\/alvaralice.org\/en\/wp-json\/wp\/v2\/posts\/511\/revisions\/1418"}],"wp:featuredmedia":[{"embeddable":true,"href":"https:\/\/alvaralice.org\/en\/wp-json\/wp\/v2\/media\/1072"}],"wp:attachment":[{"href":"https:\/\/alvaralice.org\/en\/wp-json\/wp\/v2\/media?parent=511"}],"wp:term":[{"taxonomy":"category","embeddable":true,"href":"https:\/\/alvaralice.org\/en\/wp-json\/wp\/v2\/categories?post=511"},{"taxonomy":"post_tag","embeddable":true,"href":"https:\/\/alvaralice.org\/en\/wp-json\/wp\/v2\/tags?post=511"}],"curies":[{"name":"wp","href":"https:\/\/api.w.org\/{rel}","templated":true}]}}